{"id":5123,"date":"2012-08-08T21:16:59","date_gmt":"2012-08-08T20:16:59","guid":{"rendered":"http:\/\/martinemrichard.fr\/blog\/?p=5123"},"modified":"2012-08-08T21:16:59","modified_gmt":"2012-08-08T20:16:59","slug":"au-bord-de-leau","status":"publish","type":"post","link":"https:\/\/martinemrichard.fr\/blog\/?p=5123","title":{"rendered":"Au bord de l&rsquo;eau&#8230;"},"content":{"rendered":"<p>Pour la communaut\u00e9 \u00ab\u00a0entre ombre et lumi\u00e8re\u00a0\u00bb\u00a0 <a href=\"http:\/\/www.over-blog.com\/com-1193061977\/Entre_ombre_et_lumiere.html\"><span style=\"color: #0000ff;\"><strong>ICI<\/strong><\/span><\/a>\u00a0 de Hauteclaire,\u00a0 le th\u00e8me de ce mardi est \u00ab\u00a0fl\u00e2ner au bord de l&rsquo;eau, rives, berges\u00a0\u00bb<\/p>\n<p>L\u00e0, j&rsquo;ai tant de photos que le choix est difficile. Les rives du Canal du Midi, ceux de l&rsquo;Aude et autres rivi\u00e8res .. Finalement dans ce vaste th\u00e8me je retiens mon pr\u00e9f\u00e9r\u00e9: celui des rives et\u00a0 berges sal\u00e9es.<\/p>\n<p style=\"text-align: justify;\">Commen\u00e7ons par la balade au petit jour\u00a0 <a href=\"https:\/\/martinemrichard.fr\/blog\/wp-content\/uploads\/2012\/08\/au-bord-du-bassin2.jpg\"><img loading=\"lazy\" decoding=\"async\" class=\"alignright size-medium wp-image-5131\" title=\"au bord du bassin\" src=\"https:\/\/martinemrichard.fr\/blog\/wp-content\/uploads\/2012\/08\/au-bord-du-bassin2-300x225.jpg\" alt=\"\" width=\"300\" height=\"225\" srcset=\"https:\/\/martinemrichard.fr\/blog\/wp-content\/uploads\/2012\/08\/au-bord-du-bassin2-300x225.jpg 300w, https:\/\/martinemrichard.fr\/blog\/wp-content\/uploads\/2012\/08\/au-bord-du-bassin2-1024x768.jpg 1024w, https:\/\/martinemrichard.fr\/blog\/wp-content\/uploads\/2012\/08\/au-bord-du-bassin2.jpg 1586w\" sizes=\"auto, (max-width: 300px) 100vw, 300px\" \/><\/a>au bord du Bassin d&rsquo;Arcachon. Moments ineffables et intenses.<\/p>\n<p style=\"text-align: justify;\">.<\/p>\n<p>\u00a0Sirop grenadine<\/p>\n<p>Ou orange press\u00e9e<\/p>\n<p>Jusant matinal<\/p>\n<p>.<\/p>\n<p>Plusieurs billets ont \u00e9t\u00e9 consacr\u00e9s \u00e0 ces instants extraordinaires. L&rsquo;aurore aux doigts de soie composant et recomposant chaque jour , inlassablement, des tableaux hors du commun.<\/p>\n<p>Imperceptiblement\u00a0<a href=\"https:\/\/martinemrichard.fr\/blog\/wp-content\/uploads\/2012\/08\/a-maree-basse1.jpg\"><img loading=\"lazy\" decoding=\"async\" class=\"alignright size-thumbnail wp-image-5135\" title=\"a maree basse\" src=\"https:\/\/martinemrichard.fr\/blog\/wp-content\/uploads\/2012\/08\/a-maree-basse1-150x150.jpg\" alt=\"\" width=\"150\" height=\"150\" \/><\/a> , la lumi\u00e8re s&rsquo;enhardit, d\u00e9couvre &#8230;<\/p>\n<p>.<\/p>\n<p>Au soleil liquide-<\/p>\n<p>Jeu de billes abandonn\u00e9<\/p>\n<p>par les vers de sable<\/p>\n<p>.<\/p>\n<p>En fin de matin\u00e9e, nous d\u00e9cidons de saluer l&rsquo;oc\u00e9an. En chemin, petite halte photographique o\u00f9 le rivage est surtout fr\u00e9quent\u00e9 par les oiseaux qu\u00e9mandeurs&#8230; <a href=\"https:\/\/martinemrichard.fr\/blog\/wp-content\/uploads\/2012\/08\/canards-et-mouettes.jpg\"><img loading=\"lazy\" decoding=\"async\" class=\"alignright size-medium wp-image-5150\" title=\"canards et mouettes\" src=\"https:\/\/martinemrichard.fr\/blog\/wp-content\/uploads\/2012\/08\/canards-et-mouettes-300x264.jpg\" alt=\"\" width=\"300\" height=\"264\" srcset=\"https:\/\/martinemrichard.fr\/blog\/wp-content\/uploads\/2012\/08\/canards-et-mouettes-300x264.jpg 300w, https:\/\/martinemrichard.fr\/blog\/wp-content\/uploads\/2012\/08\/canards-et-mouettes-1024x902.jpg 1024w, https:\/\/martinemrichard.fr\/blog\/wp-content\/uploads\/2012\/08\/canards-et-mouettes.jpg 1673w\" sizes=\"auto, (max-width: 300px) 100vw, 300px\" \/><\/a><\/p>\n<p>.<\/p>\n<p>Miroir eau dormante-<\/p>\n<p>Mouettes et canards fl\u00e2nochent<\/p>\n<p>en gobant les mouches.<\/p>\n<p>Un quidam jette du pain<\/p>\n<p>Tourbillon plumes et cris<\/p>\n<p>.<\/p>\n<p>Nous poursuivons notre chemin vers l&rsquo;immensit\u00e9 grondante ou murmurante. For\u00eats de pins, puis la dune et enfin&#8230;<a href=\"https:\/\/martinemrichard.fr\/blog\/wp-content\/uploads\/2012\/08\/miroir-iode.jpg\"><img loading=\"lazy\" decoding=\"async\" class=\"alignright size-medium wp-image-5153\" title=\"miroir iode\" src=\"https:\/\/martinemrichard.fr\/blog\/wp-content\/uploads\/2012\/08\/miroir-iode-300x225.jpg\" alt=\"\" width=\"300\" height=\"225\" srcset=\"https:\/\/martinemrichard.fr\/blog\/wp-content\/uploads\/2012\/08\/miroir-iode-300x225.jpg 300w, https:\/\/martinemrichard.fr\/blog\/wp-content\/uploads\/2012\/08\/miroir-iode-1024x768.jpg 1024w, https:\/\/martinemrichard.fr\/blog\/wp-content\/uploads\/2012\/08\/miroir-iode.jpg 1586w\" sizes=\"auto, (max-width: 300px) 100vw, 300px\" \/><\/a><\/p>\n<p>.<\/p>\n<p>Si l\u00e9ger le bleu-<\/p>\n<p>Du ciel ou de l&rsquo;oc\u00e9an?<\/p>\n<p>L&rsquo;horizon s&rsquo;y perd<\/p>\n<p>.<\/p>\n<p>Fouler ce sable,miel si doux, si chaud , puis courir\u00a0 vers les flots , patauger, s&rsquo;\u00e9clabousser comme des m\u00f4mes. S&rsquo;abandonner, flocon d&rsquo;\u00e9cume sur l&rsquo;esprit\u00a0 des vagues.Fl\u00e2nerie bienfaisante oublieuse de la montre. Mais il faut bien rentrer&#8230;<\/p>\n<p>. <a href=\"https:\/\/martinemrichard.fr\/blog\/wp-content\/uploads\/2012\/08\/rivage-au-couchant1.jpg\"><img loading=\"lazy\" decoding=\"async\" class=\"alignright size-medium wp-image-5159\" title=\"rivage au couchant\" src=\"https:\/\/martinemrichard.fr\/blog\/wp-content\/uploads\/2012\/08\/rivage-au-couchant1-300x225.jpg\" alt=\"\" width=\"300\" height=\"225\" srcset=\"https:\/\/martinemrichard.fr\/blog\/wp-content\/uploads\/2012\/08\/rivage-au-couchant1-300x225.jpg 300w, https:\/\/martinemrichard.fr\/blog\/wp-content\/uploads\/2012\/08\/rivage-au-couchant1-1024x768.jpg 1024w, https:\/\/martinemrichard.fr\/blog\/wp-content\/uploads\/2012\/08\/rivage-au-couchant1.jpg 1586w\" sizes=\"auto, (max-width: 300px) 100vw, 300px\" \/><\/a><\/p>\n<p>L&rsquo;\u00e9cume du jour<\/p>\n<p>Se m\u00eale \u00e0 celle des flots<\/p>\n<p>Une mouette p\u00eache<\/p>\n<p>.<\/p>\n<p>MMR ( tous droits r\u00e9serv\u00e9s)<\/p>\n<p>&nbsp;<\/p>\n<p>&nbsp;<\/p>\n","protected":false},"excerpt":{"rendered":"<p>Pour la communaut\u00e9 \u00ab\u00a0entre ombre et lumi\u00e8re\u00a0\u00bb\u00a0 ICI\u00a0 de Hauteclaire,\u00a0 le th\u00e8me de ce mardi est \u00ab\u00a0fl\u00e2ner au bord de l&rsquo;eau, rives, berges\u00a0\u00bb L\u00e0, j&rsquo;ai tant de photos que le choix est difficile. Les rives du Canal du Midi, ceux de l&rsquo;Aude et autres rivi\u00e8res .. Finalement dans ce vaste th\u00e8me je retiens mon pr\u00e9f\u00e9r\u00e9: [&hellip;]<\/p>\n","protected":false},"author":1,"featured_media":0,"comment_status":"open","ping_status":"open","sticky":false,"template":"","format":"standard","meta":{"footnotes":""},"categories":[84],"tags":[135,543,85,37,206,102,542,187,65],"class_list":["post-5123","post","type-post","status-publish","format-standard","hentry","category-entre-ombre-et-lumiere","tag-bassin-darcachon","tag-grenadine","tag-haibun","tag-haikus","tag-lever-de-soleil","tag-ocean","tag-orange","tag-reflets","tag-vagues"],"_links":{"self":[{"href":"https:\/\/martinemrichard.fr\/blog\/index.php?rest_route=\/wp\/v2\/posts\/5123","targetHints":{"allow":["GET"]}}],"collection":[{"href":"https:\/\/martinemrichard.fr\/blog\/index.php?rest_route=\/wp\/v2\/posts"}],"about":[{"href":"https:\/\/martinemrichard.fr\/blog\/index.php?rest_route=\/wp\/v2\/types\/post"}],"author":[{"embeddable":true,"href":"https:\/\/martinemrichard.fr\/blog\/index.php?rest_route=\/wp\/v2\/users\/1"}],"replies":[{"embeddable":true,"href":"https:\/\/martinemrichard.fr\/blog\/index.php?rest_route=%2Fwp%2Fv2%2Fcomments&post=5123"}],"version-history":[{"count":32,"href":"https:\/\/martinemrichard.fr\/blog\/index.php?rest_route=\/wp\/v2\/posts\/5123\/revisions"}],"predecessor-version":[{"id":5166,"href":"https:\/\/martinemrichard.fr\/blog\/index.php?rest_route=\/wp\/v2\/posts\/5123\/revisions\/5166"}],"wp:attachment":[{"href":"https:\/\/martinemrichard.fr\/blog\/index.php?rest_route=%2Fwp%2Fv2%2Fmedia&parent=5123"}],"wp:term":[{"taxonomy":"category","embeddable":true,"href":"https:\/\/martinemrichard.fr\/blog\/index.php?rest_route=%2Fwp%2Fv2%2Fcategories&post=5123"},{"taxonomy":"post_tag","embeddable":true,"href":"https:\/\/martinemrichard.fr\/blog\/index.php?rest_route=%2Fwp%2Fv2%2Ftags&post=5123"}],"curies":[{"name":"wp","href":"https:\/\/api.w.org\/{rel}","templated":true}]}}