{"id":5177,"date":"2012-08-12T04:22:36","date_gmt":"2012-08-12T03:22:36","guid":{"rendered":"http:\/\/martinemrichard.fr\/blog\/?p=5177"},"modified":"2012-08-12T04:22:36","modified_gmt":"2012-08-12T03:22:36","slug":"la-cathedrale-dalbi-premiere-partie","status":"publish","type":"post","link":"https:\/\/martinemrichard.fr\/blog\/?p=5177","title":{"rendered":"La cath\u00e9drale d&rsquo;Albi (premi\u00e8re partie)"},"content":{"rendered":"<p>Septembre 2011: une belle journ\u00e9e douce, chaude, lumineuse , qui nous incita \u00e0 visiter la cath\u00e9drale Sainte C\u00e9cile \u00e0 Albi.<\/p>\n<p><a href=\"https:\/\/martinemrichard.fr\/blog\/wp-content\/uploads\/2012\/08\/cathedrale-albi-1.jpg\"><img loading=\"lazy\" decoding=\"async\" class=\"alignleft size-medium wp-image-5178\" title=\"cathedrale albi 1\" src=\"https:\/\/martinemrichard.fr\/blog\/wp-content\/uploads\/2012\/08\/cathedrale-albi-1-225x300.jpg\" alt=\"\" width=\"225\" height=\"300\" srcset=\"https:\/\/martinemrichard.fr\/blog\/wp-content\/uploads\/2012\/08\/cathedrale-albi-1-225x300.jpg 225w, https:\/\/martinemrichard.fr\/blog\/wp-content\/uploads\/2012\/08\/cathedrale-albi-1-768x1024.jpg 768w, https:\/\/martinemrichard.fr\/blog\/wp-content\/uploads\/2012\/08\/cathedrale-albi-1.jpg 1190w\" sizes=\"auto, (max-width: 225px) 100vw, 225px\" \/><\/a><a href=\"https:\/\/martinemrichard.fr\/blog\/wp-content\/uploads\/2012\/08\/cathedrale-ste-cecile.jpg\"><img loading=\"lazy\" decoding=\"async\" class=\"alignright size-medium wp-image-5179\" title=\"cathedrale ste cecile\" src=\"https:\/\/martinemrichard.fr\/blog\/wp-content\/uploads\/2012\/08\/cathedrale-ste-cecile-260x300.jpg\" alt=\"\" width=\"260\" height=\"300\" srcset=\"https:\/\/martinemrichard.fr\/blog\/wp-content\/uploads\/2012\/08\/cathedrale-ste-cecile-260x300.jpg 260w, https:\/\/martinemrichard.fr\/blog\/wp-content\/uploads\/2012\/08\/cathedrale-ste-cecile-888x1024.jpg 888w, https:\/\/martinemrichard.fr\/blog\/wp-content\/uploads\/2012\/08\/cathedrale-ste-cecile.jpg 1185w\" sizes=\"auto, (max-width: 260px) 100vw, 260px\" \/><\/a><\/p>\n<p>.<\/p>\n<p>.<\/p>\n<p style=\"text-align: justify;\">Ce joyau du Tarn est la plus grande cath\u00e9drale de briques du monde. Class\u00e9e au patrimoine mondial de l&rsquo;UNESCO le 31 juillet 2010, sa construction s&rsquo;\u00e9tale sur deux si\u00e8cles- de 1282 \u00e0 1480.<\/p>\n<p>.<\/p>\n<p>.<\/p>\n<p>.<\/p>\n<p><a href=\"https:\/\/martinemrichard.fr\/blog\/wp-content\/uploads\/2012\/08\/cathedrale-4.jpg\"><img loading=\"lazy\" decoding=\"async\" class=\"alignleft size-medium wp-image-5184\" title=\"cathedrale 4\" src=\"https:\/\/martinemrichard.fr\/blog\/wp-content\/uploads\/2012\/08\/cathedrale-4-225x300.jpg\" alt=\"\" width=\"225\" height=\"300\" srcset=\"https:\/\/martinemrichard.fr\/blog\/wp-content\/uploads\/2012\/08\/cathedrale-4-225x300.jpg 225w, https:\/\/martinemrichard.fr\/blog\/wp-content\/uploads\/2012\/08\/cathedrale-4-768x1024.jpg 768w, https:\/\/martinemrichard.fr\/blog\/wp-content\/uploads\/2012\/08\/cathedrale-4.jpg 1190w\" sizes=\"auto, (max-width: 225px) 100vw, 225px\" \/><\/a><\/p>\n<p style=\"text-align: justify;\"><a href=\"https:\/\/martinemrichard.fr\/blog\/wp-content\/uploads\/2012\/08\/cathedrale-albi-3.jpg\"><img loading=\"lazy\" decoding=\"async\" class=\"alignright size-medium wp-image-5186\" title=\"cathedrale albi 3\" src=\"https:\/\/martinemrichard.fr\/blog\/wp-content\/uploads\/2012\/08\/cathedrale-albi-3-225x300.jpg\" alt=\"\" width=\"225\" height=\"300\" srcset=\"https:\/\/martinemrichard.fr\/blog\/wp-content\/uploads\/2012\/08\/cathedrale-albi-3-225x300.jpg 225w, https:\/\/martinemrichard.fr\/blog\/wp-content\/uploads\/2012\/08\/cathedrale-albi-3-768x1024.jpg 768w, https:\/\/martinemrichard.fr\/blog\/wp-content\/uploads\/2012\/08\/cathedrale-albi-3.jpg 1190w\" sizes=\"auto, (max-width: 225px) 100vw, 225px\" \/><\/a>.<\/p>\n<p style=\"text-align: justify;\">.<\/p>\n<p style=\"text-align: justify;\">Ce b\u00e2timent m&rsquo;a fait penser \u00e0 un immense et colossal vaisseau fendant les vagues des toits. La basilique se dresse, s&rsquo;\u00e9lance vers l&rsquo;azur, dominatrice, \u00e9crasante, souveraine. incarnant la puissance de la foi chr\u00e9tienne sur l&rsquo;h\u00e9r\u00e9sie cathare. L:113m, l:35m, h:40m<\/p>\n<p style=\"text-align: justify;\">.<\/p>\n<p style=\"text-align: justify;\">.<\/p>\n<p style=\"text-align: justify;\"><a href=\"https:\/\/martinemrichard.fr\/blog\/wp-content\/uploads\/2012\/08\/cathedrale-51.jpg\"><img loading=\"lazy\" decoding=\"async\" class=\"alignleft size-medium wp-image-5201\" title=\"cathedrale 5\" src=\"https:\/\/martinemrichard.fr\/blog\/wp-content\/uploads\/2012\/08\/cathedrale-51-225x300.jpg\" alt=\"\" width=\"225\" height=\"300\" srcset=\"https:\/\/martinemrichard.fr\/blog\/wp-content\/uploads\/2012\/08\/cathedrale-51-225x300.jpg 225w, https:\/\/martinemrichard.fr\/blog\/wp-content\/uploads\/2012\/08\/cathedrale-51-768x1024.jpg 768w, https:\/\/martinemrichard.fr\/blog\/wp-content\/uploads\/2012\/08\/cathedrale-51.jpg 1190w\" sizes=\"auto, (max-width: 225px) 100vw, 225px\" \/><\/a><a href=\"https:\/\/martinemrichard.fr\/blog\/wp-content\/uploads\/2012\/08\/cathedrale-baldaquin-3.jpg\"><img loading=\"lazy\" decoding=\"async\" class=\"alignright size-medium wp-image-5202\" title=\"cathedrale baldaquin\" src=\"https:\/\/martinemrichard.fr\/blog\/wp-content\/uploads\/2012\/08\/cathedrale-baldaquin-3-225x300.jpg\" alt=\"\" width=\"225\" height=\"300\" srcset=\"https:\/\/martinemrichard.fr\/blog\/wp-content\/uploads\/2012\/08\/cathedrale-baldaquin-3-225x300.jpg 225w, https:\/\/martinemrichard.fr\/blog\/wp-content\/uploads\/2012\/08\/cathedrale-baldaquin-3-768x1024.jpg 768w, https:\/\/martinemrichard.fr\/blog\/wp-content\/uploads\/2012\/08\/cathedrale-baldaquin-3.jpg 1190w\" sizes=\"auto, (max-width: 225px) 100vw, 225px\" \/><\/a>.<\/p>\n<p style=\"text-align: justify;\">.<\/p>\n<p style=\"text-align: justify;\">J&rsquo;ai \u00e9t\u00e9 frapp\u00e9e par le contraste entre le corps du b\u00e2timent, massif,en briques roses, et le baldaquin de la porte d&rsquo;entr\u00e9e, v\u00e9ritable dentelle de pierre ( vers 1530).<\/p>\n<p style=\"text-align: justify;\">Le clocher fait 78m.<\/p>\n<p style=\"text-align: justify;\">.<\/p>\n<p style=\"text-align: justify;\">.<\/p>\n<p style=\"text-align: justify;\"><a href=\"https:\/\/martinemrichard.fr\/blog\/wp-content\/uploads\/2012\/08\/cathedrale_porte.jpg\"><img loading=\"lazy\" decoding=\"async\" class=\"alignleft size-medium wp-image-5213\" title=\"cathedrale_porte\" src=\"https:\/\/martinemrichard.fr\/blog\/wp-content\/uploads\/2012\/08\/cathedrale_porte-233x300.jpg\" alt=\"\" width=\"233\" height=\"300\" srcset=\"https:\/\/martinemrichard.fr\/blog\/wp-content\/uploads\/2012\/08\/cathedrale_porte-233x300.jpg 233w, https:\/\/martinemrichard.fr\/blog\/wp-content\/uploads\/2012\/08\/cathedrale_porte-798x1024.jpg 798w, https:\/\/martinemrichard.fr\/blog\/wp-content\/uploads\/2012\/08\/cathedrale_porte.jpg 1185w\" sizes=\"auto, (max-width: 233px) 100vw, 233px\" \/><\/a><a href=\"https:\/\/martinemrichard.fr\/blog\/wp-content\/uploads\/2012\/08\/cathedrale-porte-2.jpg\"><img loading=\"lazy\" decoding=\"async\" class=\"alignright size-medium wp-image-5214\" title=\"cathedrale porte 2\" src=\"https:\/\/martinemrichard.fr\/blog\/wp-content\/uploads\/2012\/08\/cathedrale-porte-2-225x300.jpg\" alt=\"\" width=\"225\" height=\"300\" srcset=\"https:\/\/martinemrichard.fr\/blog\/wp-content\/uploads\/2012\/08\/cathedrale-porte-2-225x300.jpg 225w, https:\/\/martinemrichard.fr\/blog\/wp-content\/uploads\/2012\/08\/cathedrale-porte-2-768x1024.jpg 768w, https:\/\/martinemrichard.fr\/blog\/wp-content\/uploads\/2012\/08\/cathedrale-porte-2.jpg 885w\" sizes=\"auto, (max-width: 225px) 100vw, 225px\" \/><\/a>.<\/p>\n<p style=\"text-align: justify;\">La porte Dominique de Florence ( vers 1400) . Aixois d&rsquo;origine, Dominique de Florence f\u00fbt \u00e9v\u00eaque d&rsquo;Albi ( 1379), puis \u00e9v\u00eaque de Saint Pons ( 1381), Apr\u00e8s un retour \u00e0 l&rsquo;\u00e9piscopat d&rsquo;Albi, il sera nomm\u00e9 archev\u00eaque de Toulouse ( 1410).<\/p>\n<p style=\"text-align: justify;\">Renseignements pris sur le site de la Mairie d&rsquo;Albi et sur celui de Saint-Pons-de-Thomi\u00e8res<\/p>\n<p style=\"text-align: justify;\">MMR ( tous droits r\u00e9serv\u00e9s)<\/p>\n","protected":false},"excerpt":{"rendered":"<p>Septembre 2011: une belle journ\u00e9e douce, chaude, lumineuse , qui nous incita \u00e0 visiter la cath\u00e9drale Sainte C\u00e9cile \u00e0 Albi. . . Ce joyau du Tarn est la plus grande cath\u00e9drale de briques du monde. Class\u00e9e au patrimoine mondial de l&rsquo;UNESCO le 31 juillet 2010, sa construction s&rsquo;\u00e9tale sur deux si\u00e8cles- de 1282 \u00e0 1480. [&hellip;]<\/p>\n","protected":false},"author":1,"featured_media":0,"comment_status":"open","ping_status":"open","sticky":false,"template":"","format":"standard","meta":{"footnotes":""},"categories":[389],"tags":[545,549,547,544,550,41,546,52,548],"class_list":["post-5177","post","type-post","status-publish","format-standard","hentry","category-promenades-ici-et-ailleurs","tag-albi","tag-baldaquin","tag-brique","tag-cahtedrale","tag-cathedrale-sainte-cecile","tag-clocher","tag-dominique-de-florence","tag-rose","tag-tarn"],"_links":{"self":[{"href":"https:\/\/martinemrichard.fr\/blog\/index.php?rest_route=\/wp\/v2\/posts\/5177","targetHints":{"allow":["GET"]}}],"collection":[{"href":"https:\/\/martinemrichard.fr\/blog\/index.php?rest_route=\/wp\/v2\/posts"}],"about":[{"href":"https:\/\/martinemrichard.fr\/blog\/index.php?rest_route=\/wp\/v2\/types\/post"}],"author":[{"embeddable":true,"href":"https:\/\/martinemrichard.fr\/blog\/index.php?rest_route=\/wp\/v2\/users\/1"}],"replies":[{"embeddable":true,"href":"https:\/\/martinemrichard.fr\/blog\/index.php?rest_route=%2Fwp%2Fv2%2Fcomments&post=5177"}],"version-history":[{"count":35,"href":"https:\/\/martinemrichard.fr\/blog\/index.php?rest_route=\/wp\/v2\/posts\/5177\/revisions"}],"predecessor-version":[{"id":5225,"href":"https:\/\/martinemrichard.fr\/blog\/index.php?rest_route=\/wp\/v2\/posts\/5177\/revisions\/5225"}],"wp:attachment":[{"href":"https:\/\/martinemrichard.fr\/blog\/index.php?rest_route=%2Fwp%2Fv2%2Fmedia&parent=5177"}],"wp:term":[{"taxonomy":"category","embeddable":true,"href":"https:\/\/martinemrichard.fr\/blog\/index.php?rest_route=%2Fwp%2Fv2%2Fcategories&post=5177"},{"taxonomy":"post_tag","embeddable":true,"href":"https:\/\/martinemrichard.fr\/blog\/index.php?rest_route=%2Fwp%2Fv2%2Ftags&post=5177"}],"curies":[{"name":"wp","href":"https:\/\/api.w.org\/{rel}","templated":true}]}}