{"id":5299,"date":"2012-08-18T07:16:49","date_gmt":"2012-08-18T06:16:49","guid":{"rendered":"http:\/\/martinemrichard.fr\/blog\/?p=5299"},"modified":"2012-08-18T07:16:49","modified_gmt":"2012-08-18T06:16:49","slug":"la-cathedrale-dalbi-troisieme-partie","status":"publish","type":"post","link":"https:\/\/martinemrichard.fr\/blog\/?p=5299","title":{"rendered":"La cath\u00e9drale d&rsquo;Albi ( troisi\u00e8me partie)"},"content":{"rendered":"<p>Tout est d\u00e9mesure dans cette cath\u00e9drale. A l&rsquo;ext\u00e9rieur ( premi\u00e8re partie), puis \u00e0 l&rsquo;int\u00e9rieur: l&rsquo;orgue, les peintures ( seconde partie), nous p\u00e9n\u00e9trons maintenant dans le Jub\u00e9.<\/p>\n<p><span style=\"color: #3366ff;\"><strong>Cliquez sur les photos pour agrandir, merci.<\/strong><\/span><\/p>\n<p><a href=\"https:\/\/martinemrichard.fr\/blog\/wp-content\/uploads\/2012\/08\/coeur-1.jpg\"><img loading=\"lazy\" decoding=\"async\" class=\"alignleft size-medium wp-image-5301\" title=\"coeur 1\" src=\"https:\/\/martinemrichard.fr\/blog\/wp-content\/uploads\/2012\/08\/coeur-1-225x300.jpg\" alt=\"\" width=\"225\" height=\"300\" srcset=\"https:\/\/martinemrichard.fr\/blog\/wp-content\/uploads\/2012\/08\/coeur-1-225x300.jpg 225w, https:\/\/martinemrichard.fr\/blog\/wp-content\/uploads\/2012\/08\/coeur-1-768x1024.jpg 768w, https:\/\/martinemrichard.fr\/blog\/wp-content\/uploads\/2012\/08\/coeur-1.jpg 1190w\" sizes=\"auto, (max-width: 225px) 100vw, 225px\" \/><\/a><a href=\"https:\/\/martinemrichard.fr\/blog\/wp-content\/uploads\/2012\/08\/coeur-21.jpg\"><img loading=\"lazy\" decoding=\"async\" class=\"alignright size-medium wp-image-5302\" title=\"coeur 2\" src=\"https:\/\/martinemrichard.fr\/blog\/wp-content\/uploads\/2012\/08\/coeur-21-225x300.jpg\" alt=\"\" width=\"225\" height=\"300\" srcset=\"https:\/\/martinemrichard.fr\/blog\/wp-content\/uploads\/2012\/08\/coeur-21-225x300.jpg 225w, https:\/\/martinemrichard.fr\/blog\/wp-content\/uploads\/2012\/08\/coeur-21-768x1024.jpg 768w, https:\/\/martinemrichard.fr\/blog\/wp-content\/uploads\/2012\/08\/coeur-21.jpg 1190w\" sizes=\"auto, (max-width: 225px) 100vw, 225px\" \/><\/a><\/p>\n<p>Le JUB\u00c9!<\/p>\n<p style=\"text-align: justify;\">Sainte C\u00e9cile est la seule cath\u00e9drale de France \u00e0 conserver int\u00e9gralement son c\u0153ur. Les autres ont perdu le leur pour des raisons diverses.<\/p>\n<p style=\"text-align: justify;\">\u00a0C&rsquo;est un ensemble\u00a0 extraordinaire d&rsquo;arcs qui se croisent, s&rsquo;entrecroisent avec \u00e9l\u00e9gance et finesse.<\/p>\n<p style=\"text-align: justify;\">Les verticales voient leur \u00e9lan vers le ciel bris\u00e9 par l&rsquo;horizontale de la cl\u00f4ture du ch\u0153ur.<\/p>\n<p style=\"text-align: justify;\">.<\/p>\n<p style=\"text-align: justify;\"><a href=\"https:\/\/martinemrichard.fr\/blog\/wp-content\/uploads\/2012\/08\/coeur-3.jpg\"><img loading=\"lazy\" decoding=\"async\" class=\"alignleft size-medium wp-image-5307\" title=\"coeur 3\" src=\"https:\/\/martinemrichard.fr\/blog\/wp-content\/uploads\/2012\/08\/coeur-3-225x300.jpg\" alt=\"\" width=\"225\" height=\"300\" srcset=\"https:\/\/martinemrichard.fr\/blog\/wp-content\/uploads\/2012\/08\/coeur-3-225x300.jpg 225w, https:\/\/martinemrichard.fr\/blog\/wp-content\/uploads\/2012\/08\/coeur-3-768x1024.jpg 768w, https:\/\/martinemrichard.fr\/blog\/wp-content\/uploads\/2012\/08\/coeur-3.jpg 1190w\" sizes=\"auto, (max-width: 225px) 100vw, 225px\" \/><\/a><a href=\"https:\/\/martinemrichard.fr\/blog\/wp-content\/uploads\/2012\/08\/coeur-4.jpg\"><img loading=\"lazy\" decoding=\"async\" class=\"alignright size-medium wp-image-5308\" title=\"coeur 4\" src=\"https:\/\/martinemrichard.fr\/blog\/wp-content\/uploads\/2012\/08\/coeur-4-225x300.jpg\" alt=\"\" width=\"225\" height=\"300\" srcset=\"https:\/\/martinemrichard.fr\/blog\/wp-content\/uploads\/2012\/08\/coeur-4-225x300.jpg 225w, https:\/\/martinemrichard.fr\/blog\/wp-content\/uploads\/2012\/08\/coeur-4-768x1024.jpg 768w, https:\/\/martinemrichard.fr\/blog\/wp-content\/uploads\/2012\/08\/coeur-4.jpg 1190w\" sizes=\"auto, (max-width: 225px) 100vw, 225px\" \/><\/a>.<\/p>\n<p style=\"text-align: justify;\">.<\/p>\n<p style=\"text-align: justify;\">Cette riche architecture englobe 150 statues. Il y en avait 280 \u00e0 l&rsquo;origine.<\/p>\n<p style=\"text-align: justify;\">A droite, d\u00e9tail grossi au dessus de la grille.<\/p>\n<p style=\"text-align: justify;\">Et partout, on ne peut s&#8217;emp\u00eacher d&rsquo;admirer la vo\u00fbte au bleu incomparable.<\/p>\n<p style=\"text-align: justify;\">.<\/p>\n<p style=\"text-align: justify;\">.<\/p>\n<p style=\"text-align: justify;\"><a href=\"https:\/\/martinemrichard.fr\/blog\/wp-content\/uploads\/2012\/08\/P1040570_v1.jpg\"><img loading=\"lazy\" decoding=\"async\" class=\"alignleft size-medium wp-image-5313\" title=\"P1040570_v1\" src=\"https:\/\/martinemrichard.fr\/blog\/wp-content\/uploads\/2012\/08\/P1040570_v1-225x300.jpg\" alt=\"\" width=\"225\" height=\"300\" srcset=\"https:\/\/martinemrichard.fr\/blog\/wp-content\/uploads\/2012\/08\/P1040570_v1-225x300.jpg 225w, https:\/\/martinemrichard.fr\/blog\/wp-content\/uploads\/2012\/08\/P1040570_v1-768x1024.jpg 768w, https:\/\/martinemrichard.fr\/blog\/wp-content\/uploads\/2012\/08\/P1040570_v1.jpg 1075w\" sizes=\"auto, (max-width: 225px) 100vw, 225px\" \/><\/a><\/p>\n<p style=\"text-align: justify;\"><a href=\"https:\/\/martinemrichard.fr\/blog\/wp-content\/uploads\/2012\/08\/IMG_4081_v1.jpg\"><img loading=\"lazy\" decoding=\"async\" class=\"alignright size-medium wp-image-5315\" title=\"IMG_4081_v1\" src=\"https:\/\/martinemrichard.fr\/blog\/wp-content\/uploads\/2012\/08\/IMG_4081_v1-300x224.jpg\" alt=\"\" width=\"300\" height=\"224\" srcset=\"https:\/\/martinemrichard.fr\/blog\/wp-content\/uploads\/2012\/08\/IMG_4081_v1-300x224.jpg 300w, https:\/\/martinemrichard.fr\/blog\/wp-content\/uploads\/2012\/08\/IMG_4081_v1-1024x767.jpg 1024w, https:\/\/martinemrichard.fr\/blog\/wp-content\/uploads\/2012\/08\/IMG_4081_v1.jpg 1659w\" sizes=\"auto, (max-width: 300px) 100vw, 300px\" \/><\/a>.<\/p>\n<p style=\"text-align: justify;\">Vue d&rsquo;ensemble et gros plan sur l&rsquo;autel.<\/p>\n<p style=\"text-align: justify;\">Virtuosit\u00e9, magistral savoir faire des artisans de cette \u00e9poque lointaine. Une ma\u00eetrise qui\u00a0 \u00e9merveille car dais, socle ou autre: aucun monolithe ( une seule pierre). Toutes se composent de plusieurs \u00e9l\u00e9ments assembl\u00e9s avec une parfaite pr\u00e9cision.<\/p>\n<p style=\"text-align: justify;\">.<\/p>\n<p style=\"text-align: justify;\"><a href=\"https:\/\/martinemrichard.fr\/blog\/wp-content\/uploads\/2012\/08\/IMG_4063_v11.jpg\"><img loading=\"lazy\" decoding=\"async\" class=\"alignleft size-medium wp-image-5323\" title=\"IMG_4063_v1\" src=\"https:\/\/martinemrichard.fr\/blog\/wp-content\/uploads\/2012\/08\/IMG_4063_v11-224x300.jpg\" alt=\"\" width=\"224\" height=\"300\" srcset=\"https:\/\/martinemrichard.fr\/blog\/wp-content\/uploads\/2012\/08\/IMG_4063_v11-224x300.jpg 224w, https:\/\/martinemrichard.fr\/blog\/wp-content\/uploads\/2012\/08\/IMG_4063_v11-767x1024.jpg 767w, https:\/\/martinemrichard.fr\/blog\/wp-content\/uploads\/2012\/08\/IMG_4063_v11.jpg 1244w\" sizes=\"auto, (max-width: 224px) 100vw, 224px\" \/><\/a><a href=\"https:\/\/martinemrichard.fr\/blog\/wp-content\/uploads\/2012\/08\/IMG_4062_v12.jpg\"><img loading=\"lazy\" decoding=\"async\" class=\"alignright size-medium wp-image-5324\" title=\"IMG_4062_v1\" src=\"https:\/\/martinemrichard.fr\/blog\/wp-content\/uploads\/2012\/08\/IMG_4062_v12-300x224.jpg\" alt=\"\" width=\"300\" height=\"224\" srcset=\"https:\/\/martinemrichard.fr\/blog\/wp-content\/uploads\/2012\/08\/IMG_4062_v12-300x224.jpg 300w, https:\/\/martinemrichard.fr\/blog\/wp-content\/uploads\/2012\/08\/IMG_4062_v12-1024x767.jpg 1024w, https:\/\/martinemrichard.fr\/blog\/wp-content\/uploads\/2012\/08\/IMG_4062_v12.jpg 1659w\" sizes=\"auto, (max-width: 300px) 100vw, 300px\" \/><\/a>.<\/p>\n<p style=\"text-align: justify;\">.<\/p>\n<p style=\"text-align: justify;\">Des saints, des anges foisonnent au dessus des stalles. Un luxe raffin\u00e9 digne des plus grands orf\u00e8vres.<\/p>\n<p style=\"text-align: justify;\">.<\/p>\n<p style=\"text-align: justify;\">Pour plus de d\u00e9tails je vous conseille de suivre ce <a href=\"http:\/\/www.cite-episcopale-albi.fr\/decouvrir\/cathedrale-sainte-cecile\/focus\/art\/le-choeur.html\"><span style=\"color: #0000ff;\"><strong>lien<\/strong><\/span><\/a><\/p>\n<p style=\"text-align: justify;\">.<\/p>\n<p style=\"text-align: justify;\"><a href=\"https:\/\/martinemrichard.fr\/blog\/wp-content\/uploads\/2012\/08\/IMG_4064_v1.jpg\"><img loading=\"lazy\" decoding=\"async\" class=\"alignleft size-medium wp-image-5330\" title=\"IMG_4064_v1\" src=\"https:\/\/martinemrichard.fr\/blog\/wp-content\/uploads\/2012\/08\/IMG_4064_v1-224x300.jpg\" alt=\"\" width=\"224\" height=\"300\" srcset=\"https:\/\/martinemrichard.fr\/blog\/wp-content\/uploads\/2012\/08\/IMG_4064_v1-224x300.jpg 224w, https:\/\/martinemrichard.fr\/blog\/wp-content\/uploads\/2012\/08\/IMG_4064_v1-767x1024.jpg 767w, https:\/\/martinemrichard.fr\/blog\/wp-content\/uploads\/2012\/08\/IMG_4064_v1.jpg 1244w\" sizes=\"auto, (max-width: 224px) 100vw, 224px\" \/><\/a><a href=\"https:\/\/martinemrichard.fr\/blog\/wp-content\/uploads\/2012\/08\/IMG_4072_v1.jpg\"><img loading=\"lazy\" decoding=\"async\" class=\"alignright size-medium wp-image-5331\" title=\"IMG_4072_v1\" src=\"https:\/\/martinemrichard.fr\/blog\/wp-content\/uploads\/2012\/08\/IMG_4072_v1-224x300.jpg\" alt=\"\" width=\"224\" height=\"300\" srcset=\"https:\/\/martinemrichard.fr\/blog\/wp-content\/uploads\/2012\/08\/IMG_4072_v1-224x300.jpg 224w, https:\/\/martinemrichard.fr\/blog\/wp-content\/uploads\/2012\/08\/IMG_4072_v1-767x1024.jpg 767w, https:\/\/martinemrichard.fr\/blog\/wp-content\/uploads\/2012\/08\/IMG_4072_v1.jpg 1244w\" sizes=\"auto, (max-width: 224px) 100vw, 224px\" \/><\/a>.<\/p>\n<p style=\"text-align: justify;\">.<\/p>\n<p style=\"text-align: justify;\">Le travail du bois se d\u00e9cline du plus simple au plus sophistiqu\u00e9. J&rsquo;ai song\u00e9 \u00e0 du macram\u00e9 en me penchant sur ce d\u00e9tail.<\/p>\n<p style=\"text-align: justify;\">.<\/p>\n<p style=\"text-align: justify;\">.<\/p>\n<p style=\"text-align: justify;\">.<\/p>\n<p style=\"text-align: justify;\">.<\/p>\n<p style=\"text-align: justify;\"><a href=\"https:\/\/martinemrichard.fr\/blog\/wp-content\/uploads\/2012\/08\/IMG_4061_v1.jpg\"><img loading=\"lazy\" decoding=\"async\" class=\"alignleft size-medium wp-image-5338\" title=\"IMG_4061_v1\" src=\"https:\/\/martinemrichard.fr\/blog\/wp-content\/uploads\/2012\/08\/IMG_4061_v1-224x300.jpg\" alt=\"\" width=\"224\" height=\"300\" srcset=\"https:\/\/martinemrichard.fr\/blog\/wp-content\/uploads\/2012\/08\/IMG_4061_v1-224x300.jpg 224w, https:\/\/martinemrichard.fr\/blog\/wp-content\/uploads\/2012\/08\/IMG_4061_v1-767x1024.jpg 767w, https:\/\/martinemrichard.fr\/blog\/wp-content\/uploads\/2012\/08\/IMG_4061_v1.jpg 1244w\" sizes=\"auto, (max-width: 224px) 100vw, 224px\" \/><\/a><a href=\"https:\/\/martinemrichard.fr\/blog\/wp-content\/uploads\/2012\/08\/IMG_4083_v1.jpg\"><img loading=\"lazy\" decoding=\"async\" class=\"alignright size-medium wp-image-5339\" title=\"IMG_4083_v1\" src=\"https:\/\/martinemrichard.fr\/blog\/wp-content\/uploads\/2012\/08\/IMG_4083_v1-224x300.jpg\" alt=\"\" width=\"224\" height=\"300\" srcset=\"https:\/\/martinemrichard.fr\/blog\/wp-content\/uploads\/2012\/08\/IMG_4083_v1-224x300.jpg 224w, https:\/\/martinemrichard.fr\/blog\/wp-content\/uploads\/2012\/08\/IMG_4083_v1-767x1024.jpg 767w, https:\/\/martinemrichard.fr\/blog\/wp-content\/uploads\/2012\/08\/IMG_4083_v1.jpg 1244w\" sizes=\"auto, (max-width: 224px) 100vw, 224px\" \/><\/a>.<\/p>\n<p style=\"text-align: justify;\">.<\/p>\n<p style=\"text-align: justify;\">.<\/p>\n<p style=\"text-align: justify;\">La statuaire est d&rsquo;une opulence qui laisse b\u00e9at. La polychromie d&rsquo;origine, le d\u00e9tail des traits, des chevelures et barbes, le drap\u00e9 des v\u00eatements: quel raffinement! Quel talent!<\/p>\n<p style=\"text-align: justify;\">.<\/p>\n<p style=\"text-align: justify;\">.<\/p>\n<p style=\"text-align: justify;\"><a href=\"https:\/\/martinemrichard.fr\/blog\/wp-content\/uploads\/2012\/08\/IMG_4079_v1.jpg\"><img loading=\"lazy\" decoding=\"async\" class=\"alignleft size-medium wp-image-5346\" title=\"IMG_4079_v1\" src=\"https:\/\/martinemrichard.fr\/blog\/wp-content\/uploads\/2012\/08\/IMG_4079_v1-224x300.jpg\" alt=\"\" width=\"224\" height=\"300\" srcset=\"https:\/\/martinemrichard.fr\/blog\/wp-content\/uploads\/2012\/08\/IMG_4079_v1-224x300.jpg 224w, https:\/\/martinemrichard.fr\/blog\/wp-content\/uploads\/2012\/08\/IMG_4079_v1-767x1024.jpg 767w, https:\/\/martinemrichard.fr\/blog\/wp-content\/uploads\/2012\/08\/IMG_4079_v1.jpg 1244w\" sizes=\"auto, (max-width: 224px) 100vw, 224px\" \/><\/a><a href=\"https:\/\/martinemrichard.fr\/blog\/wp-content\/uploads\/2012\/08\/IMG_4096_v1.jpg\"><img loading=\"lazy\" decoding=\"async\" class=\"alignright size-medium wp-image-5347\" title=\"IMG_4096_v1\" src=\"https:\/\/martinemrichard.fr\/blog\/wp-content\/uploads\/2012\/08\/IMG_4096_v1-224x300.jpg\" alt=\"\" width=\"224\" height=\"300\" srcset=\"https:\/\/martinemrichard.fr\/blog\/wp-content\/uploads\/2012\/08\/IMG_4096_v1-224x300.jpg 224w, https:\/\/martinemrichard.fr\/blog\/wp-content\/uploads\/2012\/08\/IMG_4096_v1-767x1024.jpg 767w, https:\/\/martinemrichard.fr\/blog\/wp-content\/uploads\/2012\/08\/IMG_4096_v1.jpg 1244w\" sizes=\"auto, (max-width: 224px) 100vw, 224px\" \/><\/a><\/p>\n<p style=\"text-align: justify;\">.<\/p>\n<p style=\"text-align: justify;\">.<\/p>\n<p style=\"text-align: justify;\">Un dernier coup d\u2019\u0153il en me retournant sur ce Jub\u00e9 qui me laisse \u00e0 court de superlatifs.<\/p>\n<p style=\"text-align: justify;\">A suivre<\/p>\n<p style=\"text-align: justify;\">MMR ( tous droits r\u00e9serv\u00e9s)<\/p>\n<p style=\"text-align: justify;\">renseignements glan\u00e9s sur Patrimoine- Mairie d&rsquo;Albi:<a href=\"http:\/\/www.mairie-albi.fr\/patrimoine_mondial\/patrimoine\/patrimoine.html\"><span style=\"color: #0000ff;\"><strong> lien<\/strong> <\/span><\/a><\/p>\n","protected":false},"excerpt":{"rendered":"<p>Tout est d\u00e9mesure dans cette cath\u00e9drale. A l&rsquo;ext\u00e9rieur ( premi\u00e8re partie), puis \u00e0 l&rsquo;int\u00e9rieur: l&rsquo;orgue, les peintures ( seconde partie), nous p\u00e9n\u00e9trons maintenant dans le Jub\u00e9. Cliquez sur les photos pour agrandir, merci. Le JUB\u00c9! Sainte C\u00e9cile est la seule cath\u00e9drale de France \u00e0 conserver int\u00e9gralement son c\u0153ur. Les autres ont perdu le leur pour [&hellip;]<\/p>\n","protected":false},"author":1,"featured_media":0,"comment_status":"open","ping_status":"open","sticky":false,"template":"","format":"standard","meta":{"footnotes":""},"categories":[389],"tags":[555,556,558,557],"class_list":["post-5299","post","type-post","status-publish","format-standard","hentry","category-promenades-ici-et-ailleurs","tag-cathedrale-dalbi","tag-jube","tag-polychromie","tag-statues"],"_links":{"self":[{"href":"https:\/\/martinemrichard.fr\/blog\/index.php?rest_route=\/wp\/v2\/posts\/5299","targetHints":{"allow":["GET"]}}],"collection":[{"href":"https:\/\/martinemrichard.fr\/blog\/index.php?rest_route=\/wp\/v2\/posts"}],"about":[{"href":"https:\/\/martinemrichard.fr\/blog\/index.php?rest_route=\/wp\/v2\/types\/post"}],"author":[{"embeddable":true,"href":"https:\/\/martinemrichard.fr\/blog\/index.php?rest_route=\/wp\/v2\/users\/1"}],"replies":[{"embeddable":true,"href":"https:\/\/martinemrichard.fr\/blog\/index.php?rest_route=%2Fwp%2Fv2%2Fcomments&post=5299"}],"version-history":[{"count":42,"href":"https:\/\/martinemrichard.fr\/blog\/index.php?rest_route=\/wp\/v2\/posts\/5299\/revisions"}],"predecessor-version":[{"id":5359,"href":"https:\/\/martinemrichard.fr\/blog\/index.php?rest_route=\/wp\/v2\/posts\/5299\/revisions\/5359"}],"wp:attachment":[{"href":"https:\/\/martinemrichard.fr\/blog\/index.php?rest_route=%2Fwp%2Fv2%2Fmedia&parent=5299"}],"wp:term":[{"taxonomy":"category","embeddable":true,"href":"https:\/\/martinemrichard.fr\/blog\/index.php?rest_route=%2Fwp%2Fv2%2Fcategories&post=5299"},{"taxonomy":"post_tag","embeddable":true,"href":"https:\/\/martinemrichard.fr\/blog\/index.php?rest_route=%2Fwp%2Fv2%2Ftags&post=5299"}],"curies":[{"name":"wp","href":"https:\/\/api.w.org\/{rel}","templated":true}]}}