{"id":5361,"date":"2012-08-24T08:25:17","date_gmt":"2012-08-24T07:25:17","guid":{"rendered":"http:\/\/martinemrichard.fr\/blog\/?p=5361"},"modified":"2012-08-24T08:25:56","modified_gmt":"2012-08-24T07:25:56","slug":"un-ete-en-haikus","status":"publish","type":"post","link":"https:\/\/martinemrichard.fr\/blog\/?p=5361","title":{"rendered":"Un \u00e9t\u00e9 en ha\u00efkus"},"content":{"rendered":"<p>Une parenth\u00e8se en attendant la suite de la visite \u00e0 la cath\u00e9drale d&rsquo;Albi<\/p>\n<p>Pour ce rendez-vous estival avec le coucou du ha\u00efku, <a href=\"http:\/\/www.over-blog.com\/com-1172092675\/Le_coucou_du_haiku.html\"><span style=\"color: #0000ff;\"><strong>ICI<\/strong><\/span><\/a> , d&rsquo;Alice et Mamylilou: th\u00e8me libre des vacances.<\/p>\n<p>.<a href=\"https:\/\/martinemrichard.fr\/blog\/wp-content\/uploads\/2012\/08\/P1050458_v1.jpg\"><img loading=\"lazy\" decoding=\"async\" class=\"alignright size-medium wp-image-5367\" title=\"P1050458_v1\" src=\"https:\/\/martinemrichard.fr\/blog\/wp-content\/uploads\/2012\/08\/P1050458_v1-300x225.jpg\" alt=\"\" width=\"300\" height=\"225\" srcset=\"https:\/\/martinemrichard.fr\/blog\/wp-content\/uploads\/2012\/08\/P1050458_v1-300x225.jpg 300w, https:\/\/martinemrichard.fr\/blog\/wp-content\/uploads\/2012\/08\/P1050458_v1-1024x768.jpg 1024w, https:\/\/martinemrichard.fr\/blog\/wp-content\/uploads\/2012\/08\/P1050458_v1.jpg 1433w\" sizes=\"auto, (max-width: 300px) 100vw, 300px\" \/><\/a><span style=\"color: #3366ff;\"><strong>Cliquez sur les photos pour agrandir, merci<\/strong><\/span><\/p>\n<p>.<\/p>\n<p>Quarante degr\u00e9s<\/p>\n<p>p\u00e8sent sur le petit port<\/p>\n<p>Voiles et hommes &#8230; affal\u00e9s<\/p>\n<p>.<\/p>\n<p><a href=\"https:\/\/martinemrichard.fr\/blog\/wp-content\/uploads\/2012\/08\/P1050461_v1.jpg\"><img loading=\"lazy\" decoding=\"async\" class=\"alignright size-medium wp-image-5364\" title=\"P1050461_v1\" src=\"https:\/\/martinemrichard.fr\/blog\/wp-content\/uploads\/2012\/08\/P1050461_v1-300x225.jpg\" alt=\"\" width=\"300\" height=\"225\" srcset=\"https:\/\/martinemrichard.fr\/blog\/wp-content\/uploads\/2012\/08\/P1050461_v1-300x225.jpg 300w, https:\/\/martinemrichard.fr\/blog\/wp-content\/uploads\/2012\/08\/P1050461_v1-1024x768.jpg 1024w, https:\/\/martinemrichard.fr\/blog\/wp-content\/uploads\/2012\/08\/P1050461_v1.jpg 1433w\" sizes=\"auto, (max-width: 300px) 100vw, 300px\" \/><\/a><\/p>\n<p>.<\/p>\n<p>Au miroir du port<\/p>\n<p>le vent dessine un tableau<\/p>\n<p>Poissons graffitis.<\/p>\n<p>.<\/p>\n<p>MMR ( tous droits r\u00e9serv\u00e9s)<\/p>\n<p>&nbsp;<\/p>\n","protected":false},"excerpt":{"rendered":"<p>Une parenth\u00e8se en attendant la suite de la visite \u00e0 la cath\u00e9drale d&rsquo;Albi Pour ce rendez-vous estival avec le coucou du ha\u00efku, ICI , d&rsquo;Alice et Mamylilou: th\u00e8me libre des vacances. .Cliquez sur les photos pour agrandir, merci . Quarante degr\u00e9s p\u00e8sent sur le petit port Voiles et hommes &#8230; affal\u00e9s . . Au miroir [&hellip;]<\/p>\n","protected":false},"author":1,"featured_media":0,"comment_status":"open","ping_status":"open","sticky":false,"template":"","format":"standard","meta":{"footnotes":""},"categories":[35],"tags":[160,37,559,328,187,523,103],"class_list":["post-5361","post","type-post","status-publish","format-standard","hentry","category-haikus-haibuns","tag-ete","tag-haikus","tag-poissons","tag-port","tag-reflets","tag-tableau","tag-vent"],"_links":{"self":[{"href":"https:\/\/martinemrichard.fr\/blog\/index.php?rest_route=\/wp\/v2\/posts\/5361","targetHints":{"allow":["GET"]}}],"collection":[{"href":"https:\/\/martinemrichard.fr\/blog\/index.php?rest_route=\/wp\/v2\/posts"}],"about":[{"href":"https:\/\/martinemrichard.fr\/blog\/index.php?rest_route=\/wp\/v2\/types\/post"}],"author":[{"embeddable":true,"href":"https:\/\/martinemrichard.fr\/blog\/index.php?rest_route=\/wp\/v2\/users\/1"}],"replies":[{"embeddable":true,"href":"https:\/\/martinemrichard.fr\/blog\/index.php?rest_route=%2Fwp%2Fv2%2Fcomments&post=5361"}],"version-history":[{"count":23,"href":"https:\/\/martinemrichard.fr\/blog\/index.php?rest_route=\/wp\/v2\/posts\/5361\/revisions"}],"predecessor-version":[{"id":5387,"href":"https:\/\/martinemrichard.fr\/blog\/index.php?rest_route=\/wp\/v2\/posts\/5361\/revisions\/5387"}],"wp:attachment":[{"href":"https:\/\/martinemrichard.fr\/blog\/index.php?rest_route=%2Fwp%2Fv2%2Fmedia&parent=5361"}],"wp:term":[{"taxonomy":"category","embeddable":true,"href":"https:\/\/martinemrichard.fr\/blog\/index.php?rest_route=%2Fwp%2Fv2%2Fcategories&post=5361"},{"taxonomy":"post_tag","embeddable":true,"href":"https:\/\/martinemrichard.fr\/blog\/index.php?rest_route=%2Fwp%2Fv2%2Ftags&post=5361"}],"curies":[{"name":"wp","href":"https:\/\/api.w.org\/{rel}","templated":true}]}}