{"id":5606,"date":"2012-10-12T06:16:46","date_gmt":"2012-10-12T05:16:46","guid":{"rendered":"http:\/\/martinemrichard.fr\/blog\/?p=5606"},"modified":"2012-10-17T05:53:03","modified_gmt":"2012-10-17T04:53:03","slug":"ambiance-automnale","status":"publish","type":"post","link":"https:\/\/martinemrichard.fr\/blog\/?p=5606","title":{"rendered":"Ambiance automnale"},"content":{"rendered":"<p>Pour ce nouveau rendez-vous avec le \u00ab\u00a0Coucou du ha\u00efku\u00a0\u00bb, <a href=\"http:\/\/www.over-blog.com\/com-1172092675\/Le_coucou_du_haiku.html\"><span style=\"color: #0000ff;\"><strong>ICI<\/strong> <\/span><\/a>, d&rsquo;Alice et Mamylilou: ambiance automnale.<\/p>\n<p>L&rsquo;\u00e9t\u00e9 range maillots de bain, d\u00e9collet\u00e9s coquins, espadrilles et jupons fleuris. La nature change de parure.<\/p>\n<p><span style=\"color: #0000ff;\"><strong>Cliquez sur les photos pour agrandir, merci.<\/strong><\/span><\/p>\n<p><a href=\"https:\/\/martinemrichard.fr\/blog\/wp-content\/uploads\/2012\/10\/IMG_0827_v1.jpg\"><img loading=\"lazy\" decoding=\"async\" class=\"alignleft size-medium wp-image-5608\" title=\"IMG_0827_v1\" src=\"https:\/\/martinemrichard.fr\/blog\/wp-content\/uploads\/2012\/10\/IMG_0827_v1-224x300.jpg\" alt=\"\" width=\"224\" height=\"300\" srcset=\"https:\/\/martinemrichard.fr\/blog\/wp-content\/uploads\/2012\/10\/IMG_0827_v1-224x300.jpg 224w, https:\/\/martinemrichard.fr\/blog\/wp-content\/uploads\/2012\/10\/IMG_0827_v1-767x1024.jpg 767w, https:\/\/martinemrichard.fr\/blog\/wp-content\/uploads\/2012\/10\/IMG_0827_v1.jpg 1249w\" sizes=\"auto, (max-width: 224px) 100vw, 224px\" \/><\/a><a href=\"https:\/\/martinemrichard.fr\/blog\/wp-content\/uploads\/2012\/10\/IMG_0829_v1.jpg\"><img loading=\"lazy\" decoding=\"async\" class=\"alignright size-medium wp-image-5609\" title=\"IMG_0829_v1\" src=\"https:\/\/martinemrichard.fr\/blog\/wp-content\/uploads\/2012\/10\/IMG_0829_v1-231x300.jpg\" alt=\"\" width=\"231\" height=\"300\" srcset=\"https:\/\/martinemrichard.fr\/blog\/wp-content\/uploads\/2012\/10\/IMG_0829_v1-231x300.jpg 231w, https:\/\/martinemrichard.fr\/blog\/wp-content\/uploads\/2012\/10\/IMG_0829_v1-790x1024.jpg 790w, https:\/\/martinemrichard.fr\/blog\/wp-content\/uploads\/2012\/10\/IMG_0829_v1.jpg 1167w\" sizes=\"auto, (max-width: 231px) 100vw, 231px\" \/><\/a>.<\/p>\n<p>.<\/p>\n<p>Incendie au bois-<\/p>\n<p>Violence des ors et des rouges<\/p>\n<p>Fauvisme automnal<\/p>\n<p>.<\/p>\n<p>.<\/p>\n<p>Envie de balades en for\u00eats, de glaner quelques merveilles parfum\u00e9es&#8230; Dans le Sud les premi\u00e8res pluies sont une caresse bienfaisante. La terre avide d&rsquo;eau boit, et boit encore, pas rassasi\u00e9e. Quelles gouttes \u00e9chappent \u00e0 sa voracit\u00e9, roulent sur des tapis somptueux, bedonnent poires et pommes&#8230;<\/p>\n<p><a href=\"https:\/\/martinemrichard.fr\/blog\/wp-content\/uploads\/2012\/10\/IMG_2096_v1.jpg\"><img loading=\"lazy\" decoding=\"async\" class=\"alignleft size-medium wp-image-5617\" title=\"IMG_2096_v1\" src=\"https:\/\/martinemrichard.fr\/blog\/wp-content\/uploads\/2012\/10\/IMG_2096_v1-221x300.jpg\" alt=\"\" width=\"221\" height=\"300\" srcset=\"https:\/\/martinemrichard.fr\/blog\/wp-content\/uploads\/2012\/10\/IMG_2096_v1-221x300.jpg 221w, https:\/\/martinemrichard.fr\/blog\/wp-content\/uploads\/2012\/10\/IMG_2096_v1-756x1024.jpg 756w, https:\/\/martinemrichard.fr\/blog\/wp-content\/uploads\/2012\/10\/IMG_2096_v1.jpg 1067w\" sizes=\"auto, (max-width: 221px) 100vw, 221px\" \/><\/a><a href=\"https:\/\/martinemrichard.fr\/blog\/wp-content\/uploads\/2012\/10\/IMG_3445_v1.jpg\"><img loading=\"lazy\" decoding=\"async\" class=\"alignright size-medium wp-image-5618\" title=\"IMG_3445_v1\" src=\"https:\/\/martinemrichard.fr\/blog\/wp-content\/uploads\/2012\/10\/IMG_3445_v1-224x300.jpg\" alt=\"\" width=\"224\" height=\"300\" srcset=\"https:\/\/martinemrichard.fr\/blog\/wp-content\/uploads\/2012\/10\/IMG_3445_v1-224x300.jpg 224w, https:\/\/martinemrichard.fr\/blog\/wp-content\/uploads\/2012\/10\/IMG_3445_v1-767x1024.jpg 767w, https:\/\/martinemrichard.fr\/blog\/wp-content\/uploads\/2012\/10\/IMG_3445_v1.jpg 1077w\" sizes=\"auto, (max-width: 224px) 100vw, 224px\" \/><\/a>.<\/p>\n<p>.<\/p>\n<p>Alcool cumulus-<\/p>\n<p>Humus, fruits et champignons<\/p>\n<p>Ivresse licite<\/p>\n<p>.<\/p>\n<p>.<\/p>\n<p>Au jardin, il est temps de nettoyer, b\u00eacher, pr\u00e9voir un printemps rutilant. Pourtant, quelque fois, marquer une pause et observer les hirondelles sur le d\u00e9part, ou bien\u00a0 m\u00e9sange picorant le rubis d&rsquo;une arbouse. Sur ma pelouse \u00e0 l&rsquo;\u00e9tat naturel ,humer une devinette &#8230;<\/p>\n<p><a href=\"https:\/\/martinemrichard.fr\/blog\/wp-content\/uploads\/2012\/10\/IMG_0408_v1.jpg\"><img loading=\"lazy\" decoding=\"async\" class=\"alignleft size-medium wp-image-5626\" title=\"IMG_0408_v1\" src=\"https:\/\/martinemrichard.fr\/blog\/wp-content\/uploads\/2012\/10\/IMG_0408_v1-225x300.jpg\" alt=\"\" width=\"225\" height=\"300\" srcset=\"https:\/\/martinemrichard.fr\/blog\/wp-content\/uploads\/2012\/10\/IMG_0408_v1-225x300.jpg 225w, https:\/\/martinemrichard.fr\/blog\/wp-content\/uploads\/2012\/10\/IMG_0408_v1-768x1024.jpg 768w, https:\/\/martinemrichard.fr\/blog\/wp-content\/uploads\/2012\/10\/IMG_0408_v1.jpg 1019w\" sizes=\"auto, (max-width: 225px) 100vw, 225px\" \/><\/a><a href=\"https:\/\/martinemrichard.fr\/blog\/wp-content\/uploads\/2012\/10\/IMG_0052_v1.jpg\"><img loading=\"lazy\" decoding=\"async\" class=\"alignright size-medium wp-image-5627\" title=\"IMG_0052_v1\" src=\"https:\/\/martinemrichard.fr\/blog\/wp-content\/uploads\/2012\/10\/IMG_0052_v1-225x300.jpg\" alt=\"\" width=\"225\" height=\"300\" srcset=\"https:\/\/martinemrichard.fr\/blog\/wp-content\/uploads\/2012\/10\/IMG_0052_v1-225x300.jpg 225w, https:\/\/martinemrichard.fr\/blog\/wp-content\/uploads\/2012\/10\/IMG_0052_v1-768x1024.jpg 768w, https:\/\/martinemrichard.fr\/blog\/wp-content\/uploads\/2012\/10\/IMG_0052_v1.jpg 1019w\" sizes=\"auto, (max-width: 225px) 100vw, 225px\" \/><\/a>.<\/p>\n<p>.<\/p>\n<p>Cache-nez vanille-<\/p>\n<p>A l&rsquo;occulte des broussailles<\/p>\n<p>Spiranthe d&rsquo;automne<\/p>\n<p>.<\/p>\n<p>.<\/p>\n<p>MMR ( tous droits r\u00e9serv\u00e9s)<\/p>\n","protected":false},"excerpt":{"rendered":"<p>Pour ce nouveau rendez-vous avec le \u00ab\u00a0Coucou du ha\u00efku\u00a0\u00bb, ICI , d&rsquo;Alice et Mamylilou: ambiance automnale. L&rsquo;\u00e9t\u00e9 range maillots de bain, d\u00e9collet\u00e9s coquins, espadrilles et jupons fleuris. La nature change de parure. Cliquez sur les photos pour agrandir, merci. . . Incendie au bois- Violence des ors et des rouges Fauvisme automnal . . Envie [&hellip;]<\/p>\n","protected":false},"author":1,"featured_media":0,"comment_status":"open","ping_status":"open","sticky":false,"template":"","format":"standard","meta":{"footnotes":""},"categories":[35],"tags":[222,241,225,85,37,169,11,59,48,574,198,99,388],"class_list":["post-5606","post","type-post","status-publish","format-standard","hentry","category-haikus-haibuns","tag-automne","tag-champignon","tag-eau","tag-haibun","tag-haikus","tag-hirondelle","tag-jardin","tag-or","tag-orchidees-deurope","tag-rouge","tag-spiranthe-dautomne","tag-spiranthes-spiralis","tag-vanille"],"_links":{"self":[{"href":"https:\/\/martinemrichard.fr\/blog\/index.php?rest_route=\/wp\/v2\/posts\/5606","targetHints":{"allow":["GET"]}}],"collection":[{"href":"https:\/\/martinemrichard.fr\/blog\/index.php?rest_route=\/wp\/v2\/posts"}],"about":[{"href":"https:\/\/martinemrichard.fr\/blog\/index.php?rest_route=\/wp\/v2\/types\/post"}],"author":[{"embeddable":true,"href":"https:\/\/martinemrichard.fr\/blog\/index.php?rest_route=\/wp\/v2\/users\/1"}],"replies":[{"embeddable":true,"href":"https:\/\/martinemrichard.fr\/blog\/index.php?rest_route=%2Fwp%2Fv2%2Fcomments&post=5606"}],"version-history":[{"count":33,"href":"https:\/\/martinemrichard.fr\/blog\/index.php?rest_route=\/wp\/v2\/posts\/5606\/revisions"}],"predecessor-version":[{"id":5663,"href":"https:\/\/martinemrichard.fr\/blog\/index.php?rest_route=\/wp\/v2\/posts\/5606\/revisions\/5663"}],"wp:attachment":[{"href":"https:\/\/martinemrichard.fr\/blog\/index.php?rest_route=%2Fwp%2Fv2%2Fmedia&parent=5606"}],"wp:term":[{"taxonomy":"category","embeddable":true,"href":"https:\/\/martinemrichard.fr\/blog\/index.php?rest_route=%2Fwp%2Fv2%2Fcategories&post=5606"},{"taxonomy":"post_tag","embeddable":true,"href":"https:\/\/martinemrichard.fr\/blog\/index.php?rest_route=%2Fwp%2Fv2%2Ftags&post=5606"}],"curies":[{"name":"wp","href":"https:\/\/api.w.org\/{rel}","templated":true}]}}