{"id":5823,"date":"2012-11-16T06:21:16","date_gmt":"2012-11-16T05:21:16","guid":{"rendered":"http:\/\/martinemrichard.fr\/blog\/?p=5823"},"modified":"2012-11-16T06:22:22","modified_gmt":"2012-11-16T05:22:22","slug":"loiseau-et-lautomne","status":"publish","type":"post","link":"https:\/\/martinemrichard.fr\/blog\/?p=5823","title":{"rendered":"L&rsquo;oiseau et l&rsquo;automne"},"content":{"rendered":"<p>Pour ce nouveau rendez-vous avec le \u00ab\u00a0Coucou du ha\u00efku, de Alice et Mamylilou, <a href=\"http:\/\/www.over-blog.com\/com-1172092675\/Le_coucou_du_haiku.html\"><span style=\"color: #0000ff;\"><strong>ICI<\/strong><\/span><\/a> , le th\u00e8me a \u00e9t\u00e9 choisi par Jill, <a href=\"http:\/\/jill-bill.over-blog.com\/article-l-oiseau-a-l-automne-112302149.html\"><span style=\"color: #0000ff;\"><strong>ICI<\/strong><\/span><\/a> . Source de la photo des m\u00e9sanges :les d\u00e9lires de Nadou.<\/p>\n<p>.<\/p>\n<p><a href=\"https:\/\/martinemrichard.fr\/blog\/wp-content\/uploads\/2012\/11\/2012-6557.jpg\"><img loading=\"lazy\" decoding=\"async\" class=\"alignright size-medium wp-image-5824\" title=\"2012-6557\" src=\"https:\/\/martinemrichard.fr\/blog\/wp-content\/uploads\/2012\/11\/2012-6557-300x298.jpg\" alt=\"\" width=\"300\" height=\"298\" srcset=\"https:\/\/martinemrichard.fr\/blog\/wp-content\/uploads\/2012\/11\/2012-6557-300x298.jpg 300w, https:\/\/martinemrichard.fr\/blog\/wp-content\/uploads\/2012\/11\/2012-6557-150x150.jpg 150w, https:\/\/martinemrichard.fr\/blog\/wp-content\/uploads\/2012\/11\/2012-6557.jpg 704w\" sizes=\"auto, (max-width: 300px) 100vw, 300px\" \/><\/a><\/p>\n<p>.<\/p>\n<p>Deux notes fragiles<\/p>\n<p>Sur l&rsquo;arp\u00e8ge automnal<\/p>\n<p>M\u00e9sanges frileuses<\/p>\n<p>.<\/p>\n<p>Arbre d\u00e9nud\u00e9-<\/p>\n<p>Seule richesse du jour<\/p>\n<p>L&rsquo;or de deux m\u00e9sanges<\/p>\n<p>.<\/p>\n<p>.<\/p>\n<p><a href=\"https:\/\/martinemrichard.fr\/blog\/wp-content\/uploads\/2012\/11\/P1050725_v1.jpg\"><img loading=\"lazy\" decoding=\"async\" class=\"alignright size-medium wp-image-5826\" title=\"P1050725_v1\" src=\"https:\/\/martinemrichard.fr\/blog\/wp-content\/uploads\/2012\/11\/P1050725_v1-300x200.jpg\" alt=\"\" width=\"300\" height=\"200\" srcset=\"https:\/\/martinemrichard.fr\/blog\/wp-content\/uploads\/2012\/11\/P1050725_v1-300x200.jpg 300w, https:\/\/martinemrichard.fr\/blog\/wp-content\/uploads\/2012\/11\/P1050725_v1-1024x683.jpg 1024w\" sizes=\"auto, (max-width: 300px) 100vw, 300px\" \/><\/a>.<\/p>\n<p>Le chardonneret<\/p>\n<p>Sur mes graines de cosmos<\/p>\n<p>Bombance \u00e0 toute heure<\/p>\n<p>.<\/p>\n<p>MMR ( tous droits r\u00e9serv\u00e9s)<\/p>\n","protected":false},"excerpt":{"rendered":"<p>Pour ce nouveau rendez-vous avec le \u00ab\u00a0Coucou du ha\u00efku, de Alice et Mamylilou, ICI , le th\u00e8me a \u00e9t\u00e9 choisi par Jill, ICI . Source de la photo des m\u00e9sanges :les d\u00e9lires de Nadou. . . Deux notes fragiles Sur l&rsquo;arp\u00e8ge automnal M\u00e9sanges frileuses . Arbre d\u00e9nud\u00e9- Seule richesse du jour L&rsquo;or de deux m\u00e9sanges [&hellip;]<\/p>\n","protected":false},"author":1,"featured_media":0,"comment_status":"open","ping_status":"open","sticky":false,"template":"","format":"standard","meta":{"footnotes":""},"categories":[35],"tags":[222,37,363,262],"class_list":["post-5823","post","type-post","status-publish","format-standard","hentry","category-haikus-haibuns","tag-automne","tag-haikus","tag-mesange","tag-oiseau"],"_links":{"self":[{"href":"https:\/\/martinemrichard.fr\/blog\/index.php?rest_route=\/wp\/v2\/posts\/5823","targetHints":{"allow":["GET"]}}],"collection":[{"href":"https:\/\/martinemrichard.fr\/blog\/index.php?rest_route=\/wp\/v2\/posts"}],"about":[{"href":"https:\/\/martinemrichard.fr\/blog\/index.php?rest_route=\/wp\/v2\/types\/post"}],"author":[{"embeddable":true,"href":"https:\/\/martinemrichard.fr\/blog\/index.php?rest_route=\/wp\/v2\/users\/1"}],"replies":[{"embeddable":true,"href":"https:\/\/martinemrichard.fr\/blog\/index.php?rest_route=%2Fwp%2Fv2%2Fcomments&post=5823"}],"version-history":[{"count":5,"href":"https:\/\/martinemrichard.fr\/blog\/index.php?rest_route=\/wp\/v2\/posts\/5823\/revisions"}],"predecessor-version":[{"id":5830,"href":"https:\/\/martinemrichard.fr\/blog\/index.php?rest_route=\/wp\/v2\/posts\/5823\/revisions\/5830"}],"wp:attachment":[{"href":"https:\/\/martinemrichard.fr\/blog\/index.php?rest_route=%2Fwp%2Fv2%2Fmedia&parent=5823"}],"wp:term":[{"taxonomy":"category","embeddable":true,"href":"https:\/\/martinemrichard.fr\/blog\/index.php?rest_route=%2Fwp%2Fv2%2Fcategories&post=5823"},{"taxonomy":"post_tag","embeddable":true,"href":"https:\/\/martinemrichard.fr\/blog\/index.php?rest_route=%2Fwp%2Fv2%2Ftags&post=5823"}],"curies":[{"name":"wp","href":"https:\/\/api.w.org\/{rel}","templated":true}]}}