{"id":6143,"date":"2012-12-13T05:51:54","date_gmt":"2012-12-13T04:51:54","guid":{"rendered":"http:\/\/martinemrichard.fr\/blog\/?p=6143"},"modified":"2012-12-13T05:55:02","modified_gmt":"2012-12-13T04:55:02","slug":"humer-la-bonne-humeur-du-temps","status":"publish","type":"post","link":"https:\/\/martinemrichard.fr\/blog\/?p=6143","title":{"rendered":"Humer la bonne humeur du temps"},"content":{"rendered":"<p><a href=\"https:\/\/martinemrichard.fr\/blog\/wp-content\/uploads\/2012\/12\/IMG_4906_v11.jpg\"><img loading=\"lazy\" decoding=\"async\" class=\"alignright size-medium wp-image-6144\" title=\"IMG_4906_v1\" src=\"https:\/\/martinemrichard.fr\/blog\/wp-content\/uploads\/2012\/12\/IMG_4906_v11-291x300.jpg\" alt=\"\" width=\"291\" height=\"300\" srcset=\"https:\/\/martinemrichard.fr\/blog\/wp-content\/uploads\/2012\/12\/IMG_4906_v11-291x300.jpg 291w, https:\/\/martinemrichard.fr\/blog\/wp-content\/uploads\/2012\/12\/IMG_4906_v11.jpg 567w\" sizes=\"auto, (max-width: 291px) 100vw, 291px\" \/><\/a>Un jour,<\/p>\n<p>Un matin,<\/p>\n<p>Sous un bleu d\u00e9vorant,<\/p>\n<p>Un ciel aspirant le regard pour des voyages au long cours,<\/p>\n<p>Un azur des \u00eeles Cyclades o\u00f9 ma raison se projette avec d\u00e9lice&#8230;<\/p>\n<p>Errance cr\u00e8me et cobalt,<\/p>\n<p>Chaleur au go\u00fbt d&rsquo;ouzo,<\/p>\n<p>Au c\u0153ur de la spir\u00e9e,<\/p>\n<p>Humer la bonne humeur du Temps.<\/p>\n<p>.<\/p>\n<p>MMR ( tous droits r\u00e9serv\u00e9s)<\/p>\n","protected":false},"excerpt":{"rendered":"<p>Un jour, Un matin, Sous un bleu d\u00e9vorant, Un ciel aspirant le regard pour des voyages au long cours, Un azur des \u00eeles Cyclades o\u00f9 ma raison se projette avec d\u00e9lice&#8230; Errance cr\u00e8me et cobalt, Chaleur au go\u00fbt d&rsquo;ouzo, Au c\u0153ur de la spir\u00e9e, Humer la bonne humeur du Temps. . MMR ( tous droits [&hellip;]<\/p>\n","protected":false},"author":1,"featured_media":0,"comment_status":"open","ping_status":"open","sticky":false,"template":"","format":"standard","meta":{"footnotes":""},"categories":[71],"tags":[12,61,63,626,624,623,122,625],"class_list":["post-6143","post","type-post","status-publish","format-standard","hentry","category-jardin-fleur","tag-blanc","tag-bleu","tag-ciel","tag-cobalt","tag-les-cyclades","tag-ouzo","tag-soleil","tag-spiree"],"_links":{"self":[{"href":"https:\/\/martinemrichard.fr\/blog\/index.php?rest_route=\/wp\/v2\/posts\/6143","targetHints":{"allow":["GET"]}}],"collection":[{"href":"https:\/\/martinemrichard.fr\/blog\/index.php?rest_route=\/wp\/v2\/posts"}],"about":[{"href":"https:\/\/martinemrichard.fr\/blog\/index.php?rest_route=\/wp\/v2\/types\/post"}],"author":[{"embeddable":true,"href":"https:\/\/martinemrichard.fr\/blog\/index.php?rest_route=\/wp\/v2\/users\/1"}],"replies":[{"embeddable":true,"href":"https:\/\/martinemrichard.fr\/blog\/index.php?rest_route=%2Fwp%2Fv2%2Fcomments&post=6143"}],"version-history":[{"count":6,"href":"https:\/\/martinemrichard.fr\/blog\/index.php?rest_route=\/wp\/v2\/posts\/6143\/revisions"}],"predecessor-version":[{"id":6149,"href":"https:\/\/martinemrichard.fr\/blog\/index.php?rest_route=\/wp\/v2\/posts\/6143\/revisions\/6149"}],"wp:attachment":[{"href":"https:\/\/martinemrichard.fr\/blog\/index.php?rest_route=%2Fwp%2Fv2%2Fmedia&parent=6143"}],"wp:term":[{"taxonomy":"category","embeddable":true,"href":"https:\/\/martinemrichard.fr\/blog\/index.php?rest_route=%2Fwp%2Fv2%2Fcategories&post=6143"},{"taxonomy":"post_tag","embeddable":true,"href":"https:\/\/martinemrichard.fr\/blog\/index.php?rest_route=%2Fwp%2Fv2%2Ftags&post=6143"}],"curies":[{"name":"wp","href":"https:\/\/api.w.org\/{rel}","templated":true}]}}