{"id":6349,"date":"2013-01-12T09:24:08","date_gmt":"2013-01-12T08:24:08","guid":{"rendered":"http:\/\/martinemrichard.fr\/blog\/?p=6349"},"modified":"2013-01-12T09:24:56","modified_gmt":"2013-01-12T08:24:56","slug":"bulles","status":"publish","type":"post","link":"https:\/\/martinemrichard.fr\/blog\/?p=6349","title":{"rendered":"Bulles"},"content":{"rendered":"<p>Quelques bulles&#8230;<img loading=\"lazy\" decoding=\"async\" class=\"alignright size-large wp-image-6360\" alt=\"IMG_0675_v1\" src=\"https:\/\/martinemrichard.fr\/blog\/wp-content\/uploads\/2013\/01\/IMG_0675_v11-768x1024.jpg\" width=\"768\" height=\"1024\" srcset=\"https:\/\/martinemrichard.fr\/blog\/wp-content\/uploads\/2013\/01\/IMG_0675_v11-768x1024.jpg 768w, https:\/\/martinemrichard.fr\/blog\/wp-content\/uploads\/2013\/01\/IMG_0675_v11-225x300.jpg 225w, https:\/\/martinemrichard.fr\/blog\/wp-content\/uploads\/2013\/01\/IMG_0675_v11.jpg 1110w\" sizes=\"auto, (max-width: 768px) 100vw, 768px\" \/><\/p>\n<p>Oui, quelques bulles p\u00e9tillantes \u00e9claboussant mon nez en l&rsquo;honneur de la nouvelle ann\u00e9e.<\/p>\n<p>Moult bulles dor\u00e9es que j&rsquo;ai savour\u00e9es les yeux ferm\u00e9s<\/p>\n<p>Bulles dans ma coupe<\/p>\n<p>Bulles s&rsquo;\u00e9chappant gaies et fac\u00e9tieuses, dansant une folle gigue sur la rive de ma m\u00e9moire. Septembre soyeux au bord de la plage oc\u00e9ane. La vague s&rsquo;\u00e9tirait, c\u00e2line, ensorcelante dans la chaleur du soir.\u00a0 Un oiseau picorait le minuscule, le savoureux au go\u00fbt de crevette. Un \u00e9cart par-ci, une avanc\u00e9e hardie par-l\u00e0. J&rsquo;admirais le tricotage de ses fines gambettes.<\/p>\n<p>Images champagne,<\/p>\n<p>Empreintes bleu de mer,<\/p>\n<p>Gravure algue brune<\/p>\n<p>Sur v\u00e9lin pens\u00e9es blondes&#8230;<\/p>\n<p>.<\/p>\n<p>MMR ( tous droits r\u00e9serv\u00e9s)<\/p>\n","protected":false},"excerpt":{"rendered":"<p>Quelques bulles&#8230; Oui, quelques bulles p\u00e9tillantes \u00e9claboussant mon nez en l&rsquo;honneur de la nouvelle ann\u00e9e. Moult bulles dor\u00e9es que j&rsquo;ai savour\u00e9es les yeux ferm\u00e9s Bulles dans ma coupe Bulles s&rsquo;\u00e9chappant gaies et fac\u00e9tieuses, dansant une folle gigue sur la rive de ma m\u00e9moire. Septembre soyeux au bord de la plage oc\u00e9ane. La vague s&rsquo;\u00e9tirait, c\u00e2line, [&hellip;]<\/p>\n","protected":false},"author":1,"featured_media":0,"comment_status":"open","ping_status":"open","sticky":false,"template":"","format":"standard","meta":{"footnotes":""},"categories":[70],"tags":[640,641,102,319,438,65],"class_list":["post-6349","post","type-post","status-publish","format-standard","hentry","category-ocean-et-bassin-darcachon","tag-bulles","tag-champagne","tag-ocean","tag-plage","tag-septembre","tag-vagues"],"_links":{"self":[{"href":"https:\/\/martinemrichard.fr\/blog\/index.php?rest_route=\/wp\/v2\/posts\/6349","targetHints":{"allow":["GET"]}}],"collection":[{"href":"https:\/\/martinemrichard.fr\/blog\/index.php?rest_route=\/wp\/v2\/posts"}],"about":[{"href":"https:\/\/martinemrichard.fr\/blog\/index.php?rest_route=\/wp\/v2\/types\/post"}],"author":[{"embeddable":true,"href":"https:\/\/martinemrichard.fr\/blog\/index.php?rest_route=\/wp\/v2\/users\/1"}],"replies":[{"embeddable":true,"href":"https:\/\/martinemrichard.fr\/blog\/index.php?rest_route=%2Fwp%2Fv2%2Fcomments&post=6349"}],"version-history":[{"count":13,"href":"https:\/\/martinemrichard.fr\/blog\/index.php?rest_route=\/wp\/v2\/posts\/6349\/revisions"}],"predecessor-version":[{"id":6364,"href":"https:\/\/martinemrichard.fr\/blog\/index.php?rest_route=\/wp\/v2\/posts\/6349\/revisions\/6364"}],"wp:attachment":[{"href":"https:\/\/martinemrichard.fr\/blog\/index.php?rest_route=%2Fwp%2Fv2%2Fmedia&parent=6349"}],"wp:term":[{"taxonomy":"category","embeddable":true,"href":"https:\/\/martinemrichard.fr\/blog\/index.php?rest_route=%2Fwp%2Fv2%2Fcategories&post=6349"},{"taxonomy":"post_tag","embeddable":true,"href":"https:\/\/martinemrichard.fr\/blog\/index.php?rest_route=%2Fwp%2Fv2%2Ftags&post=6349"}],"curies":[{"name":"wp","href":"https:\/\/api.w.org\/{rel}","templated":true}]}}