{"id":6792,"date":"2013-04-14T06:44:32","date_gmt":"2013-04-14T05:44:32","guid":{"rendered":"http:\/\/martinemrichard.fr\/blog\/?p=6792"},"modified":"2013-04-14T06:47:04","modified_gmt":"2013-04-14T05:47:04","slug":"bleu-et-or","status":"publish","type":"post","link":"https:\/\/martinemrichard.fr\/blog\/?p=6792","title":{"rendered":"Bleu et or"},"content":{"rendered":"<p style=\"text-align: justify;\"><span style=\"color: #800080;\"><strong>Cliquez\u00a0 svp sur les photos pour agrandir, merci.<\/strong><\/span><\/p>\n<p style=\"text-align: justify;\">Le soleil nous fait risette deux ou trois heures. Puis nous boude pendant deux,trois jours. Ma collection de nuages, d&rsquo;effets orageux, grossit presque chaque jour. Mais, justement, vous ne verrez ces clich\u00e9s que si la canicule nous guette, histoire de vous rafra\u00eechir! :).<\/p>\n<p style=\"text-align: justify;\">Alors, r\u00e9galez-vous\u00a0<a href=\"https:\/\/martinemrichard.fr\/blog\/wp-content\/uploads\/2013\/04\/IMG_5574_v1.jpg\"><img loading=\"lazy\" decoding=\"async\" class=\"alignright size-medium wp-image-6793\" alt=\"IMG_5574_v1\" src=\"https:\/\/martinemrichard.fr\/blog\/wp-content\/uploads\/2013\/04\/IMG_5574_v1-225x300.jpg\" width=\"225\" height=\"300\" srcset=\"https:\/\/martinemrichard.fr\/blog\/wp-content\/uploads\/2013\/04\/IMG_5574_v1-225x300.jpg 225w, https:\/\/martinemrichard.fr\/blog\/wp-content\/uploads\/2013\/04\/IMG_5574_v1-768x1024.jpg 768w, https:\/\/martinemrichard.fr\/blog\/wp-content\/uploads\/2013\/04\/IMG_5574_v1.jpg 1052w\" sizes=\"auto, (max-width: 225px) 100vw, 225px\" \/><\/a>(comme promis Mansfield) voici un peu de lumi\u00e8re.<\/p>\n<p style=\"text-align: justify;\">Tout l&rsquo;or du soleil<\/p>\n<p style=\"text-align: justify;\">R\u00e9fugi\u00e9,<\/p>\n<p style=\"text-align: justify;\">Captur\u00e9,<\/p>\n<p style=\"text-align: justify;\">Absorb\u00e9<\/p>\n<p style=\"text-align: justify;\">Au c\u0153ur de mille \u00e9toiles;<\/p>\n<p style=\"text-align: justify;\">Celles du forsythia,<\/p>\n<p style=\"text-align: justify;\">Celles aussi qu&rsquo;il fait na\u00eetre dans les regards avides<a href=\"https:\/\/martinemrichard.fr\/blog\/wp-content\/uploads\/2013\/04\/IMG_5578_v1.jpg\"><img loading=\"lazy\" decoding=\"async\" class=\"alignright size-medium wp-image-6795\" alt=\"IMG_5578_v1\" src=\"https:\/\/martinemrichard.fr\/blog\/wp-content\/uploads\/2013\/04\/IMG_5578_v1-300x225.jpg\" width=\"300\" height=\"225\" srcset=\"https:\/\/martinemrichard.fr\/blog\/wp-content\/uploads\/2013\/04\/IMG_5578_v1-300x225.jpg 300w, https:\/\/martinemrichard.fr\/blog\/wp-content\/uploads\/2013\/04\/IMG_5578_v1-1024x768.jpg 1024w, https:\/\/martinemrichard.fr\/blog\/wp-content\/uploads\/2013\/04\/IMG_5578_v1.jpg 1402w\" sizes=\"auto, (max-width: 300px) 100vw, 300px\" \/><\/a>, affam\u00e9s de chaleur.<\/p>\n<p style=\"text-align: justify;\">On se r\u00e9jouit,<\/p>\n<p style=\"text-align: justify;\">On applaudit,<\/p>\n<p style=\"text-align: justify;\">On salue bien bas Ph\u00e9bus si mis\u00e9ricordieux.<\/p>\n<p style=\"text-align: justify;\">Jacinthe en fr\u00e9mit des clochettes,<\/p>\n<p style=\"text-align: justify;\">Fredonnant\u00a0 l\u2019hymne azur\u00e9 du papillon fantasque<a href=\"https:\/\/martinemrichard.fr\/blog\/wp-content\/uploads\/2013\/04\/IMG_5529_v1.jpg\"><img loading=\"lazy\" decoding=\"async\" class=\"alignright size-medium wp-image-6806\" alt=\"IMG_5529_v1\" src=\"https:\/\/martinemrichard.fr\/blog\/wp-content\/uploads\/2013\/04\/IMG_5529_v1-226x300.jpg\" width=\"226\" height=\"300\" srcset=\"https:\/\/martinemrichard.fr\/blog\/wp-content\/uploads\/2013\/04\/IMG_5529_v1-226x300.jpg 226w, https:\/\/martinemrichard.fr\/blog\/wp-content\/uploads\/2013\/04\/IMG_5529_v1-773x1024.jpg 773w, https:\/\/martinemrichard.fr\/blog\/wp-content\/uploads\/2013\/04\/IMG_5529_v1.jpg 783w\" sizes=\"auto, (max-width: 226px) 100vw, 226px\" \/><\/a>.<\/p>\n<p style=\"text-align: justify;\">Le petit monde du jardin\u00a0 rena\u00eet,<\/p>\n<p style=\"text-align: justify;\">Pointe les antennes,<\/p>\n<p style=\"text-align: justify;\">Agite mandibules,<\/p>\n<p style=\"text-align: justify;\">D\u00e9ploie ailes et \u00e9lytres<\/p>\n<p style=\"text-align: justify;\">Le Sieur escargot rentre dans sa coquille. Mais qu&rsquo;\u00e0 cela ne tienne, cette nuit il se rattrapera. Car la manne c\u00e9leste a \u00e9t\u00e9 prodigue. Les iris vont hausser le col pour tenter de placer hors de port\u00e9e leurs gros boutons corset\u00e9s velours amande. <a href=\"https:\/\/martinemrichard.fr\/blog\/wp-content\/uploads\/2013\/04\/IMG_6022_v1.jpg\"><img loading=\"lazy\" decoding=\"async\" class=\"alignright size-medium wp-image-6905\" alt=\"IMG_6022_v1\" src=\"https:\/\/martinemrichard.fr\/blog\/wp-content\/uploads\/2013\/04\/IMG_6022_v1-225x300.jpg\" width=\"225\" height=\"300\" srcset=\"https:\/\/martinemrichard.fr\/blog\/wp-content\/uploads\/2013\/04\/IMG_6022_v1-225x300.jpg 225w, https:\/\/martinemrichard.fr\/blog\/wp-content\/uploads\/2013\/04\/IMG_6022_v1-768x1024.jpg 768w, https:\/\/martinemrichard.fr\/blog\/wp-content\/uploads\/2013\/04\/IMG_6022_v1.jpg 1052w\" sizes=\"auto, (max-width: 225px) 100vw, 225px\" \/><\/a><\/p>\n<p style=\"text-align: justify;\">L&rsquo;iris nain, d\u00e9licate porcelaine bleu glacier tente bien de se camoufler sous la renaissance h\u00e9sitante du mimosa.<\/p>\n<p style=\"text-align: justify;\">Chair app\u00e9tissante, avenante, que lorgne une armada de minuscules colima\u00e7ons.<\/p>\n<p style=\"text-align: justify;\">L\u2019invasion baveuse, fig\u00e9e net dans son \u00e9lan, est l\u00e0 sous les feuilles, au revers d&rsquo;un p\u00e9tale, \u00e0 l&rsquo;ombre d&rsquo;une pierre&#8230; Ma traque commence&#8230;<\/p>\n<p style=\"text-align: justify;\">Ces ind\u00e9sirables iront promener leur voracit\u00e9 sur l&rsquo;espace communal&#8230;<\/p>\n<p style=\"text-align: justify;\"><a href=\"https:\/\/martinemrichard.fr\/blog\/wp-content\/uploads\/2013\/04\/IMG_5939_v1.jpg\"><img loading=\"lazy\" decoding=\"async\" class=\"alignright size-medium wp-image-6917\" alt=\"IMG_5939_v1\" src=\"https:\/\/martinemrichard.fr\/blog\/wp-content\/uploads\/2013\/04\/IMG_5939_v1-237x300.jpg\" width=\"237\" height=\"300\" srcset=\"https:\/\/martinemrichard.fr\/blog\/wp-content\/uploads\/2013\/04\/IMG_5939_v1-237x300.jpg 237w, https:\/\/martinemrichard.fr\/blog\/wp-content\/uploads\/2013\/04\/IMG_5939_v1-810x1024.jpg 810w, https:\/\/martinemrichard.fr\/blog\/wp-content\/uploads\/2013\/04\/IMG_5939_v1.jpg 830w\" sizes=\"auto, (max-width: 237px) 100vw, 237px\" \/><\/a><\/p>\n<p style=\"text-align: justify;\">Un ou deux papillons blancs quittent leur lit douillet et partent d\u00e9couvrir le monde&#8230;<\/p>\n<p style=\"text-align: justify;\">Abeilles et bourdons s&rsquo;affairent indiff\u00e9rents aux autres habitants du jardin.<\/p>\n<p style=\"text-align: justify;\">Les\u00a0 grosses mouches se gobergent du nectar des euphorbes.<\/p>\n<p style=\"text-align: justify;\">Parfois une princesse en taffetas noir et satin bleu de Delph s&rsquo;octroie une sieste sur l&rsquo;or dune tulipe pivoine.<\/p>\n<p style=\"text-align: justify;\">Au pied de celle-ci, vif \u00e9clair surpris, un l\u00e9zard\u00a0 laisse sa place \u00e0 un autre. La vie rena\u00eet dans les massifs.<\/p>\n<p style=\"text-align: justify;\">La tramontane\u00a0 \u00e9bouriffe un peu tout le monde.<a href=\"https:\/\/martinemrichard.fr\/blog\/wp-content\/uploads\/2013\/04\/IMG_5873_v1.jpg\"><img loading=\"lazy\" decoding=\"async\" class=\"alignright size-medium wp-image-6934\" alt=\"IMG_5873_v1\" src=\"https:\/\/martinemrichard.fr\/blog\/wp-content\/uploads\/2013\/04\/IMG_5873_v1-225x300.jpg\" width=\"225\" height=\"300\" srcset=\"https:\/\/martinemrichard.fr\/blog\/wp-content\/uploads\/2013\/04\/IMG_5873_v1-225x300.jpg 225w, https:\/\/martinemrichard.fr\/blog\/wp-content\/uploads\/2013\/04\/IMG_5873_v1-768x1024.jpg 768w, https:\/\/martinemrichard.fr\/blog\/wp-content\/uploads\/2013\/04\/IMG_5873_v1.jpg 788w\" sizes=\"auto, (max-width: 225px) 100vw, 225px\" \/><\/a> On ne lui en veut pas . Car ce matin, elle est toute de ti\u00e9deur parfum\u00e9e.<\/p>\n<p style=\"text-align: justify;\">Ce matin,<a href=\"https:\/\/martinemrichard.fr\/blog\/wp-content\/uploads\/2013\/04\/IMG_6148_v1.jpg\"><img loading=\"lazy\" decoding=\"async\" class=\"aligncenter size-thumbnail wp-image-6940\" alt=\"IMG_6148_v1\" src=\"https:\/\/martinemrichard.fr\/blog\/wp-content\/uploads\/2013\/04\/IMG_6148_v1-150x150.jpg\" width=\"150\" height=\"150\" \/><\/a><\/p>\n<p style=\"text-align: justify;\">enfin,<\/p>\n<p style=\"text-align: justify;\">le Printemps sourit&#8230;<\/p>\n<p style=\"text-align: justify;\">MMR ( tous droits r\u00e9serv\u00e9s)<\/p>\n<p style=\"text-align: justify;\">\n","protected":false},"excerpt":{"rendered":"<p>Cliquez\u00a0 svp sur les photos pour agrandir, merci. Le soleil nous fait risette deux ou trois heures. Puis nous boude pendant deux,trois jours. Ma collection de nuages, d&rsquo;effets orageux, grossit presque chaque jour. Mais, justement, vous ne verrez ces clich\u00e9s que si la canicule nous guette, histoire de vous rafra\u00eechir! :). Alors, r\u00e9galez-vous\u00a0(comme promis Mansfield) [&hellip;]<\/p>\n","protected":false},"author":1,"featured_media":0,"comment_status":"open","ping_status":"open","sticky":false,"template":"","format":"standard","meta":{"footnotes":""},"categories":[71],"tags":[145,353,61,692,693,10,313,59,22,440,122,275],"class_list":["post-6792","post","type-post","status-publish","format-standard","hentry","category-jardin-fleur","tag-abeille","tag-anemone","tag-bleu","tag-escargot","tag-forsythia","tag-iris","tag-mouche","tag-or","tag-petales","tag-printemps","tag-soleil","tag-tulipe"],"_links":{"self":[{"href":"https:\/\/martinemrichard.fr\/blog\/index.php?rest_route=\/wp\/v2\/posts\/6792","targetHints":{"allow":["GET"]}}],"collection":[{"href":"https:\/\/martinemrichard.fr\/blog\/index.php?rest_route=\/wp\/v2\/posts"}],"about":[{"href":"https:\/\/martinemrichard.fr\/blog\/index.php?rest_route=\/wp\/v2\/types\/post"}],"author":[{"embeddable":true,"href":"https:\/\/martinemrichard.fr\/blog\/index.php?rest_route=\/wp\/v2\/users\/1"}],"replies":[{"embeddable":true,"href":"https:\/\/martinemrichard.fr\/blog\/index.php?rest_route=%2Fwp%2Fv2%2Fcomments&post=6792"}],"version-history":[{"count":58,"href":"https:\/\/martinemrichard.fr\/blog\/index.php?rest_route=\/wp\/v2\/posts\/6792\/revisions"}],"predecessor-version":[{"id":6944,"href":"https:\/\/martinemrichard.fr\/blog\/index.php?rest_route=\/wp\/v2\/posts\/6792\/revisions\/6944"}],"wp:attachment":[{"href":"https:\/\/martinemrichard.fr\/blog\/index.php?rest_route=%2Fwp%2Fv2%2Fmedia&parent=6792"}],"wp:term":[{"taxonomy":"category","embeddable":true,"href":"https:\/\/martinemrichard.fr\/blog\/index.php?rest_route=%2Fwp%2Fv2%2Fcategories&post=6792"},{"taxonomy":"post_tag","embeddable":true,"href":"https:\/\/martinemrichard.fr\/blog\/index.php?rest_route=%2Fwp%2Fv2%2Ftags&post=6792"}],"curies":[{"name":"wp","href":"https:\/\/api.w.org\/{rel}","templated":true}]}}