{"id":7072,"date":"2013-04-30T13:44:25","date_gmt":"2013-04-30T12:44:25","guid":{"rendered":"http:\/\/martinemrichard.fr\/blog\/?p=7072"},"modified":"2013-04-30T13:44:25","modified_gmt":"2013-04-30T12:44:25","slug":"biennale-internationnale-de-pastel-grand-sud","status":"publish","type":"post","link":"https:\/\/martinemrichard.fr\/blog\/?p=7072","title":{"rendered":"Biennale Internationnale de Pastel Grand Sud"},"content":{"rendered":"<p><a href=\"https:\/\/martinemrichard.fr\/blog\/wp-content\/uploads\/2010\/03\/affiche-biennale-2013.jpg\"><img loading=\"lazy\" decoding=\"async\" class=\"alignright size-medium wp-image-7055\" alt=\"affiche biennale 2013\" src=\"https:\/\/martinemrichard.fr\/blog\/wp-content\/uploads\/2010\/03\/affiche-biennale-2013-212x300.jpg\" width=\"212\" height=\"300\" srcset=\"https:\/\/martinemrichard.fr\/blog\/wp-content\/uploads\/2010\/03\/affiche-biennale-2013-212x300.jpg 212w, https:\/\/martinemrichard.fr\/blog\/wp-content\/uploads\/2010\/03\/affiche-biennale-2013-723x1024.jpg 723w, https:\/\/martinemrichard.fr\/blog\/wp-content\/uploads\/2010\/03\/affiche-biennale-2013.jpg 1240w\" sizes=\"auto, (max-width: 212px) 100vw, 212px\" \/><\/a>C&rsquo;est extraordinaire ce qui se passe en ce moment dans ce petit village de Villepinte ( Aude)<\/p>\n<p>Un Salon de tr\u00e8s haut niveau. C&rsquo;est un grand honneur pour moi que de partager cet espace avec tous ces fabuleux artistes<\/p>\n<p>Vid\u00e9o du vernissage <a href=\"http:\/\/lavanttheatre.over-blog.com\/vernissage-biennale-internationale-de-pastel-grand-sud\"><span style=\"color: #0000ff;\"><strong>ICI<\/strong> <\/span><\/a><\/p>\n<p>&nbsp;<\/p>\n<p>Ce soir mardi\u00a0: conf\u00e9rence th\u00e9\u00e2tralis\u00e9e sur Henri de Toulouse Lautrec\u00a0 \u00ab\u00a0De la douleur au g\u00e9nie\u00a0\u00bb<\/p>\n<p>\ud83d\ude09<\/p>\n<p>&nbsp;<\/p>\n","protected":false},"excerpt":{"rendered":"<p>C&rsquo;est extraordinaire ce qui se passe en ce moment dans ce petit village de Villepinte ( Aude) Un Salon de tr\u00e8s haut niveau. C&rsquo;est un grand honneur pour moi que de partager cet espace avec tous ces fabuleux artistes Vid\u00e9o du vernissage ICI &nbsp; Ce soir mardi\u00a0: conf\u00e9rence th\u00e9\u00e2tralis\u00e9e sur Henri de Toulouse Lautrec\u00a0 \u00ab\u00a0De [&hellip;]<\/p>\n","protected":false},"author":1,"featured_media":0,"comment_status":"open","ping_status":"open","sticky":false,"template":"","format":"standard","meta":{"footnotes":""},"categories":[8],"tags":[703,17,705,678,704],"class_list":["post-7072","post","type-post","status-publish","format-standard","hentry","category-actualite","tag-biennale-internationnale-de-pastel-grand-sud","tag-exposition","tag-henri-de-toulouse-lautrec","tag-pastels-secs","tag-villepinte"],"_links":{"self":[{"href":"https:\/\/martinemrichard.fr\/blog\/index.php?rest_route=\/wp\/v2\/posts\/7072","targetHints":{"allow":["GET"]}}],"collection":[{"href":"https:\/\/martinemrichard.fr\/blog\/index.php?rest_route=\/wp\/v2\/posts"}],"about":[{"href":"https:\/\/martinemrichard.fr\/blog\/index.php?rest_route=\/wp\/v2\/types\/post"}],"author":[{"embeddable":true,"href":"https:\/\/martinemrichard.fr\/blog\/index.php?rest_route=\/wp\/v2\/users\/1"}],"replies":[{"embeddable":true,"href":"https:\/\/martinemrichard.fr\/blog\/index.php?rest_route=%2Fwp%2Fv2%2Fcomments&post=7072"}],"version-history":[{"count":4,"href":"https:\/\/martinemrichard.fr\/blog\/index.php?rest_route=\/wp\/v2\/posts\/7072\/revisions"}],"predecessor-version":[{"id":7076,"href":"https:\/\/martinemrichard.fr\/blog\/index.php?rest_route=\/wp\/v2\/posts\/7072\/revisions\/7076"}],"wp:attachment":[{"href":"https:\/\/martinemrichard.fr\/blog\/index.php?rest_route=%2Fwp%2Fv2%2Fmedia&parent=7072"}],"wp:term":[{"taxonomy":"category","embeddable":true,"href":"https:\/\/martinemrichard.fr\/blog\/index.php?rest_route=%2Fwp%2Fv2%2Fcategories&post=7072"},{"taxonomy":"post_tag","embeddable":true,"href":"https:\/\/martinemrichard.fr\/blog\/index.php?rest_route=%2Fwp%2Fv2%2Ftags&post=7072"}],"curies":[{"name":"wp","href":"https:\/\/api.w.org\/{rel}","templated":true}]}}