{"id":7110,"date":"2013-05-07T07:25:07","date_gmt":"2013-05-07T06:25:07","guid":{"rendered":"http:\/\/martinemrichard.fr\/blog\/?p=7110"},"modified":"2013-05-10T06:13:31","modified_gmt":"2013-05-10T05:13:31","slug":"ophrys-lutea","status":"publish","type":"post","link":"https:\/\/martinemrichard.fr\/blog\/?p=7110","title":{"rendered":"Ophrys lutea+ le coucou du ha\u00efku"},"content":{"rendered":"<p>En attendant de vous raconter ma participation \u00e0 la premi\u00e8re Biennale du Pastel sec dans le Grand Sud, voici une petite balade au jardin.<\/p>\n<p><span style=\"color: #800080;\"><strong>Cliquez sur les photos pour agrandir svp, merci<\/strong><\/span><\/p>\n<p>A la suite d&rsquo;Ophrys petite araign\u00e9e ( \u00e0 pr\u00e9sent compl\u00e8tement fan\u00e9e, voire dess\u00e9ch\u00e9e), voici Ophrys lutea qui entre en sc\u00e8ne.<a href=\"https:\/\/martinemrichard.fr\/blog\/wp-content\/uploads\/2013\/05\/IMG_6987_v1.jpg\"><img loading=\"lazy\" decoding=\"async\" class=\"alignright size-medium wp-image-7111\" alt=\"IMG_6987_v1\" src=\"https:\/\/martinemrichard.fr\/blog\/wp-content\/uploads\/2013\/05\/IMG_6987_v1-225x300.jpg\" width=\"225\" height=\"300\" srcset=\"https:\/\/martinemrichard.fr\/blog\/wp-content\/uploads\/2013\/05\/IMG_6987_v1-225x300.jpg 225w, https:\/\/martinemrichard.fr\/blog\/wp-content\/uploads\/2013\/05\/IMG_6987_v1-768x1024.jpg 768w, https:\/\/martinemrichard.fr\/blog\/wp-content\/uploads\/2013\/05\/IMG_6987_v1.jpg 788w\" sizes=\"auto, (max-width: 225px) 100vw, 225px\" \/><\/a><\/p>\n<p>Le pied m\u00e8re rena\u00eet tous les ans sous mon \u00e9tendoir. Prot\u00e9g\u00e9, chouchout\u00e9, celui -ci a grain\u00e9 et engendr\u00e9 une quinzaine de \u00ab\u00a0filles\u00a0\u00bb.<\/p>\n<p>Leur aire s&rsquo;\u00e9tend de plus en plus: pr\u00e8s de l&rsquo;arbre de Jud\u00e9e, sous l&rsquo;olivier, sous un ch\u00e8vre-feuille et , bien s\u00fbr, sous l&rsquo;\u00e9tendoir.<\/p>\n<p>Parfois seule ou en compagnie de ses s\u0153urs, cette orchid\u00e9e aime \u00e9galement se nicher entre les orchis bouc ou les anacampsis pyramidalis ( orchys pyramidal).<\/p>\n<p>Toutes se pr\u00e9parent pour la rel\u00e8ve.<\/p>\n<p>En attendant, cette jolie orchid\u00e9e resplendit fi\u00e8rement, ou discr\u00e8tement, pour ma plus grande joie<\/p>\n<p><a href=\"https:\/\/martinemrichard.fr\/blog\/wp-content\/uploads\/2013\/05\/IMG_6991_v2.jpg\"><img loading=\"lazy\" decoding=\"async\" class=\"alignleft size-medium wp-image-7119\" alt=\"IMG_6991_v2\" src=\"https:\/\/martinemrichard.fr\/blog\/wp-content\/uploads\/2013\/05\/IMG_6991_v2-225x300.jpg\" width=\"225\" height=\"300\" srcset=\"https:\/\/martinemrichard.fr\/blog\/wp-content\/uploads\/2013\/05\/IMG_6991_v2-225x300.jpg 225w, https:\/\/martinemrichard.fr\/blog\/wp-content\/uploads\/2013\/05\/IMG_6991_v2-768x1024.jpg 768w, https:\/\/martinemrichard.fr\/blog\/wp-content\/uploads\/2013\/05\/IMG_6991_v2.jpg 788w\" sizes=\"auto, (max-width: 225px) 100vw, 225px\" \/><\/a><a href=\"https:\/\/martinemrichard.fr\/blog\/wp-content\/uploads\/2013\/05\/IMG_6998_v1.jpg\"><img loading=\"lazy\" decoding=\"async\" class=\"alignleft size-medium wp-image-7120\" alt=\"IMG_6998_v1\" src=\"https:\/\/martinemrichard.fr\/blog\/wp-content\/uploads\/2013\/05\/IMG_6998_v1-225x300.jpg\" width=\"225\" height=\"300\" srcset=\"https:\/\/martinemrichard.fr\/blog\/wp-content\/uploads\/2013\/05\/IMG_6998_v1-225x300.jpg 225w, https:\/\/martinemrichard.fr\/blog\/wp-content\/uploads\/2013\/05\/IMG_6998_v1-768x1024.jpg 768w, https:\/\/martinemrichard.fr\/blog\/wp-content\/uploads\/2013\/05\/IMG_6998_v1.jpg 788w\" sizes=\"auto, (max-width: 225px) 100vw, 225px\" \/><\/a><a href=\"https:\/\/martinemrichard.fr\/blog\/wp-content\/uploads\/2013\/05\/IMG_6673_v1.jpg\"><img loading=\"lazy\" decoding=\"async\" class=\"alignright size-medium wp-image-7122\" alt=\"IMG_6673_v1\" src=\"https:\/\/martinemrichard.fr\/blog\/wp-content\/uploads\/2013\/05\/IMG_6673_v1-225x300.jpg\" width=\"225\" height=\"300\" srcset=\"https:\/\/martinemrichard.fr\/blog\/wp-content\/uploads\/2013\/05\/IMG_6673_v1-225x300.jpg 225w, https:\/\/martinemrichard.fr\/blog\/wp-content\/uploads\/2013\/05\/IMG_6673_v1-768x1024.jpg 768w, https:\/\/martinemrichard.fr\/blog\/wp-content\/uploads\/2013\/05\/IMG_6673_v1.jpg 788w\" sizes=\"auto, (max-width: 225px) 100vw, 225px\" \/><\/a><\/p>\n<p>&nbsp;<\/p>\n<p>&nbsp;<\/p>\n<p>&nbsp;<\/p>\n<p>&nbsp;<\/p>\n<p>&nbsp;<\/p>\n<p>&nbsp;<\/p>\n<p>&nbsp;<\/p>\n<p>Tr\u00e8s fr\u00e9quente dans tout le Bassin m\u00e9diterran\u00e9en, c&rsquo;est une esp\u00e8ce prot\u00e9g\u00e9e en Poitou Charente.\u00a0\u00a0 Pratiquement disparue en Auvergne. Absente sur une immense partie du territoire fran\u00e7ais.<\/p>\n<p>Et chez moi&#8230; elle s&rsquo;installe. Quel bonheur que de la retrouver chaque ann\u00e9e plus dense. \ud83d\ude42<\/p>\n<p>MMR ( tous droits r\u00e9serv\u00e9s)<\/p>\n<p><span style=\"color: #800080;\"><strong>Ajout!<\/strong><\/span><\/p>\n<p>Pour le coucou du ha\u00efku de<a href=\"http:\/\/afdj.over-blog.com\/article-le-bouddha-117318263.html\"><span style=\"color: #0000ff;\"><strong> Marie-Alice<\/strong><\/span><\/a> , <a href=\"http:\/\/www.over-blog.com\/com-1172092675\/2-Le_coucou_du_haiku.html\">ICI<\/a>, ma participation sur la photo dor\u00e9e du Bouddha de<a href=\"http:\/\/reveries.over-blog.net\/le-bouddha\"> Mamylilou<\/a> :<\/p>\n<p>L&rsquo;air du Temps morose-<\/p>\n<p>Retrouver dans l&rsquo;orchid\u00e9e<\/p>\n<p>la zen attitude<\/p>\n","protected":false},"excerpt":{"rendered":"<p>En attendant de vous raconter ma participation \u00e0 la premi\u00e8re Biennale du Pastel sec dans le Grand Sud, voici une petite balade au jardin. Cliquez sur les photos pour agrandir svp, merci A la suite d&rsquo;Ophrys petite araign\u00e9e ( \u00e0 pr\u00e9sent compl\u00e8tement fan\u00e9e, voire dess\u00e9ch\u00e9e), voici Ophrys lutea qui entre en sc\u00e8ne. Le pied m\u00e8re [&hellip;]<\/p>\n","protected":false},"author":1,"featured_media":0,"comment_status":"open","ping_status":"open","sticky":false,"template":"","format":"standard","meta":{"footnotes":""},"categories":[35,54],"tags":[],"class_list":["post-7110","post","type-post","status-publish","format-standard","hentry","category-haikus-haibuns","category-orchidees-indigenes"],"_links":{"self":[{"href":"https:\/\/martinemrichard.fr\/blog\/index.php?rest_route=\/wp\/v2\/posts\/7110","targetHints":{"allow":["GET"]}}],"collection":[{"href":"https:\/\/martinemrichard.fr\/blog\/index.php?rest_route=\/wp\/v2\/posts"}],"about":[{"href":"https:\/\/martinemrichard.fr\/blog\/index.php?rest_route=\/wp\/v2\/types\/post"}],"author":[{"embeddable":true,"href":"https:\/\/martinemrichard.fr\/blog\/index.php?rest_route=\/wp\/v2\/users\/1"}],"replies":[{"embeddable":true,"href":"https:\/\/martinemrichard.fr\/blog\/index.php?rest_route=%2Fwp%2Fv2%2Fcomments&post=7110"}],"version-history":[{"count":16,"href":"https:\/\/martinemrichard.fr\/blog\/index.php?rest_route=\/wp\/v2\/posts\/7110\/revisions"}],"predecessor-version":[{"id":7129,"href":"https:\/\/martinemrichard.fr\/blog\/index.php?rest_route=\/wp\/v2\/posts\/7110\/revisions\/7129"}],"wp:attachment":[{"href":"https:\/\/martinemrichard.fr\/blog\/index.php?rest_route=%2Fwp%2Fv2%2Fmedia&parent=7110"}],"wp:term":[{"taxonomy":"category","embeddable":true,"href":"https:\/\/martinemrichard.fr\/blog\/index.php?rest_route=%2Fwp%2Fv2%2Fcategories&post=7110"},{"taxonomy":"post_tag","embeddable":true,"href":"https:\/\/martinemrichard.fr\/blog\/index.php?rest_route=%2Fwp%2Fv2%2Ftags&post=7110"}],"curies":[{"name":"wp","href":"https:\/\/api.w.org\/{rel}","templated":true}]}}