{"id":7132,"date":"2013-05-12T17:45:58","date_gmt":"2013-05-12T16:45:58","guid":{"rendered":"http:\/\/martinemrichard.fr\/blog\/?p=7132"},"modified":"2013-05-13T07:36:54","modified_gmt":"2013-05-13T06:36:54","slug":"peniche","status":"publish","type":"post","link":"https:\/\/martinemrichard.fr\/blog\/?p=7132","title":{"rendered":"P\u00e9niche"},"content":{"rendered":"<p>Pour le coucou du ha\u00efku , <a href=\"http:\/\/www.over-blog.com\/com-1172092675\/Le_coucou_du_haiku.html\"><span style=\"color: #0000ff;\"><strong>ICI<\/strong><\/span><\/a>, cr\u00e9\u00e9 par\u00a0 <a href=\"http:\/\/afdj.over-blog.com\/article-la-peniche-de-eliane-117341251.html\"><span style=\"color: #3366ff;\"><strong>Marie-Alice<\/strong><\/span><\/a> et <a href=\"http:\/\/reveries.over-blog.net\/\"><span style=\"color: #3366ff;\"><strong>Mamylilou<\/strong><\/span><\/a>, le th\u00e8me et la premi\u00e8re photo sont propos\u00e9s par <a href=\"http:\/\/plumoboudesdoigts.apln-blog.fr\/2013\/05\/10\/au-fil-de-leau\/\"><span style=\"color: #0000ff;\"><strong>Evajoe<br \/>\n<\/strong><\/span><\/a><\/p>\n<p><a href=\"https:\/\/martinemrichard.fr\/blog\/wp-content\/uploads\/2013\/05\/Peniche-evajoe.jpg\"><img loading=\"lazy\" decoding=\"async\" class=\"alignright size-medium wp-image-7133\" alt=\"Peniche-evajoe\" src=\"https:\/\/martinemrichard.fr\/blog\/wp-content\/uploads\/2013\/05\/Peniche-evajoe-300x225.jpg\" width=\"300\" height=\"225\" srcset=\"https:\/\/martinemrichard.fr\/blog\/wp-content\/uploads\/2013\/05\/Peniche-evajoe-300x225.jpg 300w, https:\/\/martinemrichard.fr\/blog\/wp-content\/uploads\/2013\/05\/Peniche-evajoe-1024x768.jpg 1024w, https:\/\/martinemrichard.fr\/blog\/wp-content\/uploads\/2013\/05\/Peniche-evajoe.jpg 1600w\" sizes=\"auto, (max-width: 300px) 100vw, 300px\" \/><\/a><span style=\"color: #800080;\"><strong>Cliquez pour agrandir les photos svp, merci<\/strong><\/span><\/p>\n<p style=\"text-align: justify;\">L&rsquo;eau des canaux, du nord au sud du pays, est sillonn\u00e9e par de nombreux petits bateaux particuliers. Mais \u00e9galement par des p\u00e9niches de toutes sortes.<\/p>\n<p style=\"text-align: justify;\">Mon plus ancien souvenir : mes 5 ans se r\u00e9galaient \u00e0 observer , \u00e0 travers le grillage au fond du jardin d&rsquo;une amie, le lent voyage\u00a0 d&rsquo; \u00c9NORMES p\u00e9niches&#8230;<\/p>\n<p style=\"text-align: justify;\">Entre les\u00a0 pois de senteurs<a href=\"https:\/\/martinemrichard.fr\/blog\/wp-content\/uploads\/2013\/05\/IMG_5834_v1.jpg\"><img loading=\"lazy\" decoding=\"async\" class=\"alignright size-medium wp-image-7140\" alt=\"IMG_5834_v1\" src=\"https:\/\/martinemrichard.fr\/blog\/wp-content\/uploads\/2013\/05\/IMG_5834_v1-300x225.jpg\" width=\"300\" height=\"225\" srcset=\"https:\/\/martinemrichard.fr\/blog\/wp-content\/uploads\/2013\/05\/IMG_5834_v1-300x225.jpg 300w, https:\/\/martinemrichard.fr\/blog\/wp-content\/uploads\/2013\/05\/IMG_5834_v1-1024x768.jpg 1024w, https:\/\/martinemrichard.fr\/blog\/wp-content\/uploads\/2013\/05\/IMG_5834_v1.jpg 1402w\" sizes=\"auto, (max-width: 300px) 100vw, 300px\" \/><\/a><\/p>\n<p style=\"text-align: justify;\">se glisse une odeur d&rsquo;huile-<\/p>\n<p>P\u00e9niche sur l&rsquo;Oise<\/p>\n<p>Qui\u00e9tude du Canal du Midi en pays audois.\u00a0 En ce moment l&rsquo;iris jaune des marais ensoleille ses berges. Au miroir de l&rsquo;eau&#8230;<\/p>\n<p>Qui est la plus belle?<a href=\"https:\/\/martinemrichard.fr\/blog\/wp-content\/uploads\/2013\/05\/IMG_9590_v1.jpg\"><img loading=\"lazy\" decoding=\"async\" class=\"alignright size-medium wp-image-7146\" alt=\"IMG_9590_v1\" src=\"https:\/\/martinemrichard.fr\/blog\/wp-content\/uploads\/2013\/05\/IMG_9590_v1-225x300.jpg\" width=\"225\" height=\"300\" srcset=\"https:\/\/martinemrichard.fr\/blog\/wp-content\/uploads\/2013\/05\/IMG_9590_v1-225x300.jpg 225w, https:\/\/martinemrichard.fr\/blog\/wp-content\/uploads\/2013\/05\/IMG_9590_v1-768x1024.jpg 768w, https:\/\/martinemrichard.fr\/blog\/wp-content\/uploads\/2013\/05\/IMG_9590_v1.jpg 788w\" sizes=\"auto, (max-width: 225px) 100vw, 225px\" \/><\/a><\/p>\n<p>La p\u00e9niche et l&rsquo;iris d&rsquo;eau<\/p>\n<p>jouent les Narcisse<\/p>\n<p>La belle vo\u00fbte des platanes badine avec la lumi\u00e8re; peint le Canal \u00e0 l&rsquo;humeur des saisons. Ses scintillants reflets se brouillent , se dispersent sous le ventre des chalands<\/p>\n<p>Au fil de l&rsquo;eau<\/p>\n<p>Se r\u00e9pondent les sourires<\/p>\n<p>des bateliers d&rsquo;un jour<a href=\"https:\/\/martinemrichard.fr\/blog\/wp-content\/uploads\/2013\/05\/IMG_9354_v1.jpg\"><img loading=\"lazy\" decoding=\"async\" class=\"alignright size-medium wp-image-7152\" alt=\"IMG_9354_v1\" src=\"https:\/\/martinemrichard.fr\/blog\/wp-content\/uploads\/2013\/05\/IMG_9354_v1-300x179.jpg\" width=\"300\" height=\"179\" srcset=\"https:\/\/martinemrichard.fr\/blog\/wp-content\/uploads\/2013\/05\/IMG_9354_v1-300x179.jpg 300w, https:\/\/martinemrichard.fr\/blog\/wp-content\/uploads\/2013\/05\/IMG_9354_v1-1024x612.jpg 1024w, https:\/\/martinemrichard.fr\/blog\/wp-content\/uploads\/2013\/05\/IMG_9354_v1.jpg 1613w\" sizes=\"auto, (max-width: 300px) 100vw, 300px\" \/><\/a><\/p>\n<p style=\"text-align: justify;\">Le soleil, les man\u0153uvres aux \u00e9cluses, les parlotes entre amis ou en famille, \u00e7a dess\u00e8che la gorge. Aussi une petite pause \u00e0 l&rsquo;ombre des arbres, ou sous celle des parasols d&rsquo;un caf\u00e9, est la bienvenue. Le spectacle ne manque pas: le va et vient des touristes, les exclamations imag\u00e9es des joueurs de boules&#8230; Et les canards, \u00e9ternels r\u00e2leurs, si d\u00e9sopilants&#8230;<\/p>\n<p style=\"text-align: justify;\">Au caf\u00e9 du port*-<\/p>\n<p style=\"text-align: justify;\">Les p\u00e9niches sont h\u00e9l\u00e9es<\/p>\n<p style=\"text-align: justify;\">par la faim des canards<\/p>\n<p style=\"text-align: justify;\">.<\/p>\n<p style=\"text-align: justify;\">* le dernier clich\u00e9 montre une partie du port de Tr\u00e8bes (11)<\/p>\n<p style=\"text-align: justify;\">MMR ( tous droits r\u00e9serv\u00e9s)<\/p>\n<p>&nbsp;<\/p>\n<p>&nbsp;<\/p>\n<p>&nbsp;<\/p>\n<p>&nbsp;<\/p>\n<p>&nbsp;<\/p>\n","protected":false},"excerpt":{"rendered":"<p>Pour le coucou du ha\u00efku , ICI, cr\u00e9\u00e9 par\u00a0 Marie-Alice et Mamylilou, le th\u00e8me et la premi\u00e8re photo sont propos\u00e9s par Evajoe Cliquez pour agrandir les photos svp, merci L&rsquo;eau des canaux, du nord au sud du pays, est sillonn\u00e9e par de nombreux petits bateaux particuliers. Mais \u00e9galement par des p\u00e9niches de toutes sortes. Mon [&hellip;]<\/p>\n","protected":false},"author":1,"featured_media":0,"comment_status":"open","ping_status":"open","sticky":false,"template":"","format":"standard","meta":{"footnotes":""},"categories":[35],"tags":[706,226,85,37,707,395],"class_list":["post-7132","post","type-post","status-publish","format-standard","hentry","category-haikus-haibuns","tag-canal-du-midi","tag-canards","tag-haibun","tag-haikus","tag-iris-des-marais","tag-peniches"],"_links":{"self":[{"href":"https:\/\/martinemrichard.fr\/blog\/index.php?rest_route=\/wp\/v2\/posts\/7132","targetHints":{"allow":["GET"]}}],"collection":[{"href":"https:\/\/martinemrichard.fr\/blog\/index.php?rest_route=\/wp\/v2\/posts"}],"about":[{"href":"https:\/\/martinemrichard.fr\/blog\/index.php?rest_route=\/wp\/v2\/types\/post"}],"author":[{"embeddable":true,"href":"https:\/\/martinemrichard.fr\/blog\/index.php?rest_route=\/wp\/v2\/users\/1"}],"replies":[{"embeddable":true,"href":"https:\/\/martinemrichard.fr\/blog\/index.php?rest_route=%2Fwp%2Fv2%2Fcomments&post=7132"}],"version-history":[{"count":31,"href":"https:\/\/martinemrichard.fr\/blog\/index.php?rest_route=\/wp\/v2\/posts\/7132\/revisions"}],"predecessor-version":[{"id":7168,"href":"https:\/\/martinemrichard.fr\/blog\/index.php?rest_route=\/wp\/v2\/posts\/7132\/revisions\/7168"}],"wp:attachment":[{"href":"https:\/\/martinemrichard.fr\/blog\/index.php?rest_route=%2Fwp%2Fv2%2Fmedia&parent=7132"}],"wp:term":[{"taxonomy":"category","embeddable":true,"href":"https:\/\/martinemrichard.fr\/blog\/index.php?rest_route=%2Fwp%2Fv2%2Fcategories&post=7132"},{"taxonomy":"post_tag","embeddable":true,"href":"https:\/\/martinemrichard.fr\/blog\/index.php?rest_route=%2Fwp%2Fv2%2Ftags&post=7132"}],"curies":[{"name":"wp","href":"https:\/\/api.w.org\/{rel}","templated":true}]}}