{"id":7268,"date":"2016-06-12T05:12:02","date_gmt":"2016-06-12T04:12:02","guid":{"rendered":"http:\/\/martinemrichard.fr\/blog\/?p=7268"},"modified":"2016-06-12T05:12:02","modified_gmt":"2016-06-12T04:12:02","slug":"iris-par-tous-les-temps-haibun","status":"publish","type":"post","link":"https:\/\/martinemrichard.fr\/blog\/?p=7268","title":{"rendered":"Iris par tous les temps ( ha\u00efbun)"},"content":{"rendered":"<p style=\"text-align: justify;\"><a href=\"https:\/\/martinemrichard.fr\/blog\/wp-content\/uploads\/2013\/05\/Pr-178_v1.jpg\"><img loading=\"lazy\" decoding=\"async\" class=\"alignright size-medium wp-image-7242\" src=\"https:\/\/martinemrichard.fr\/blog\/wp-content\/uploads\/2013\/05\/Pr-178_v1-300x224.jpg\" alt=\"Pr-178_v1\" width=\"300\" height=\"224\" srcset=\"https:\/\/martinemrichard.fr\/blog\/wp-content\/uploads\/2013\/05\/Pr-178_v1-300x224.jpg 300w, https:\/\/martinemrichard.fr\/blog\/wp-content\/uploads\/2013\/05\/Pr-178_v1.jpg 807w\" sizes=\"auto, (max-width: 300px) 100vw, 300px\" \/><\/a>Ah! Mes chers iris!<\/p>\n<p style=\"text-align: justify;\">En Avril, le premier \u00e0 sourire est ce blanc blotti contre la douce \u00e9corce de l&rsquo;arbre de Jud\u00e9e.<\/p>\n<p style=\"text-align: justify;\">.<\/p>\n<p style=\"text-align: justify;\">Iris dans le vent-<\/p>\n<p style=\"text-align: justify;\">Captif de leurs falbalas<\/p>\n<p style=\"text-align: justify;\">Reste de n\u00e9v\u00e9<\/p>\n<p style=\"text-align: justify;\">.<a href=\"https:\/\/martinemrichard.fr\/blog\/wp-content\/uploads\/2013\/05\/IMG_6027_v1.jpg\"><img loading=\"lazy\" decoding=\"async\" class=\"alignright size-medium wp-image-7234\" src=\"https:\/\/martinemrichard.fr\/blog\/wp-content\/uploads\/2013\/05\/IMG_6027_v1-225x300.jpg\" alt=\"IMG_6027_v1\" width=\"225\" height=\"300\" srcset=\"https:\/\/martinemrichard.fr\/blog\/wp-content\/uploads\/2013\/05\/IMG_6027_v1-225x300.jpg 225w, https:\/\/martinemrichard.fr\/blog\/wp-content\/uploads\/2013\/05\/IMG_6027_v1-768x1024.jpg 768w, https:\/\/martinemrichard.fr\/blog\/wp-content\/uploads\/2013\/05\/IMG_6027_v1.jpg 788w\" sizes=\"auto, (max-width: 225px) 100vw, 225px\" \/><\/a><\/p>\n<p>Vers la mi-avril, \u00e0 deux sauts de puce, s&rsquo;\u00e9panouit, timide, un lilliputien. Il n&rsquo;a rien \u00e0 envier \u00e0 ses fr\u00e8res germanica .\u00a0 Portant en lui la fra\u00eecheur des glaciers ce Tom-pouce appr\u00e9cie la chaleur du soleil.<\/p>\n<p>.<\/p>\n<p style=\"text-align: justify;\">M\u00e9t\u00e9o grognon-<\/p>\n<p style=\"text-align: justify;\">Le bleu du ciel resplendit<\/p>\n<p style=\"text-align: justify;\">Au c\u0153ur de l&rsquo;iris<\/p>\n<p style=\"text-align: justify;\">.<\/p>\n<p style=\"text-align: justify;\"><a href=\"https:\/\/martinemrichard.fr\/blog\/wp-content\/uploads\/2013\/05\/F3-2_v1.jpg\"><img loading=\"lazy\" decoding=\"async\" class=\"alignright size-medium wp-image-7237\" src=\"https:\/\/martinemrichard.fr\/blog\/wp-content\/uploads\/2013\/05\/F3-2_v1-225x300.jpg\" alt=\"F3-2_v1\" width=\"225\" height=\"300\" srcset=\"https:\/\/martinemrichard.fr\/blog\/wp-content\/uploads\/2013\/05\/F3-2_v1-225x300.jpg 225w, https:\/\/martinemrichard.fr\/blog\/wp-content\/uploads\/2013\/05\/F3-2_v1.jpg 453w\" sizes=\"auto, (max-width: 225px) 100vw, 225px\" \/><\/a>Rose nonchalance pour cette superbe association. Profitant de la protection dor\u00e9e du gen\u00eat, voici une fleur qui prend son temps.\u00a0 Elle attend fin mai pour nous offrir son teint abricot\u00e9, ses reflets prune d&rsquo; Ente. L&rsquo;\u00e9clat minium de la barbe s\u00e9duit papillons et abeilles&#8230; Comment lui r\u00e9sister?<\/p>\n<p style=\"text-align: justify;\">Ivresse &#8211;<\/p>\n<p style=\"text-align: justify;\">Papillon immobile<\/p>\n<p style=\"text-align: justify;\">L&rsquo;iris s&rsquo;offre au soleil<\/p>\n<p style=\"text-align: justify;\">.<\/p>\n<p style=\"text-align: justify;\">Mai<\/p>\n<p style=\"text-align: justify;\">O joli Mai<\/p>\n<p style=\"text-align: justify;\"><a href=\"https:\/\/martinemrichard.fr\/blog\/wp-content\/uploads\/2013\/05\/IMG_7903_v1.jpg\"><img loading=\"lazy\" decoding=\"async\" class=\"alignright size-medium wp-image-7228\" src=\"https:\/\/martinemrichard.fr\/blog\/wp-content\/uploads\/2013\/05\/IMG_7903_v1-200x300.jpg\" alt=\"IMG_7903_v1\" width=\"200\" height=\"300\" srcset=\"https:\/\/martinemrichard.fr\/blog\/wp-content\/uploads\/2013\/05\/IMG_7903_v1-200x300.jpg 200w, https:\/\/martinemrichard.fr\/blog\/wp-content\/uploads\/2013\/05\/IMG_7903_v1-683x1024.jpg 683w, https:\/\/martinemrichard.fr\/blog\/wp-content\/uploads\/2013\/05\/IMG_7903_v1.jpg 884w\" sizes=\"auto, (max-width: 200px) 100vw, 200px\" \/><\/a>Selon les ann\u00e9es, sourit ou pleure.<\/p>\n<p style=\"text-align: justify;\">Un mois o\u00f9 Ph\u00e9bus joue \u00e0 cloche-pied dans les nuages nacre et onyx.<\/p>\n<p style=\"text-align: justify;\">.<\/p>\n<p style=\"text-align: justify;\">Pluie en guet-apens-<\/p>\n<p style=\"text-align: justify;\">Sa robe constell\u00e9e d&rsquo;eau<\/p>\n<p style=\"text-align: justify;\">L&rsquo;iris , t\u00eate basse<\/p>\n<p style=\"text-align: justify;\">.<\/p>\n<p style=\"text-align: justify;\">Juin voit le rideau retomber et mes iris s&rsquo;endorment jusqu&rsquo;au printemps prochain.<\/p>\n<p style=\"text-align: justify;\"><a href=\"https:\/\/martinemrichard.fr\/blog\/wp-content\/uploads\/2014\/12\/IMG_6211_v1.jpg\"><img loading=\"lazy\" decoding=\"async\" class=\"alignright size-medium wp-image-9210\" src=\"https:\/\/martinemrichard.fr\/blog\/wp-content\/uploads\/2014\/12\/IMG_6211_v1-224x300.jpg\" alt=\"IMG_6211_v1\" width=\"224\" height=\"300\" srcset=\"https:\/\/martinemrichard.fr\/blog\/wp-content\/uploads\/2014\/12\/IMG_6211_v1-224x300.jpg 224w, https:\/\/martinemrichard.fr\/blog\/wp-content\/uploads\/2014\/12\/IMG_6211_v1-767x1024.jpg 767w, https:\/\/martinemrichard.fr\/blog\/wp-content\/uploads\/2014\/12\/IMG_6211_v1.jpg 859w\" sizes=\"auto, (max-width: 224px) 100vw, 224px\" \/><\/a>.<\/p>\n<p style=\"text-align: justify;\">MMR ( tous droits r\u00e9serv\u00e9s)<\/p>\n<p style=\"text-align: justify;\"><span style=\"color: #ff0000;\"><strong>Un billet, d&rsquo;avant novembre, qui patientait dans mes brouillons. On peut cliquer sur les images pour les agrandir.<\/strong><\/span><\/p>\n","protected":false},"excerpt":{"rendered":"<p>Ah! Mes chers iris! En Avril, le premier \u00e0 sourire est ce blanc blotti contre la douce \u00e9corce de l&rsquo;arbre de Jud\u00e9e. . Iris dans le vent- Captif de leurs falbalas Reste de n\u00e9v\u00e9 . Vers la mi-avril, \u00e0 deux sauts de puce, s&rsquo;\u00e9panouit, timide, un lilliputien. Il n&rsquo;a rien \u00e0 envier \u00e0 ses fr\u00e8res [&hellip;]<\/p>\n","protected":false},"author":1,"featured_media":0,"comment_status":"open","ping_status":"open","sticky":false,"template":"","format":"standard","meta":{"footnotes":""},"categories":[71,35],"tags":[],"class_list":["post-7268","post","type-post","status-publish","format-standard","hentry","category-jardin-fleur","category-haikus-haibuns"],"_links":{"self":[{"href":"https:\/\/martinemrichard.fr\/blog\/index.php?rest_route=\/wp\/v2\/posts\/7268","targetHints":{"allow":["GET"]}}],"collection":[{"href":"https:\/\/martinemrichard.fr\/blog\/index.php?rest_route=\/wp\/v2\/posts"}],"about":[{"href":"https:\/\/martinemrichard.fr\/blog\/index.php?rest_route=\/wp\/v2\/types\/post"}],"author":[{"embeddable":true,"href":"https:\/\/martinemrichard.fr\/blog\/index.php?rest_route=\/wp\/v2\/users\/1"}],"replies":[{"embeddable":true,"href":"https:\/\/martinemrichard.fr\/blog\/index.php?rest_route=%2Fwp%2Fv2%2Fcomments&post=7268"}],"version-history":[{"count":53,"href":"https:\/\/martinemrichard.fr\/blog\/index.php?rest_route=\/wp\/v2\/posts\/7268\/revisions"}],"predecessor-version":[{"id":11243,"href":"https:\/\/martinemrichard.fr\/blog\/index.php?rest_route=\/wp\/v2\/posts\/7268\/revisions\/11243"}],"wp:attachment":[{"href":"https:\/\/martinemrichard.fr\/blog\/index.php?rest_route=%2Fwp%2Fv2%2Fmedia&parent=7268"}],"wp:term":[{"taxonomy":"category","embeddable":true,"href":"https:\/\/martinemrichard.fr\/blog\/index.php?rest_route=%2Fwp%2Fv2%2Fcategories&post=7268"},{"taxonomy":"post_tag","embeddable":true,"href":"https:\/\/martinemrichard.fr\/blog\/index.php?rest_route=%2Fwp%2Fv2%2Ftags&post=7268"}],"curies":[{"name":"wp","href":"https:\/\/api.w.org\/{rel}","templated":true}]}}