{"id":7396,"date":"2013-07-07T05:11:13","date_gmt":"2013-07-07T04:11:13","guid":{"rendered":"http:\/\/martinemrichard.fr\/blog\/?p=7396"},"modified":"2013-07-07T05:11:13","modified_gmt":"2013-07-07T04:11:13","slug":"oeillets","status":"publish","type":"post","link":"https:\/\/martinemrichard.fr\/blog\/?p=7396","title":{"rendered":"oeillets"},"content":{"rendered":"<p><a href=\"https:\/\/martinemrichard.fr\/blog\/wp-content\/uploads\/2013\/07\/IMG_9241_v1.jpg\"><img loading=\"lazy\" decoding=\"async\" class=\"alignright size-medium wp-image-7397\" alt=\"IMG_9241_v1\" src=\"https:\/\/martinemrichard.fr\/blog\/wp-content\/uploads\/2013\/07\/IMG_9241_v1-225x300.jpg\" width=\"225\" height=\"300\" srcset=\"https:\/\/martinemrichard.fr\/blog\/wp-content\/uploads\/2013\/07\/IMG_9241_v1-225x300.jpg 225w, https:\/\/martinemrichard.fr\/blog\/wp-content\/uploads\/2013\/07\/IMG_9241_v1-768x1024.jpg 768w, https:\/\/martinemrichard.fr\/blog\/wp-content\/uploads\/2013\/07\/IMG_9241_v1.jpg 1052w\" sizes=\"auto, (max-width: 225px) 100vw, 225px\" \/><\/a><a href=\"https:\/\/martinemrichard.fr\/blog\/wp-content\/uploads\/2013\/07\/IMG_9298_v1.jpg\"><img loading=\"lazy\" decoding=\"async\" class=\"alignleft size-medium wp-image-7398\" alt=\"IMG_9298_v1\" src=\"https:\/\/martinemrichard.fr\/blog\/wp-content\/uploads\/2013\/07\/IMG_9298_v1-225x300.jpg\" width=\"225\" height=\"300\" srcset=\"https:\/\/martinemrichard.fr\/blog\/wp-content\/uploads\/2013\/07\/IMG_9298_v1-225x300.jpg 225w, https:\/\/martinemrichard.fr\/blog\/wp-content\/uploads\/2013\/07\/IMG_9298_v1-768x1024.jpg 768w, https:\/\/martinemrichard.fr\/blog\/wp-content\/uploads\/2013\/07\/IMG_9298_v1.jpg 1052w\" sizes=\"auto, (max-width: 225px) 100vw, 225px\" \/><\/a>.<\/p>\n<p>.<\/p>\n<p>Entre deux nuages<\/p>\n<p>Entre deux frissons<\/p>\n<p>Sourire miel\u00a0 poivr\u00e9<\/p>\n<p>Aux franges des \u0153illets<\/p>\n<p>.<\/p>\n<p>\u0152illet mignardise, \u0153illet chabaud, \u0153illet des fleuristes, \u0153illet g\u00e9ant de Nice&#8230;. Les graines \u00e9taient m\u00e9lang\u00e9es dans ma petite boite \u00e0 semis.<\/p>\n<p><a href=\"https:\/\/martinemrichard.fr\/blog\/wp-content\/uploads\/2013\/07\/IMG_8448_v1.jpg\"><img loading=\"lazy\" decoding=\"async\" class=\"alignright size-medium wp-image-7404\" alt=\"IMG_8448_v1\" src=\"https:\/\/martinemrichard.fr\/blog\/wp-content\/uploads\/2013\/07\/IMG_8448_v1-225x300.jpg\" width=\"225\" height=\"300\" srcset=\"https:\/\/martinemrichard.fr\/blog\/wp-content\/uploads\/2013\/07\/IMG_8448_v1-225x300.jpg 225w, https:\/\/martinemrichard.fr\/blog\/wp-content\/uploads\/2013\/07\/IMG_8448_v1-768x1024.jpg 768w, https:\/\/martinemrichard.fr\/blog\/wp-content\/uploads\/2013\/07\/IMG_8448_v1.jpg 1052w\" sizes=\"auto, (max-width: 225px) 100vw, 225px\" \/><\/a><\/p>\n<p><a href=\"https:\/\/martinemrichard.fr\/blog\/wp-content\/uploads\/2013\/07\/IMG_7622_v1.jpg\"><img loading=\"lazy\" decoding=\"async\" class=\"alignleft size-medium wp-image-7410\" alt=\"IMG_7622_v1\" src=\"https:\/\/martinemrichard.fr\/blog\/wp-content\/uploads\/2013\/07\/IMG_7622_v1-225x300.jpg\" width=\"225\" height=\"300\" srcset=\"https:\/\/martinemrichard.fr\/blog\/wp-content\/uploads\/2013\/07\/IMG_7622_v1-225x300.jpg 225w, https:\/\/martinemrichard.fr\/blog\/wp-content\/uploads\/2013\/07\/IMG_7622_v1-768x1024.jpg 768w, https:\/\/martinemrichard.fr\/blog\/wp-content\/uploads\/2013\/07\/IMG_7622_v1.jpg 1052w\" sizes=\"auto, (max-width: 225px) 100vw, 225px\" \/><\/a>.<\/p>\n<p>.<\/p>\n<p>Saisi par l&rsquo;essence du Temps<\/p>\n<p>Ou celle des mignardises,<\/p>\n<p>S\u00e9rapias* se laissent bercer<\/p>\n<p>Au souffle tramontane.<\/p>\n<p>.<\/p>\n<p>Un peu trop de rouge, pas assez de diversit\u00e9, j\u2019ach\u00e8terai d&rsquo;autres semences&#8230;<\/p>\n<p><a href=\"https:\/\/martinemrichard.fr\/blog\/wp-content\/uploads\/2013\/07\/IMG_9138_v1.jpg\"><img loading=\"lazy\" decoding=\"async\" class=\"alignright size-medium wp-image-7419\" alt=\"IMG_9138_v1\" src=\"https:\/\/martinemrichard.fr\/blog\/wp-content\/uploads\/2013\/07\/IMG_9138_v1-225x300.jpg\" width=\"225\" height=\"300\" srcset=\"https:\/\/martinemrichard.fr\/blog\/wp-content\/uploads\/2013\/07\/IMG_9138_v1-225x300.jpg 225w, https:\/\/martinemrichard.fr\/blog\/wp-content\/uploads\/2013\/07\/IMG_9138_v1-768x1024.jpg 768w, https:\/\/martinemrichard.fr\/blog\/wp-content\/uploads\/2013\/07\/IMG_9138_v1.jpg 958w\" sizes=\"auto, (max-width: 225px) 100vw, 225px\" \/><\/a><a href=\"https:\/\/martinemrichard.fr\/blog\/wp-content\/uploads\/2013\/07\/IMG_9131_v1.jpg\"><img loading=\"lazy\" decoding=\"async\" class=\"alignleft size-medium wp-image-7420\" alt=\"IMG_9131_v1\" src=\"https:\/\/martinemrichard.fr\/blog\/wp-content\/uploads\/2013\/07\/IMG_9131_v1-225x300.jpg\" width=\"225\" height=\"300\" srcset=\"https:\/\/martinemrichard.fr\/blog\/wp-content\/uploads\/2013\/07\/IMG_9131_v1-225x300.jpg 225w, https:\/\/martinemrichard.fr\/blog\/wp-content\/uploads\/2013\/07\/IMG_9131_v1-768x1024.jpg 768w, https:\/\/martinemrichard.fr\/blog\/wp-content\/uploads\/2013\/07\/IMG_9131_v1.jpg 1283w\" sizes=\"auto, (max-width: 225px) 100vw, 225px\" \/><\/a>.<\/p>\n<p>.<\/p>\n<p>Les chaudes fragrances<\/p>\n<p>Ne tournent pas la t\u00eate<\/p>\n<p>De l&#8217;emb\u00fbche* aux huit yeux<\/p>\n<p>Dress\u00e9e sur ses pattes<\/p>\n<p>.<\/p>\n<p>MMr ( tous droits r\u00e9serv\u00e9s)<\/p>\n<p>* s\u00e9rapias: orchid\u00e9e colonisant peu \u00e0 peu le passage au pied de ma plate-bande.<\/p>\n<p>*l\u2019emb\u00fbche est une belle araign\u00e9e dor\u00e9e<\/p>\n<p><span style=\"color: #800080;\"><strong>Cliquez sur les photos pour agrandir svp, merci<\/strong><\/span><\/p>\n","protected":false},"excerpt":{"rendered":"<p>. . Entre deux nuages Entre deux frissons Sourire miel\u00a0 poivr\u00e9 Aux franges des \u0153illets . \u0152illet mignardise, \u0153illet chabaud, \u0153illet des fleuristes, \u0153illet g\u00e9ant de Nice&#8230;. Les graines \u00e9taient m\u00e9lang\u00e9es dans ma petite boite \u00e0 semis. . . Saisi par l&rsquo;essence du Temps Ou celle des mignardises, S\u00e9rapias* se laissent bercer Au souffle tramontane. [&hellip;]<\/p>\n","protected":false},"author":1,"featured_media":0,"comment_status":"open","ping_status":"open","sticky":false,"template":"","format":"standard","meta":{"footnotes":""},"categories":[71],"tags":[11,719,721,718,720,31,48,49],"class_list":["post-7396","post","type-post","status-publish","format-standard","hentry","category-jardin-fleur","tag-jardin","tag-oeillet-chabaud","tag-oeillet-des-fleuristes","tag-oeillet-geant-de-nice","tag-oeillet-mignardise","tag-oeillets","tag-orchidees-deurope","tag-serapias"],"_links":{"self":[{"href":"https:\/\/martinemrichard.fr\/blog\/index.php?rest_route=\/wp\/v2\/posts\/7396","targetHints":{"allow":["GET"]}}],"collection":[{"href":"https:\/\/martinemrichard.fr\/blog\/index.php?rest_route=\/wp\/v2\/posts"}],"about":[{"href":"https:\/\/martinemrichard.fr\/blog\/index.php?rest_route=\/wp\/v2\/types\/post"}],"author":[{"embeddable":true,"href":"https:\/\/martinemrichard.fr\/blog\/index.php?rest_route=\/wp\/v2\/users\/1"}],"replies":[{"embeddable":true,"href":"https:\/\/martinemrichard.fr\/blog\/index.php?rest_route=%2Fwp%2Fv2%2Fcomments&post=7396"}],"version-history":[{"count":28,"href":"https:\/\/martinemrichard.fr\/blog\/index.php?rest_route=\/wp\/v2\/posts\/7396\/revisions"}],"predecessor-version":[{"id":7430,"href":"https:\/\/martinemrichard.fr\/blog\/index.php?rest_route=\/wp\/v2\/posts\/7396\/revisions\/7430"}],"wp:attachment":[{"href":"https:\/\/martinemrichard.fr\/blog\/index.php?rest_route=%2Fwp%2Fv2%2Fmedia&parent=7396"}],"wp:term":[{"taxonomy":"category","embeddable":true,"href":"https:\/\/martinemrichard.fr\/blog\/index.php?rest_route=%2Fwp%2Fv2%2Fcategories&post=7396"},{"taxonomy":"post_tag","embeddable":true,"href":"https:\/\/martinemrichard.fr\/blog\/index.php?rest_route=%2Fwp%2Fv2%2Ftags&post=7396"}],"curies":[{"name":"wp","href":"https:\/\/api.w.org\/{rel}","templated":true}]}}