{"id":7577,"date":"2013-09-01T05:15:26","date_gmt":"2013-09-01T04:15:26","guid":{"rendered":"http:\/\/martinemrichard.fr\/blog\/?p=7577"},"modified":"2013-09-01T05:15:26","modified_gmt":"2013-09-01T04:15:26","slug":"la-marguerite-des-possibles","status":"publish","type":"post","link":"https:\/\/martinemrichard.fr\/blog\/?p=7577","title":{"rendered":"La marguerite des possibles"},"content":{"rendered":"<p>A force d&rsquo;en parler, la voici, la voil\u00e0 cette troisi\u00e8me \u00e9dition des anthologies \u00e9ph\u00e9m\u00e8res. <a href=\"https:\/\/martinemrichard.fr\/blog\/wp-content\/uploads\/2013\/08\/130818_couverture_500.jpg\"><img loading=\"lazy\" decoding=\"async\" class=\"alignright size-medium wp-image-7578\" alt=\"130818_couverture_500\" src=\"https:\/\/martinemrichard.fr\/blog\/wp-content\/uploads\/2013\/08\/130818_couverture_500-209x300.jpg\" width=\"209\" height=\"300\" srcset=\"https:\/\/martinemrichard.fr\/blog\/wp-content\/uploads\/2013\/08\/130818_couverture_500-209x300.jpg 209w, https:\/\/martinemrichard.fr\/blog\/wp-content\/uploads\/2013\/08\/130818_couverture_500.jpg 349w\" sizes=\"auto, (max-width: 209px) 100vw, 209px\" \/><\/a>\ud83d\ude09<\/p>\n<p style=\"text-align: justify;\">\u00a0Apr\u00e8s \u00ab\u00a0l&rsquo;atelier de Mijoty\u00a0\u00bb<\/p>\n<p style=\"text-align: justify;\">Apr\u00e8s \u00ab\u00a0la boite \u00e0 r\u00eaves\u00a0\u00bb<\/p>\n<p style=\"text-align: justify;\">\u00ab\u00a0La marguerite des possibles\u00a0\u00bb est la troisi\u00e8me \u00ab\u00a0Anthologie \u00e9ph\u00e9m\u00e8re\u00a0\u00bb r\u00e9alis\u00e9e par un collectif d&rsquo;auteurs et illustrateurs dont le but est de permettre \u00e0 un enfant\u00a0 malade de r\u00e9aliser son r\u00eave.<\/p>\n<p style=\"text-align: justify;\">Nous sommes 103 \u00e0 avoir particip\u00e9 \u00e0 ce nouvel opus.<\/p>\n<p style=\"text-align: justify;\">Notre marguerite a donc 103 p\u00e9tales \u00e0 effeuiller tendrement en tournant les pages de ce recueil dont chaque texte ( po\u00e8me, conte, nouvelle, r\u00e9cits divers), chaque illustration ( tableau, aquarelle, pastel, dessin, collage, photo ou photomontage) a \u00e9t\u00e9 cr\u00e9\u00e9 avec c\u0153ur et talent par des personnalit\u00e9s connus ou non, qui avaient seulement envie de partager le m\u00eame r\u00eave.<\/p>\n<p style=\"text-align: justify;\">La jolie couverture a \u00e9t\u00e9 r\u00e9alis\u00e9e par<a href=\"http:\/\/galeriesolyzaan.over-blog.com\/article-la-marguerite-des-possibles-119663435.html\"><span style=\"color: #0000ff;\"><strong> Solysaan,<\/strong> <\/span><\/a><\/p>\n<p style=\"text-align: justify;\">Chaque livre est vendu 15\u20ac, auquel il faut ajouter les frais de port correspondant \u00e0 une lettre de plus de 250gr ( tarif de la poste lettre verte ou prioritaire selon le d\u00e9sir de chacun)<\/p>\n<p style=\"text-align: justify;\">Pour commander s&rsquo;adresser \u00e0 <a href=\"http:\/\/quichottine.fr\/2013\/08\/25\/la-marguerite-des-possibles-souscription\/\"><span style=\"color: #0000ff;\"><strong>Quichottine<\/strong>\u00a0<\/span><\/a><\/p>\n<p style=\"text-align: justify;\">Ou directement sur\u00a0 <a href=\"http:\/\/quichottine.fr\/2013\/08\/25\/la-marguerite-des-possibles-souscription\/\"><strong><span style=\"color: #0000ff;\">Les Anthologies \u00e9ph\u00e9m\u00e8res\u00a0\u00bb<\/span><\/strong><\/a><\/p>\n<p style=\"text-align: justify;\">La souscription a d\u00e9marr\u00e9 et se terminera le <span style=\"color: #ff0000;\"><strong>25 septembre. <\/strong><span style=\"color: #000000;\">Les ch\u00e8ques seront encaiss\u00e9s seulement apr\u00e8s cette date. La livraison des livres devrait se faire la premi\u00e8re dizaine d&rsquo;octobre. ( tout d\u00e9pend du d\u00e9lai de fabrication de\u00a0 TheBookEdition)<\/span><\/span><\/p>\n<p style=\"text-align: justify;\"><span style=\"color: #800080;\"><strong>12 octobre<\/strong><\/span>: <a href=\"http:\/\/www.reves.fr\/fr\/menu\/journee-nationale-reves-.html\"><em>journ\u00e9e nationale des r\u00eaves<\/em><\/a><\/p>\n<p style=\"text-align: justify;\">La Marguerite des possibles sera d\u00e9sormais disponible dans le catalogue de TheBookEdition pour les achats en ligne de ceux qui n&rsquo;auront pas pu se le procurer par l&rsquo;interm\u00e9diaire de Quichottine<\/p>\n<p style=\"text-align: justify;\">Tous les droits et b\u00e9n\u00e9fices seront enti\u00e8rement\u00a0 revers\u00e9s \u00e0 <a href=\"http:\/\/www.reves.fr\/\"><span style=\"color: #0000ff;\"><strong>R\u00eaves<\/strong><\/span><\/a><\/p>\n<p style=\"text-align: justify;\"><em>Ce f\u00fbt un honneur, une joie pour moi , d&rsquo;offrir un po\u00e8me illustr\u00e9 d&rsquo;un dessin pour cette belle cause<\/em><\/p>\n<p style=\"text-align: justify;\">MMR<\/p>\n","protected":false},"excerpt":{"rendered":"<p>A force d&rsquo;en parler, la voici, la voil\u00e0 cette troisi\u00e8me \u00e9dition des anthologies \u00e9ph\u00e9m\u00e8res. \ud83d\ude09 \u00a0Apr\u00e8s \u00ab\u00a0l&rsquo;atelier de Mijoty\u00a0\u00bb Apr\u00e8s \u00ab\u00a0la boite \u00e0 r\u00eaves\u00a0\u00bb \u00ab\u00a0La marguerite des possibles\u00a0\u00bb est la troisi\u00e8me \u00ab\u00a0Anthologie \u00e9ph\u00e9m\u00e8re\u00a0\u00bb r\u00e9alis\u00e9e par un collectif d&rsquo;auteurs et illustrateurs dont le but est de permettre \u00e0 un enfant\u00a0 malade de r\u00e9aliser son r\u00eave. Nous [&hellip;]<\/p>\n","protected":false},"author":1,"featured_media":0,"comment_status":"open","ping_status":"open","sticky":false,"template":"","format":"standard","meta":{"footnotes":""},"categories":[249],"tags":[737,738,739,740],"class_list":["post-7577","post","type-post","status-publish","format-standard","hentry","category-mijoty","tag-association-reves","tag-la-marguerite-des-possibles","tag-marguerite","tag-reve-dun-enfant-malade"],"_links":{"self":[{"href":"https:\/\/martinemrichard.fr\/blog\/index.php?rest_route=\/wp\/v2\/posts\/7577","targetHints":{"allow":["GET"]}}],"collection":[{"href":"https:\/\/martinemrichard.fr\/blog\/index.php?rest_route=\/wp\/v2\/posts"}],"about":[{"href":"https:\/\/martinemrichard.fr\/blog\/index.php?rest_route=\/wp\/v2\/types\/post"}],"author":[{"embeddable":true,"href":"https:\/\/martinemrichard.fr\/blog\/index.php?rest_route=\/wp\/v2\/users\/1"}],"replies":[{"embeddable":true,"href":"https:\/\/martinemrichard.fr\/blog\/index.php?rest_route=%2Fwp%2Fv2%2Fcomments&post=7577"}],"version-history":[{"count":6,"href":"https:\/\/martinemrichard.fr\/blog\/index.php?rest_route=\/wp\/v2\/posts\/7577\/revisions"}],"predecessor-version":[{"id":7585,"href":"https:\/\/martinemrichard.fr\/blog\/index.php?rest_route=\/wp\/v2\/posts\/7577\/revisions\/7585"}],"wp:attachment":[{"href":"https:\/\/martinemrichard.fr\/blog\/index.php?rest_route=%2Fwp%2Fv2%2Fmedia&parent=7577"}],"wp:term":[{"taxonomy":"category","embeddable":true,"href":"https:\/\/martinemrichard.fr\/blog\/index.php?rest_route=%2Fwp%2Fv2%2Fcategories&post=7577"},{"taxonomy":"post_tag","embeddable":true,"href":"https:\/\/martinemrichard.fr\/blog\/index.php?rest_route=%2Fwp%2Fv2%2Ftags&post=7577"}],"curies":[{"name":"wp","href":"https:\/\/api.w.org\/{rel}","templated":true}]}}