{"id":7590,"date":"2013-09-22T19:46:37","date_gmt":"2013-09-22T18:46:37","guid":{"rendered":"http:\/\/martinemrichard.fr\/blog\/?p=7590"},"modified":"2013-09-23T19:49:15","modified_gmt":"2013-09-23T18:49:15","slug":"fin-dete","status":"publish","type":"post","link":"https:\/\/martinemrichard.fr\/blog\/?p=7590","title":{"rendered":"Fin d&rsquo;\u00e9t\u00e9"},"content":{"rendered":"<p>Fin d&rsquo;\u00e9t\u00e9<a href=\"https:\/\/martinemrichard.fr\/blog\/wp-content\/uploads\/2013\/09\/IMG_0717_v1.jpg\"><img loading=\"lazy\" decoding=\"async\" class=\"alignright size-medium wp-image-7591\" alt=\"IMG_0717_v1\" src=\"https:\/\/martinemrichard.fr\/blog\/wp-content\/uploads\/2013\/09\/IMG_0717_v1-300x225.jpg\" width=\"300\" height=\"225\" srcset=\"https:\/\/martinemrichard.fr\/blog\/wp-content\/uploads\/2013\/09\/IMG_0717_v1-300x225.jpg 300w, https:\/\/martinemrichard.fr\/blog\/wp-content\/uploads\/2013\/09\/IMG_0717_v1-1024x768.jpg 1024w, https:\/\/martinemrichard.fr\/blog\/wp-content\/uploads\/2013\/09\/IMG_0717_v1.jpg 1402w\" sizes=\"auto, (max-width: 300px) 100vw, 300px\" \/><\/a> \u00e9blouissante.<\/p>\n<p>L&rsquo;oc\u00e9an, au loin, d\u00e9roulait inlassablement son appel aguichant&#8230;<\/p>\n<p>\u00ab\u00a0Viens&#8230; viens&#8230;<\/p>\n<p>Coquillages et cerfs-volants&#8230;<\/p>\n<p>Siestes et ch\u00e2teaux de sable&#8230;.<\/p>\n<p>Viens&#8230; viens jouer \u00e0 saute vagues&#8230;\u00a0\u00bb<\/p>\n<p>Pour l&rsquo;heure, la mar\u00e9e \u00e9tait basse et Oc\u00e9an pouvait bien attendre un peu.<\/p>\n<p>La baie de<a href=\"https:\/\/fr.wikipedia.org\/wiki\/Baie_de_Bonne_Anse\"><span style=\"color: #0000ff;\"><strong> Bonne Anse<\/strong>\u00a0<\/span><\/a> me promettait quelques jolies surprises.<a href=\"https:\/\/martinemrichard.fr\/blog\/wp-content\/uploads\/2013\/09\/IMG_0746_v1.jpg\"><img loading=\"lazy\" decoding=\"async\" class=\"alignright size-medium wp-image-7593\" alt=\"IMG_0746_v1\" src=\"https:\/\/martinemrichard.fr\/blog\/wp-content\/uploads\/2013\/09\/IMG_0746_v1-300x285.jpg\" width=\"300\" height=\"285\" srcset=\"https:\/\/martinemrichard.fr\/blog\/wp-content\/uploads\/2013\/09\/IMG_0746_v1-300x285.jpg 300w, https:\/\/martinemrichard.fr\/blog\/wp-content\/uploads\/2013\/09\/IMG_0746_v1.jpg 932w\" sizes=\"auto, (max-width: 300px) 100vw, 300px\" \/><\/a><\/p>\n<p><a href=\"https:\/\/martinemrichard.fr\/blog\/wp-content\/uploads\/2013\/09\/IMG_0736_v1.jpg\"><img loading=\"lazy\" decoding=\"async\" class=\"alignleft size-medium wp-image-7592\" alt=\"IMG_0736_v1\" src=\"https:\/\/martinemrichard.fr\/blog\/wp-content\/uploads\/2013\/09\/IMG_0736_v1-300x285.jpg\" width=\"300\" height=\"285\" srcset=\"https:\/\/martinemrichard.fr\/blog\/wp-content\/uploads\/2013\/09\/IMG_0736_v1-300x285.jpg 300w, https:\/\/martinemrichard.fr\/blog\/wp-content\/uploads\/2013\/09\/IMG_0736_v1.jpg 932w\" sizes=\"auto, (max-width: 300px) 100vw, 300px\" \/><\/a>.<\/p>\n<p>.<\/p>\n<p>.<\/p>\n<p>.<\/p>\n<p>.<\/p>\n<p>.<\/p>\n<p>.<\/p>\n<p>A gauche, la vanesse des chardons voletait de fleurs en fleurs, en prenant tout son temps. A droite, un pi\u00e9ride se r\u00e9galait au m\u00eame hanap. Parfois un vulcain jouait au trouble-f\u00eate. Gamineries de l\u00e9pidopt\u00e8res qui enchantaient mes yeux.<\/p>\n<p><a href=\"https:\/\/martinemrichard.fr\/blog\/wp-content\/uploads\/2013\/09\/IMG_0748_v1.jpg\"><img loading=\"lazy\" decoding=\"async\" class=\"alignleft size-medium wp-image-7597\" alt=\"IMG_0748_v1\" src=\"https:\/\/martinemrichard.fr\/blog\/wp-content\/uploads\/2013\/09\/IMG_0748_v1-257x300.jpg\" width=\"257\" height=\"300\" srcset=\"https:\/\/martinemrichard.fr\/blog\/wp-content\/uploads\/2013\/09\/IMG_0748_v1-257x300.jpg 257w, https:\/\/martinemrichard.fr\/blog\/wp-content\/uploads\/2013\/09\/IMG_0748_v1-877x1024.jpg 877w, https:\/\/martinemrichard.fr\/blog\/wp-content\/uploads\/2013\/09\/IMG_0748_v1.jpg 2028w\" sizes=\"auto, (max-width: 257px) 100vw, 257px\" \/><\/a>.<a href=\"https:\/\/martinemrichard.fr\/blog\/wp-content\/uploads\/2013\/09\/IMG_0751_v1.jpg\"><img loading=\"lazy\" decoding=\"async\" class=\"alignright size-medium wp-image-7600\" alt=\"IMG_0751_v1\" src=\"https:\/\/martinemrichard.fr\/blog\/wp-content\/uploads\/2013\/09\/IMG_0751_v1-300x294.jpg\" width=\"300\" height=\"294\" srcset=\"https:\/\/martinemrichard.fr\/blog\/wp-content\/uploads\/2013\/09\/IMG_0751_v1-300x294.jpg 300w, https:\/\/martinemrichard.fr\/blog\/wp-content\/uploads\/2013\/09\/IMG_0751_v1.jpg 959w\" sizes=\"auto, (max-width: 300px) 100vw, 300px\" \/><\/a><\/p>\n<p>.<\/p>\n<p>.<\/p>\n<p>.<\/p>\n<p>.<\/p>\n<p>.<\/p>\n<p>.<\/p>\n<p>La vie bruissait doucement autour de moi, se chauffant au m\u00eame or d\u00e9licieusement br\u00fblant.<\/p>\n<p>Charme d\u00e9suet de la fausse camomille ( matricaria maritima, famille des ast\u00e9rac\u00e9es) d\u00e9daign\u00e9e des papillons. A deux sauts de puce des sables une magnifique statice commune ne retenait pas davantage l\u2019attention de tous ces capricieux gourmands.<\/p>\n<p><a href=\"https:\/\/martinemrichard.fr\/blog\/wp-content\/uploads\/2013\/09\/IMG_0757_v1.jpg\"><img loading=\"lazy\" decoding=\"async\" class=\"alignright size-medium wp-image-7609\" alt=\"IMG_0757_v1\" src=\"https:\/\/martinemrichard.fr\/blog\/wp-content\/uploads\/2013\/09\/IMG_0757_v1-238x300.jpg\" width=\"238\" height=\"300\" srcset=\"https:\/\/martinemrichard.fr\/blog\/wp-content\/uploads\/2013\/09\/IMG_0757_v1-238x300.jpg 238w, https:\/\/martinemrichard.fr\/blog\/wp-content\/uploads\/2013\/09\/IMG_0757_v1.jpg 607w\" sizes=\"auto, (max-width: 238px) 100vw, 238px\" \/><\/a>Le placide petit syrphe posa un instant sa flemme tout pr\u00e8s d&rsquo;une salicorne ( appel\u00e9 famili\u00e8rement haricot de mer).<\/p>\n<p>Les senteurs \u00e2cres des herbes envas\u00e9es, du sel, de l&rsquo;iode m&rsquo;exaltaient.\u00a0 je respirais \u00e0 fond le parfum du bleu, celui des vacances.<\/p>\n<p>C&rsquo;\u00e9tait grisant!<\/p>\n<p>MMR ( tous droits r\u00e9serv\u00e9s)<\/p>\n<p><span style=\"color: #800080;\"><strong>Cliquez sur les photos pour agrandir svp, merci<\/strong><\/span><\/p>\n","protected":false},"excerpt":{"rendered":"<p>Fin d&rsquo;\u00e9t\u00e9 \u00e9blouissante. L&rsquo;oc\u00e9an, au loin, d\u00e9roulait inlassablement son appel aguichant&#8230; \u00ab\u00a0Viens&#8230; viens&#8230; Coquillages et cerfs-volants&#8230; Siestes et ch\u00e2teaux de sable&#8230;. Viens&#8230; viens jouer \u00e0 saute vagues&#8230;\u00a0\u00bb Pour l&rsquo;heure, la mar\u00e9e \u00e9tait basse et Oc\u00e9an pouvait bien attendre un peu. La baie de Bonne Anse\u00a0 me promettait quelques jolies surprises. . . . . . [&hellip;]<\/p>\n","protected":false},"author":1,"featured_media":0,"comment_status":"open","ping_status":"open","sticky":false,"template":"","format":"standard","meta":{"footnotes":""},"categories":[389],"tags":[61,741,744,102,59,75,742,122,743],"class_list":["post-7590","post","type-post","status-publish","format-standard","hentry","category-promenades-ici-et-ailleurs","tag-bleu","tag-bonne-anse","tag-matricaria-maritima","tag-ocean","tag-or","tag-papillon","tag-salicorne","tag-soleil","tag-statice-maritima"],"_links":{"self":[{"href":"https:\/\/martinemrichard.fr\/blog\/index.php?rest_route=\/wp\/v2\/posts\/7590","targetHints":{"allow":["GET"]}}],"collection":[{"href":"https:\/\/martinemrichard.fr\/blog\/index.php?rest_route=\/wp\/v2\/posts"}],"about":[{"href":"https:\/\/martinemrichard.fr\/blog\/index.php?rest_route=\/wp\/v2\/types\/post"}],"author":[{"embeddable":true,"href":"https:\/\/martinemrichard.fr\/blog\/index.php?rest_route=\/wp\/v2\/users\/1"}],"replies":[{"embeddable":true,"href":"https:\/\/martinemrichard.fr\/blog\/index.php?rest_route=%2Fwp%2Fv2%2Fcomments&post=7590"}],"version-history":[{"count":17,"href":"https:\/\/martinemrichard.fr\/blog\/index.php?rest_route=\/wp\/v2\/posts\/7590\/revisions"}],"predecessor-version":[{"id":7613,"href":"https:\/\/martinemrichard.fr\/blog\/index.php?rest_route=\/wp\/v2\/posts\/7590\/revisions\/7613"}],"wp:attachment":[{"href":"https:\/\/martinemrichard.fr\/blog\/index.php?rest_route=%2Fwp%2Fv2%2Fmedia&parent=7590"}],"wp:term":[{"taxonomy":"category","embeddable":true,"href":"https:\/\/martinemrichard.fr\/blog\/index.php?rest_route=%2Fwp%2Fv2%2Fcategories&post=7590"},{"taxonomy":"post_tag","embeddable":true,"href":"https:\/\/martinemrichard.fr\/blog\/index.php?rest_route=%2Fwp%2Fv2%2Ftags&post=7590"}],"curies":[{"name":"wp","href":"https:\/\/api.w.org\/{rel}","templated":true}]}}