{"id":7660,"date":"2013-10-06T03:14:45","date_gmt":"2013-10-06T02:14:45","guid":{"rendered":"http:\/\/martinemrichard.fr\/blog\/?p=7660"},"modified":"2013-10-06T03:14:45","modified_gmt":"2013-10-06T02:14:45","slug":"lappel-de-locean","status":"publish","type":"post","link":"https:\/\/martinemrichard.fr\/blog\/?p=7660","title":{"rendered":"L&rsquo;appel de l&rsquo;oc\u00e9an"},"content":{"rendered":"<p style=\"text-align: justify;\">Au bord de la petite baie de Bonne Anse, <a href=\"https:\/\/martinemrichard.fr\/blog\/wp-content\/uploads\/2013\/10\/IMG_0848_v1.jpg\"><img loading=\"lazy\" decoding=\"async\" class=\"alignright size-medium wp-image-7661\" alt=\"IMG_0848_v1\" src=\"https:\/\/martinemrichard.fr\/blog\/wp-content\/uploads\/2013\/10\/IMG_0848_v1-300x225.jpg\" width=\"300\" height=\"225\" srcset=\"https:\/\/martinemrichard.fr\/blog\/wp-content\/uploads\/2013\/10\/IMG_0848_v1-300x225.jpg 300w, https:\/\/martinemrichard.fr\/blog\/wp-content\/uploads\/2013\/10\/IMG_0848_v1-1024x768.jpg 1024w, https:\/\/martinemrichard.fr\/blog\/wp-content\/uploads\/2013\/10\/IMG_0848_v1.jpg 1710w\" sizes=\"auto, (max-width: 300px) 100vw, 300px\" \/><\/a> au sein de la for\u00eat de La Coubre, j&rsquo;entendais son appel. Allez, je ne pouvais pas r\u00e9sister plus longtemps.. C&rsquo;\u00e9tait imp\u00e9rieux, n\u00e9cessaire. \u00ab\u00a0Me voici Oc\u00e9an!\u00a0\u00bb<\/p>\n<p style=\"text-align: justify;\">Un petit chemin, entre roseaux, tamaris, pins tourment\u00e9s, baccharis ( un arbrisseau <a href=\"http:\/\/www.cbnbrest.fr\/site\/pdf\/Baccharis_halimifolia.pdf\"><span style=\"color: #0000ff;\"><strong>envahisseur<\/strong><\/span><\/a> assez probl\u00e9matique), serpentait mollement\u00a0 sous l&rsquo;ardent soleil..<\/p>\n<p style=\"text-align: justify;\">Le sable miroitait sa blancheur tranch\u00e9e net par quelques ombres bienfaisantes&#8230;<\/p>\n<p style=\"text-align: justify;\"><a href=\"https:\/\/martinemrichard.fr\/blog\/wp-content\/uploads\/2013\/10\/IMG_0843_v1.jpg\"><img loading=\"lazy\" decoding=\"async\" class=\"alignright size-medium wp-image-7665\" alt=\"IMG_0843_v1\" src=\"https:\/\/martinemrichard.fr\/blog\/wp-content\/uploads\/2013\/10\/IMG_0843_v1-225x300.jpg\" width=\"225\" height=\"300\" srcset=\"https:\/\/martinemrichard.fr\/blog\/wp-content\/uploads\/2013\/10\/IMG_0843_v1-225x300.jpg 225w, https:\/\/martinemrichard.fr\/blog\/wp-content\/uploads\/2013\/10\/IMG_0843_v1-768x1024.jpg 768w, https:\/\/martinemrichard.fr\/blog\/wp-content\/uploads\/2013\/10\/IMG_0843_v1.jpg 1052w\" sizes=\"auto, (max-width: 225px) 100vw, 225px\" \/><\/a>Tr\u00e8s vite, j\u2019\u00f4tai mes espadrilles pour ressentir plus intimement cette ambiance sereine.\u00a0 M\u00e9lange de la douceur velout\u00e9e du sable et br\u00fblure des grains gorg\u00e9s de chaleur lumineuse. J&rsquo;avan\u00e7ai l&rsquo;\u00e2me en f\u00eate; accompagnant du regard ,en l&rsquo;enviant un peu, la danse l\u00e9g\u00e8re d&rsquo;un oiseau de mer. La voix d&rsquo;Oc\u00e9an se faisait de plus en plus pressente. Pas de h\u00e2te&#8230;. Je go\u00fbtai avec gourmandise chaque seconde de cette balade&#8230; Pas apr\u00e8s pas, la mont\u00e9e\u00a0 vers le sommet de la dune commen\u00e7a \u00e0 tirer sur mes jambes. Qu&rsquo;importe. L&rsquo;effort \u00e9tait lui aussi un d\u00e9lice me for\u00e7ant \u00e0 respirer plus profond\u00e9ment un air parfum\u00e9 de mica, d&rsquo;herbes, de bois dess\u00e9ch\u00e9, de sel&#8230; Soudain, j&rsquo;aper\u00e7us le chapeau rouge <a href=\"http:\/\/pays-royannais-patrimoine.com\/themes\/architecture-et-design\/objectif-phares\/l-histoire-du-phare-de-la-coubre\/\"><span style=\"color: #0000ff;\"><strong>du phare de La Coubre<\/strong><\/span><\/a><\/p>\n<p style=\"text-align: justify;\">Encore quelques centaines m\u00e8tres et&#8230;<\/p>\n<p style=\"text-align: justify;\">Majestueux et \u00e9ternel: OC\u00c9AN<a href=\"https:\/\/martinemrichard.fr\/blog\/wp-content\/uploads\/2013\/10\/IMG_0857_v1.jpg\"><img loading=\"lazy\" decoding=\"async\" class=\"alignright size-medium wp-image-7671\" alt=\"IMG_0857_v1\" src=\"https:\/\/martinemrichard.fr\/blog\/wp-content\/uploads\/2013\/10\/IMG_0857_v1-300x225.jpg\" width=\"300\" height=\"225\" srcset=\"https:\/\/martinemrichard.fr\/blog\/wp-content\/uploads\/2013\/10\/IMG_0857_v1-300x225.jpg 300w, https:\/\/martinemrichard.fr\/blog\/wp-content\/uploads\/2013\/10\/IMG_0857_v1-1024x768.jpg 1024w, https:\/\/martinemrichard.fr\/blog\/wp-content\/uploads\/2013\/10\/IMG_0857_v1.jpg 1402w\" sizes=\"auto, (max-width: 300px) 100vw, 300px\" \/><\/a>!<\/p>\n<p style=\"text-align: justify;\">Bleu! Si bleu !<\/p>\n<p style=\"text-align: justify;\">Je restai immobile m&#8217;emplissant les yeux de son immensit\u00e9. Mon bonheur \u00e9tait tel qu&rsquo;il me serrait la gorge. Comment allonger le Temps, prolonger\u00a0 cet instant pour le graver et ne rien oublier?<\/p>\n<p style=\"text-align: justify;\">Brusquement, redevenant enfant, j&rsquo;avalai les derniers m\u00e8tres puis d\u00e9valai la pente comme<a href=\"https:\/\/martinemrichard.fr\/blog\/wp-content\/uploads\/2013\/10\/IMG_0867_v1.jpg\"><img loading=\"lazy\" decoding=\"async\" class=\"alignright size-medium wp-image-7678\" alt=\"IMG_0867_v1\" src=\"https:\/\/martinemrichard.fr\/blog\/wp-content\/uploads\/2013\/10\/IMG_0867_v1-300x225.jpg\" width=\"300\" height=\"225\" srcset=\"https:\/\/martinemrichard.fr\/blog\/wp-content\/uploads\/2013\/10\/IMG_0867_v1-300x225.jpg 300w, https:\/\/martinemrichard.fr\/blog\/wp-content\/uploads\/2013\/10\/IMG_0867_v1-1024x768.jpg 1024w, https:\/\/martinemrichard.fr\/blog\/wp-content\/uploads\/2013\/10\/IMG_0867_v1.jpg 1710w\" sizes=\"auto, (max-width: 300px) 100vw, 300px\" \/><\/a><\/p>\n<p style=\"text-align: justify;\">si j&rsquo;avais le diable aux trousses.<\/p>\n<p style=\"text-align: justify;\">Un an d&rsquo;attente. Une ann\u00e9e de famine. Il d\u00e9roulait ses vagues et les d\u00e9posait \u00e0 mes pieds.\u00a0 Mes sentiments \u00e9taient indicibles. Ses jeux \u00e9meraude et argent r\u00e9sonnaient en moi, me chaviraient compl\u00e8tement. Nul besoin d&rsquo;alcool ou autre, j&rsquo;\u00e9tais exalt\u00e9e, gris\u00e9e, brindezingue, paf, saoule, \u00e9m\u00e9ch\u00e9e , pompette de lui.<\/p>\n<p style=\"text-align: justify;\">MMR ( tous droits r\u00e9serv\u00e9s)<\/p>\n<p style=\"text-align: justify;\"><span style=\"color: #800080;\"><strong>Cliquez sur les photos pour agrandir svp, merci<\/strong><\/span><\/p>\n","protected":false},"excerpt":{"rendered":"<p>Au bord de la petite baie de Bonne Anse, au sein de la for\u00eat de La Coubre, j&rsquo;entendais son appel. Allez, je ne pouvais pas r\u00e9sister plus longtemps.. C&rsquo;\u00e9tait imp\u00e9rieux, n\u00e9cessaire. \u00ab\u00a0Me voici Oc\u00e9an!\u00a0\u00bb Un petit chemin, entre roseaux, tamaris, pins tourment\u00e9s, baccharis ( un arbrisseau envahisseur assez probl\u00e9matique), serpentait mollement\u00a0 sous l&rsquo;ardent soleil.. Le [&hellip;]<\/p>\n","protected":false},"author":1,"featured_media":0,"comment_status":"open","ping_status":"open","sticky":false,"template":"","format":"standard","meta":{"footnotes":""},"categories":[389],"tags":[261,61,245,227,102,750,320,122],"class_list":["post-7660","post","type-post","status-publish","format-standard","hentry","category-promenades-ici-et-ailleurs","tag-argent","tag-bleu","tag-dune","tag-emeraude","tag-ocean","tag-phare-de-la-coubre","tag-sable","tag-soleil"],"_links":{"self":[{"href":"https:\/\/martinemrichard.fr\/blog\/index.php?rest_route=\/wp\/v2\/posts\/7660","targetHints":{"allow":["GET"]}}],"collection":[{"href":"https:\/\/martinemrichard.fr\/blog\/index.php?rest_route=\/wp\/v2\/posts"}],"about":[{"href":"https:\/\/martinemrichard.fr\/blog\/index.php?rest_route=\/wp\/v2\/types\/post"}],"author":[{"embeddable":true,"href":"https:\/\/martinemrichard.fr\/blog\/index.php?rest_route=\/wp\/v2\/users\/1"}],"replies":[{"embeddable":true,"href":"https:\/\/martinemrichard.fr\/blog\/index.php?rest_route=%2Fwp%2Fv2%2Fcomments&post=7660"}],"version-history":[{"count":26,"href":"https:\/\/martinemrichard.fr\/blog\/index.php?rest_route=\/wp\/v2\/posts\/7660\/revisions"}],"predecessor-version":[{"id":7692,"href":"https:\/\/martinemrichard.fr\/blog\/index.php?rest_route=\/wp\/v2\/posts\/7660\/revisions\/7692"}],"wp:attachment":[{"href":"https:\/\/martinemrichard.fr\/blog\/index.php?rest_route=%2Fwp%2Fv2%2Fmedia&parent=7660"}],"wp:term":[{"taxonomy":"category","embeddable":true,"href":"https:\/\/martinemrichard.fr\/blog\/index.php?rest_route=%2Fwp%2Fv2%2Fcategories&post=7660"},{"taxonomy":"post_tag","embeddable":true,"href":"https:\/\/martinemrichard.fr\/blog\/index.php?rest_route=%2Fwp%2Fv2%2Ftags&post=7660"}],"curies":[{"name":"wp","href":"https:\/\/api.w.org\/{rel}","templated":true}]}}