{"id":7963,"date":"2013-12-19T05:00:56","date_gmt":"2013-12-19T04:00:56","guid":{"rendered":"http:\/\/martinemrichard.fr\/blog\/?p=7963"},"modified":"2013-12-19T05:00:56","modified_gmt":"2013-12-19T04:00:56","slug":"plume-folatre","status":"publish","type":"post","link":"https:\/\/martinemrichard.fr\/blog\/?p=7963","title":{"rendered":"Plume fol\u00e2tre"},"content":{"rendered":"<p>Ce mois-ci,\u00a0 pour la communaut\u00e9\u00a0 d&rsquo;Evajoe,<a href=\"http:\/\/lacommunautedespasseursdemots.apln-blog.fr\/\"><span style=\"color: #0000ff;\"><strong> Les \u00ab\u00a0Passeurs de mots\u00a0\u00bb<\/strong><\/span><\/a><\/p>\n<p>le th\u00e8me propos\u00e9 est: <strong>Le r\u00eave et la plume. <\/strong>Voici ce que ma muse m&rsquo;a souffl\u00e9.<\/p>\n<p><span style=\"color: #800080;\"><strong>Cliquez sur les photos pour agrandir svp, merci.<\/strong><\/span><\/p>\n<p>.<a href=\"https:\/\/martinemrichard.fr\/blog\/wp-content\/uploads\/2013\/12\/IMG_0605_v1.jpg\"><img loading=\"lazy\" decoding=\"async\" class=\"alignright size-medium wp-image-7968\" alt=\"IMG_0605_v1\" src=\"https:\/\/martinemrichard.fr\/blog\/wp-content\/uploads\/2013\/12\/IMG_0605_v1-300x193.jpg\" width=\"300\" height=\"193\" srcset=\"https:\/\/martinemrichard.fr\/blog\/wp-content\/uploads\/2013\/12\/IMG_0605_v1-300x193.jpg 300w, https:\/\/martinemrichard.fr\/blog\/wp-content\/uploads\/2013\/12\/IMG_0605_v1-1024x660.jpg 1024w, https:\/\/martinemrichard.fr\/blog\/wp-content\/uploads\/2013\/12\/IMG_0605_v1.jpg 1965w\" sizes=\"auto, (max-width: 300px) 100vw, 300px\" \/><\/a><\/p>\n<p>Aube r\u00eave fluide<\/p>\n<p style=\"text-align: justify;\">Celle de l&rsquo;oiseau neige planant sur mon silence<\/p>\n<p style=\"text-align: justify;\">Liturgie oc\u00e9ane murmurant sa pri\u00e8re corail et rose th\u00e9<\/p>\n<p>Piane-piane<\/p>\n<p>L&rsquo;eau pose,<\/p>\n<p>Reprend,<\/p>\n<p>Puis abandonne au sable la course c\u00e9leste impr\u00e9gn\u00e9e d&rsquo;odyss\u00e9es<\/p>\n<p>Plume fol\u00e2tre<\/p>\n<p>Fr\u00e9missante d&rsquo;ailleurs<\/p>\n<p>Tu\u00a0 appelles ma main<\/p>\n<p>Caresses ma joue<a href=\"https:\/\/martinemrichard.fr\/blog\/wp-content\/uploads\/2013\/12\/IMG_4595_v1.jpg\"><img loading=\"lazy\" decoding=\"async\" class=\"alignright size-medium wp-image-7965\" alt=\"IMG_4595_v1\" src=\"https:\/\/martinemrichard.fr\/blog\/wp-content\/uploads\/2013\/12\/IMG_4595_v1-300x180.jpg\" width=\"300\" height=\"180\" srcset=\"https:\/\/martinemrichard.fr\/blog\/wp-content\/uploads\/2013\/12\/IMG_4595_v1-300x180.jpg 300w, https:\/\/martinemrichard.fr\/blog\/wp-content\/uploads\/2013\/12\/IMG_4595_v1-1024x616.jpg 1024w, https:\/\/martinemrichard.fr\/blog\/wp-content\/uploads\/2013\/12\/IMG_4595_v1.jpg 1328w\" sizes=\"auto, (max-width: 300px) 100vw, 300px\" \/><\/a><\/p>\n<p style=\"text-align: justify;\">Lib\u00e8res les fragrances mangues et papayes<\/p>\n<p>Distilles\u00a0 perles fines sur fond de lagon bleu<\/p>\n<p>Inventes, redessines une carte au tr\u00e9sor<\/p>\n<p>Le mirage s&rsquo;invite<\/p>\n<p>M&#8217;emporte sur ses ailes alb\u00e2tre et or bruni&#8230;<\/p>\n<p>.<\/p>\n<p>MMR ( tous droits r\u00e9serv\u00e9s)<\/p>\n<p>&nbsp;<\/p>\n<p>&nbsp;<\/p>\n<p>&nbsp;<\/p>\n<p>&nbsp;<\/p>\n<p>&nbsp;<\/p>\n<p>&nbsp;<\/p>\n<p>&nbsp;<\/p>\n<p>&nbsp;<\/p>\n<p>&nbsp;<\/p>\n<p>&nbsp;<\/p>\n<p>&nbsp;<\/p>\n","protected":false},"excerpt":{"rendered":"<p>Ce mois-ci,\u00a0 pour la communaut\u00e9\u00a0 d&rsquo;Evajoe, Les \u00ab\u00a0Passeurs de mots\u00a0\u00bb le th\u00e8me propos\u00e9 est: Le r\u00eave et la plume. Voici ce que ma muse m&rsquo;a souffl\u00e9. Cliquez sur les photos pour agrandir svp, merci. . Aube r\u00eave fluide Celle de l&rsquo;oiseau neige planant sur mon silence Liturgie oc\u00e9ane murmurant sa pri\u00e8re corail et rose th\u00e9 [&hellip;]<\/p>\n","protected":false},"author":1,"featured_media":0,"comment_status":"open","ping_status":"open","sticky":false,"template":"","format":"standard","meta":{"footnotes":""},"categories":[782],"tags":[492,61,783,59,784,163],"class_list":["post-7963","post","type-post","status-publish","format-standard","hentry","category-les-passeurs-de-mots","tag-aube","tag-bleu","tag-les-passeurs-de-mots-2","tag-or","tag-plume","tag-reve"],"_links":{"self":[{"href":"https:\/\/martinemrichard.fr\/blog\/index.php?rest_route=\/wp\/v2\/posts\/7963","targetHints":{"allow":["GET"]}}],"collection":[{"href":"https:\/\/martinemrichard.fr\/blog\/index.php?rest_route=\/wp\/v2\/posts"}],"about":[{"href":"https:\/\/martinemrichard.fr\/blog\/index.php?rest_route=\/wp\/v2\/types\/post"}],"author":[{"embeddable":true,"href":"https:\/\/martinemrichard.fr\/blog\/index.php?rest_route=\/wp\/v2\/users\/1"}],"replies":[{"embeddable":true,"href":"https:\/\/martinemrichard.fr\/blog\/index.php?rest_route=%2Fwp%2Fv2%2Fcomments&post=7963"}],"version-history":[{"count":19,"href":"https:\/\/martinemrichard.fr\/blog\/index.php?rest_route=\/wp\/v2\/posts\/7963\/revisions"}],"predecessor-version":[{"id":7984,"href":"https:\/\/martinemrichard.fr\/blog\/index.php?rest_route=\/wp\/v2\/posts\/7963\/revisions\/7984"}],"wp:attachment":[{"href":"https:\/\/martinemrichard.fr\/blog\/index.php?rest_route=%2Fwp%2Fv2%2Fmedia&parent=7963"}],"wp:term":[{"taxonomy":"category","embeddable":true,"href":"https:\/\/martinemrichard.fr\/blog\/index.php?rest_route=%2Fwp%2Fv2%2Fcategories&post=7963"},{"taxonomy":"post_tag","embeddable":true,"href":"https:\/\/martinemrichard.fr\/blog\/index.php?rest_route=%2Fwp%2Fv2%2Ftags&post=7963"}],"curies":[{"name":"wp","href":"https:\/\/api.w.org\/{rel}","templated":true}]}}