{"id":8485,"date":"2014-04-06T07:24:36","date_gmt":"2014-04-06T06:24:36","guid":{"rendered":"http:\/\/martinemrichard.fr\/blog\/?p=8485"},"modified":"2014-04-09T05:50:50","modified_gmt":"2014-04-09T04:50:50","slug":"a-lombre-2","status":"publish","type":"post","link":"https:\/\/martinemrichard.fr\/blog\/?p=8485","title":{"rendered":"A l&rsquo;ombre"},"content":{"rendered":"<p><a href=\"https:\/\/martinemrichard.fr\/blog\/wp-content\/uploads\/2014\/04\/IMG_3579_v1.jpg\"><img loading=\"lazy\" decoding=\"async\" class=\"alignright size-medium wp-image-8486\" alt=\"IMG_3579_v1\" src=\"https:\/\/martinemrichard.fr\/blog\/wp-content\/uploads\/2014\/04\/IMG_3579_v1-225x300.jpg\" width=\"225\" height=\"300\" srcset=\"https:\/\/martinemrichard.fr\/blog\/wp-content\/uploads\/2014\/04\/IMG_3579_v1-225x300.jpg 225w, https:\/\/martinemrichard.fr\/blog\/wp-content\/uploads\/2014\/04\/IMG_3579_v1-768x1024.jpg 768w, https:\/\/martinemrichard.fr\/blog\/wp-content\/uploads\/2014\/04\/IMG_3579_v1.jpg 1052w\" sizes=\"auto, (max-width: 225px) 100vw, 225px\" \/><\/a>Au discret de l&rsquo;acanthe<\/p>\n<p>De son ombre douillette<\/p>\n<p>Na\u00efvet\u00e9 neigeuse<\/p>\n<p>Jacinthe\u00a0 offre son c\u0153ur<\/p>\n<p>A l&rsquo;amour rose ou parme<\/p>\n<p>Ondulant et charmeur<\/p>\n<p>Furtif aventurier<\/p>\n<p>Que d\u00e9pose Z\u00e9phyr.<a href=\"https:\/\/martinemrichard.fr\/blog\/wp-content\/uploads\/2014\/04\/IMG_6460_v1.jpg\"><img loading=\"lazy\" decoding=\"async\" class=\"alignright size-medium wp-image-8490\" alt=\"IMG_6460_v1\" src=\"https:\/\/martinemrichard.fr\/blog\/wp-content\/uploads\/2014\/04\/IMG_6460_v1-300x224.jpg\" width=\"300\" height=\"224\" srcset=\"https:\/\/martinemrichard.fr\/blog\/wp-content\/uploads\/2014\/04\/IMG_6460_v1-300x224.jpg 300w, https:\/\/martinemrichard.fr\/blog\/wp-content\/uploads\/2014\/04\/IMG_6460_v1-1024x767.jpg 1024w, https:\/\/martinemrichard.fr\/blog\/wp-content\/uploads\/2014\/04\/IMG_6460_v1.jpg 1146w\" sizes=\"auto, (max-width: 300px) 100vw, 300px\" \/><\/a><\/p>\n<p>*<\/p>\n<p>Clair-obscur enfi\u00e9vr\u00e9<\/p>\n<p>Essences\u00a0 amoureuses<\/p>\n<p>Volent, s\u00e9dentaires<\/p>\n<p>\u00c9tranges papillons<\/p>\n<p>*<\/p>\n<p><a href=\"https:\/\/martinemrichard.fr\/blog\/wp-content\/uploads\/2014\/04\/img_3253_v1.jpg\"><img loading=\"lazy\" decoding=\"async\" class=\"alignright size-medium wp-image-8493\" alt=\"img_3253_v1\" src=\"https:\/\/martinemrichard.fr\/blog\/wp-content\/uploads\/2014\/04\/img_3253_v1-224x300.jpg\" width=\"224\" height=\"300\" srcset=\"https:\/\/martinemrichard.fr\/blog\/wp-content\/uploads\/2014\/04\/img_3253_v1-224x300.jpg 224w, https:\/\/martinemrichard.fr\/blog\/wp-content\/uploads\/2014\/04\/img_3253_v1-767x1024.jpg 767w, https:\/\/martinemrichard.fr\/blog\/wp-content\/uploads\/2014\/04\/img_3253_v1.jpg 859w\" sizes=\"auto, (max-width: 224px) 100vw, 224px\" \/><\/a>Frondaison\u00a0 vert bronze<\/p>\n<p>Protection balbuti\u00e9e<\/p>\n<p>Arbre de Jud\u00e9e filtre<\/p>\n<p>La v\u00e9h\u00e9mence soleil.<\/p>\n<p>Coquetterie Iris<\/p>\n<p>Ne tol\u00e8re que le souffle<\/p>\n<p>Ces mots printemps-\u00e9t\u00e9<\/p>\n<p>Voltigeant dans l&rsquo;azur.<\/p>\n<p>*<a href=\"https:\/\/martinemrichard.fr\/blog\/wp-content\/uploads\/2014\/04\/IMG_7124_v1.jpg\"><img loading=\"lazy\" decoding=\"async\" class=\"alignright size-medium wp-image-8496\" alt=\"IMG_7124_v1\" src=\"https:\/\/martinemrichard.fr\/blog\/wp-content\/uploads\/2014\/04\/IMG_7124_v1-300x224.jpg\" width=\"300\" height=\"224\" srcset=\"https:\/\/martinemrichard.fr\/blog\/wp-content\/uploads\/2014\/04\/IMG_7124_v1-300x224.jpg 300w, https:\/\/martinemrichard.fr\/blog\/wp-content\/uploads\/2014\/04\/IMG_7124_v1-1024x767.jpg 1024w, https:\/\/martinemrichard.fr\/blog\/wp-content\/uploads\/2014\/04\/IMG_7124_v1.jpg 1146w\" sizes=\"auto, (max-width: 300px) 100vw, 300px\" \/><\/a><\/p>\n<p>Contre-jour anis\u00e9<\/p>\n<p>R\u00e9bus croque folioles<\/p>\n<p>Entretient gourmandise<\/p>\n<p>Au d\u00e9pend de Dahlia<\/p>\n<p>*<\/p>\n<p>MMR ( tous droits r\u00e9serv\u00e9s)<\/p>\n<p><span style=\"color: #800080;\"><strong>Cliquez sur les photos pour agrandir svp, merci<\/strong><\/span><\/p>\n<p>&nbsp;<\/p>\n<p>&nbsp;<\/p>\n","protected":false},"excerpt":{"rendered":"<p>Au discret de l&rsquo;acanthe De son ombre douillette Na\u00efvet\u00e9 neigeuse Jacinthe\u00a0 offre son c\u0153ur A l&rsquo;amour rose ou parme Ondulant et charmeur Furtif aventurier Que d\u00e9pose Z\u00e9phyr. * Clair-obscur enfi\u00e9vr\u00e9 Essences\u00a0 amoureuses Volent, s\u00e9dentaires \u00c9tranges papillons * Frondaison\u00a0 vert bronze Protection balbuti\u00e9e Arbre de Jud\u00e9e filtre La v\u00e9h\u00e9mence soleil. Coquetterie Iris Ne tol\u00e8re que le [&hellip;]<\/p>\n","protected":false},"author":1,"featured_media":0,"comment_status":"open","ping_status":"open","sticky":false,"template":"","format":"standard","meta":{"footnotes":""},"categories":[71],"tags":[61,218,10,431,338,32,75,122],"class_list":["post-8485","post","type-post","status-publish","format-standard","hentry","category-jardin-fleur","tag-bleu","tag-criquet","tag-iris","tag-jacinthe","tag-neige","tag-ombre","tag-papillon","tag-soleil"],"_links":{"self":[{"href":"https:\/\/martinemrichard.fr\/blog\/index.php?rest_route=\/wp\/v2\/posts\/8485","targetHints":{"allow":["GET"]}}],"collection":[{"href":"https:\/\/martinemrichard.fr\/blog\/index.php?rest_route=\/wp\/v2\/posts"}],"about":[{"href":"https:\/\/martinemrichard.fr\/blog\/index.php?rest_route=\/wp\/v2\/types\/post"}],"author":[{"embeddable":true,"href":"https:\/\/martinemrichard.fr\/blog\/index.php?rest_route=\/wp\/v2\/users\/1"}],"replies":[{"embeddable":true,"href":"https:\/\/martinemrichard.fr\/blog\/index.php?rest_route=%2Fwp%2Fv2%2Fcomments&post=8485"}],"version-history":[{"count":11,"href":"https:\/\/martinemrichard.fr\/blog\/index.php?rest_route=\/wp\/v2\/posts\/8485\/revisions"}],"predecessor-version":[{"id":8501,"href":"https:\/\/martinemrichard.fr\/blog\/index.php?rest_route=\/wp\/v2\/posts\/8485\/revisions\/8501"}],"wp:attachment":[{"href":"https:\/\/martinemrichard.fr\/blog\/index.php?rest_route=%2Fwp%2Fv2%2Fmedia&parent=8485"}],"wp:term":[{"taxonomy":"category","embeddable":true,"href":"https:\/\/martinemrichard.fr\/blog\/index.php?rest_route=%2Fwp%2Fv2%2Fcategories&post=8485"},{"taxonomy":"post_tag","embeddable":true,"href":"https:\/\/martinemrichard.fr\/blog\/index.php?rest_route=%2Fwp%2Fv2%2Ftags&post=8485"}],"curies":[{"name":"wp","href":"https:\/\/api.w.org\/{rel}","templated":true}]}}