{"id":8626,"date":"2014-06-01T06:39:40","date_gmt":"2014-06-01T05:39:40","guid":{"rendered":"http:\/\/martinemrichard.fr\/blog\/?p=8626"},"modified":"2014-06-01T06:39:40","modified_gmt":"2014-06-01T05:39:40","slug":"bleu-ocean","status":"publish","type":"post","link":"https:\/\/martinemrichard.fr\/blog\/?p=8626","title":{"rendered":"Bleu oc\u00e9an"},"content":{"rendered":"<p><a href=\"https:\/\/martinemrichard.fr\/blog\/wp-content\/uploads\/2014\/05\/P1050086_v1.jpg\"><img loading=\"lazy\" decoding=\"async\" class=\"alignright size-medium wp-image-8628\" alt=\"P1050086_v1\" src=\"https:\/\/martinemrichard.fr\/blog\/wp-content\/uploads\/2014\/05\/P1050086_v1-300x224.jpg\" width=\"300\" height=\"224\" srcset=\"https:\/\/martinemrichard.fr\/blog\/wp-content\/uploads\/2014\/05\/P1050086_v1-300x224.jpg 300w, https:\/\/martinemrichard.fr\/blog\/wp-content\/uploads\/2014\/05\/P1050086_v1.jpg 987w\" sizes=\"auto, (max-width: 300px) 100vw, 300px\" \/><\/a>Bleu!<a href=\"https:\/\/martinemrichard.fr\/blog\/wp-content\/uploads\/2014\/06\/IMG_5412_v1.jpg\"><img loading=\"lazy\" decoding=\"async\" class=\"alignright size-thumbnail wp-image-8637\" alt=\"IMG_5412_v1\" src=\"https:\/\/martinemrichard.fr\/blog\/wp-content\/uploads\/2014\/06\/IMG_5412_v1-150x150.jpg\" width=\"150\" height=\"150\" \/><\/a><\/p>\n<p>Bleu campanule!<\/p>\n<p style=\"text-align: justify;\">Mon regard plonge \u00e0 pieds joints au c\u0153ur de cet oc\u00e9an miniature. L\u00e2chant la bride \u00e0 mes pens\u00e9es , celles-ci partent aussit\u00f4t en voyage&#8230;<\/p>\n<p>Bleu!<\/p>\n<p>Faim de ce bleu, de cette mouvance iod\u00e9e&#8230; <a href=\"https:\/\/martinemrichard.fr\/blog\/wp-content\/uploads\/2014\/05\/P1050092_v1.jpg\"><img loading=\"lazy\" decoding=\"async\" class=\"alignright size-medium wp-image-8627\" alt=\"P1050092_v1\" src=\"https:\/\/martinemrichard.fr\/blog\/wp-content\/uploads\/2014\/05\/P1050092_v1-224x300.jpg\" width=\"224\" height=\"300\" srcset=\"https:\/\/martinemrichard.fr\/blog\/wp-content\/uploads\/2014\/05\/P1050092_v1-224x300.jpg 224w, https:\/\/martinemrichard.fr\/blog\/wp-content\/uploads\/2014\/05\/P1050092_v1.jpg 740w\" sizes=\"auto, (max-width: 224px) 100vw, 224px\" \/><\/a><\/p>\n<p style=\"text-align: justify;\">Mes fleurs me happent toute enti\u00e8re, m&rsquo;enveloppent de leur brillance o\u00f9 claquent les voiles&#8230; Me voici ailleurs, parmi la dune,\u00a0 \u00e0 me poser sur ce banc lustr\u00e9 par le vent des temp\u00eates.\u00a0 Le soleil d&rsquo;ici s&rsquo;\u00e9vanouit et ,les yeux clos, je savoure celui d&rsquo;Aquitaine , la br\u00fblure de l&rsquo;\u00e9t\u00e9 qui caresse et engourdit.<\/p>\n<p style=\"text-align: justify;\">Velours dor\u00e9 de l&rsquo;ajonc tendu vers l&rsquo;astre du jour, bien prot\u00e9g\u00e9 par son armure de piques et de hallebardes. Seule l&rsquo;abeille\u00a0 peut venir s\u2019enivrer de son sucr\u00e9 sal\u00e9 oc\u00e9anique&#8230;<\/p>\n<p style=\"text-align: justify;\"><a href=\"https:\/\/martinemrichard.fr\/blog\/wp-content\/uploads\/2014\/05\/IMG_5772_v1.jpg\"><img loading=\"lazy\" decoding=\"async\" class=\"alignright size-medium wp-image-8631\" alt=\"IMG_5772_v1\" src=\"https:\/\/martinemrichard.fr\/blog\/wp-content\/uploads\/2014\/05\/IMG_5772_v1-300x224.jpg\" width=\"300\" height=\"224\" srcset=\"https:\/\/martinemrichard.fr\/blog\/wp-content\/uploads\/2014\/05\/IMG_5772_v1-300x224.jpg 300w, https:\/\/martinemrichard.fr\/blog\/wp-content\/uploads\/2014\/05\/IMG_5772_v1-1024x767.jpg 1024w, https:\/\/martinemrichard.fr\/blog\/wp-content\/uploads\/2014\/05\/IMG_5772_v1.jpg 1146w\" sizes=\"auto, (max-width: 300px) 100vw, 300px\" \/><\/a>Le c\u0153ur en f\u00eate , j&rsquo;\u00e9coute les murmures du vent dans les pins&#8230;<\/p>\n<p style=\"text-align: justify;\">L\u00e9ger z\u00e9phyr , pr\u00e9sence invisible sautant de branche en branche, \u00e9bouriffant \u00e9cureuil affair\u00e9 \u00e0 grignoter une saveur t\u00e9r\u00e9benthine. Oc\u00e9an me souffle son haleine vivifiante, m&rsquo;appelle, me pousse \u00e0 abandonner ce si\u00e8ge lamin\u00e9 , aussi doux que la joue d&rsquo;un enfan\u00e7on. .<\/p>\n<p style=\"text-align: justify;\">Mes pas glissent <a href=\"https:\/\/martinemrichard.fr\/blog\/wp-content\/uploads\/2014\/05\/IMG_5525_v1.jpg\"><img loading=\"lazy\" decoding=\"async\" class=\"alignright size-medium wp-image-8630\" alt=\"IMG_5525_v1\" src=\"https:\/\/martinemrichard.fr\/blog\/wp-content\/uploads\/2014\/05\/IMG_5525_v1-300x224.jpg\" width=\"300\" height=\"224\" srcset=\"https:\/\/martinemrichard.fr\/blog\/wp-content\/uploads\/2014\/05\/IMG_5525_v1-300x224.jpg 300w, https:\/\/martinemrichard.fr\/blog\/wp-content\/uploads\/2014\/05\/IMG_5525_v1-1024x767.jpg 1024w, https:\/\/martinemrichard.fr\/blog\/wp-content\/uploads\/2014\/05\/IMG_5525_v1.jpg 1146w\" sizes=\"auto, (max-width: 300px) 100vw, 300px\" \/><\/a>, se moulent dans d&rsquo;autres pas, se dissimulent, s&rsquo;\u00e9vanouissent, se confondent \u00e0 d&rsquo;autres errances&#8230;.<\/p>\n<p style=\"text-align: justify;\">Et puis, enfin, il appara\u00eet \u00e0 l&rsquo;ourlet de ma montagne de poche.\u00a0 Atlantique s&rsquo;\u00e9tale , envahit ma vision de son cama\u00efeu\u00a0 euphorique.<\/p>\n<p style=\"text-align: justify;\">Saphir, turquoise, lapis-lazuli , c\u00e9rul\u00e9, indigo&#8230; mes mots s\u2019effacent, s&rsquo;\u00e9vanouissent &#8230;<a href=\"https:\/\/martinemrichard.fr\/blog\/wp-content\/uploads\/2014\/05\/P1050318_v1.jpg\"><img loading=\"lazy\" decoding=\"async\" class=\"alignright size-medium wp-image-8629\" alt=\"P1050318_v1\" src=\"https:\/\/martinemrichard.fr\/blog\/wp-content\/uploads\/2014\/05\/P1050318_v1-224x300.jpg\" width=\"224\" height=\"300\" srcset=\"https:\/\/martinemrichard.fr\/blog\/wp-content\/uploads\/2014\/05\/P1050318_v1-224x300.jpg 224w, https:\/\/martinemrichard.fr\/blog\/wp-content\/uploads\/2014\/05\/P1050318_v1.jpg 740w\" sizes=\"auto, (max-width: 224px) 100vw, 224px\" \/><\/a> Ma joie est indescriptible, gommant tout ce qui n&rsquo;est pas cette \u00e9vasion chaude et sensuelle.\u00a0 Enfant des premiers ages je gambade, sautille, m&rsquo;amuse d&rsquo;un coquillage aux ailes abandonn\u00e9es; d&rsquo;une algue je tresse un bracelet&#8230;<\/p>\n<p style=\"text-align: justify;\">Le Temps n&rsquo;existe plus. JE n&rsquo;existe plus . Sir\u00e8ne, ma voix s&rsquo;unit \u00e0 celle de la chanson des vagues, au rire de la plume l\u00e0-haut ivre de libert\u00e9, \u00e0 celle des \u00e9cailles sautant d&rsquo;un rouleau \u00e0 l&rsquo;autre&#8230;<\/p>\n<p style=\"text-align: justify;\">Bleu!<\/p>\n<p style=\"text-align: justify;\">Tout se confond<\/p>\n<p style=\"text-align: justify;\">Je ne suis plus qu&rsquo;une primitive, une \u00c8ve s&rsquo;offrant\u00a0 au libertinage de l&rsquo;onde &#8230;<\/p>\n<p style=\"text-align: justify;\">MMR ( tous droits r\u00e9serv\u00e9s)<\/p>\n<p style=\"text-align: justify;\"><span style=\"color: #800080;\"><strong>Cliquez sur les photos pour agrandir svp, merci<\/strong><\/span><\/p>\n","protected":false},"excerpt":{"rendered":"<p>Bleu! Bleu campanule! Mon regard plonge \u00e0 pieds joints au c\u0153ur de cet oc\u00e9an miniature. L\u00e2chant la bride \u00e0 mes pens\u00e9es , celles-ci partent aussit\u00f4t en voyage&#8230; Bleu! Faim de ce bleu, de cette mouvance iod\u00e9e&#8230; Mes fleurs me happent toute enti\u00e8re, m&rsquo;enveloppent de leur brillance o\u00f9 claquent les voiles&#8230; Me voici ailleurs, parmi la [&hellip;]<\/p>\n","protected":false},"author":1,"featured_media":0,"comment_status":"open","ping_status":"open","sticky":false,"template":"","format":"standard","meta":{"footnotes":""},"categories":[70],"tags":[829,61,830,160,102,122,62],"class_list":["post-8626","post","type-post","status-publish","format-standard","hentry","category-ocean-et-bassin-darcachon","tag-ajonc","tag-bleu","tag-campanule","tag-ete","tag-ocean","tag-soleil","tag-temps"],"_links":{"self":[{"href":"https:\/\/martinemrichard.fr\/blog\/index.php?rest_route=\/wp\/v2\/posts\/8626","targetHints":{"allow":["GET"]}}],"collection":[{"href":"https:\/\/martinemrichard.fr\/blog\/index.php?rest_route=\/wp\/v2\/posts"}],"about":[{"href":"https:\/\/martinemrichard.fr\/blog\/index.php?rest_route=\/wp\/v2\/types\/post"}],"author":[{"embeddable":true,"href":"https:\/\/martinemrichard.fr\/blog\/index.php?rest_route=\/wp\/v2\/users\/1"}],"replies":[{"embeddable":true,"href":"https:\/\/martinemrichard.fr\/blog\/index.php?rest_route=%2Fwp%2Fv2%2Fcomments&post=8626"}],"version-history":[{"count":7,"href":"https:\/\/martinemrichard.fr\/blog\/index.php?rest_route=\/wp\/v2\/posts\/8626\/revisions"}],"predecessor-version":[{"id":8639,"href":"https:\/\/martinemrichard.fr\/blog\/index.php?rest_route=\/wp\/v2\/posts\/8626\/revisions\/8639"}],"wp:attachment":[{"href":"https:\/\/martinemrichard.fr\/blog\/index.php?rest_route=%2Fwp%2Fv2%2Fmedia&parent=8626"}],"wp:term":[{"taxonomy":"category","embeddable":true,"href":"https:\/\/martinemrichard.fr\/blog\/index.php?rest_route=%2Fwp%2Fv2%2Fcategories&post=8626"},{"taxonomy":"post_tag","embeddable":true,"href":"https:\/\/martinemrichard.fr\/blog\/index.php?rest_route=%2Fwp%2Fv2%2Ftags&post=8626"}],"curies":[{"name":"wp","href":"https:\/\/api.w.org\/{rel}","templated":true}]}}