{"id":8659,"date":"2014-06-13T06:38:27","date_gmt":"2014-06-13T05:38:27","guid":{"rendered":"http:\/\/martinemrichard.fr\/blog\/?p=8659"},"modified":"2014-06-13T06:38:27","modified_gmt":"2014-06-13T05:38:27","slug":"a-cheval","status":"publish","type":"post","link":"https:\/\/martinemrichard.fr\/blog\/?p=8659","title":{"rendered":"A cheval"},"content":{"rendered":"<p>\u00ab\u00a0F\u00eate du cheval\u00a0\u00bb\u00a0 est le th\u00e8me pour le \u00ab\u00a0Coucou du ha\u00efku\u00a0\u00bb g\u00e9r\u00e9 par <a href=\"http:\/\/afdj.over-blog.com\/article-la-fete-du-cheval-d-eliane-123857287.html\"><span style=\"color: #0000ff;\"><strong>Marie-Alice.<\/strong><\/span><\/a><\/p>\n<p>Pas d&rsquo;id\u00e9e sur <a href=\"https:\/\/martinemrichard.fr\/blog\/wp-content\/uploads\/2014\/06\/P1050890_v1.jpg\"><img loading=\"lazy\" decoding=\"async\" class=\"alignright size-medium wp-image-8660\" alt=\"P1050890_v1\" src=\"https:\/\/martinemrichard.fr\/blog\/wp-content\/uploads\/2014\/06\/P1050890_v1-300x224.jpg\" width=\"300\" height=\"224\" srcset=\"https:\/\/martinemrichard.fr\/blog\/wp-content\/uploads\/2014\/06\/P1050890_v1-300x224.jpg 300w, https:\/\/martinemrichard.fr\/blog\/wp-content\/uploads\/2014\/06\/P1050890_v1.jpg 987w\" sizes=\"auto, (max-width: 300px) 100vw, 300px\" \/><\/a>ce sujet festif. Mais voici un souvenir plein de rires<\/p>\n<p>.<\/p>\n<p>A cheval-<\/p>\n<p>Il trotte, galope<\/p>\n<p>sur les genoux de papi<\/p>\n<p>.<\/p>\n<p>MMR ( tous droits r\u00e9serv\u00e9s<\/p>\n","protected":false},"excerpt":{"rendered":"<p>\u00ab\u00a0F\u00eate du cheval\u00a0\u00bb\u00a0 est le th\u00e8me pour le \u00ab\u00a0Coucou du ha\u00efku\u00a0\u00bb g\u00e9r\u00e9 par Marie-Alice. Pas d&rsquo;id\u00e9e sur ce sujet festif. Mais voici un souvenir plein de rires . A cheval- Il trotte, galope sur les genoux de papi . MMR ( tous droits r\u00e9serv\u00e9s<\/p>\n","protected":false},"author":1,"featured_media":0,"comment_status":"open","ping_status":"open","sticky":false,"template":"","format":"standard","meta":{"footnotes":""},"categories":[35],"tags":[834],"class_list":["post-8659","post","type-post","status-publish","format-standard","hentry","category-haikus-haibuns","tag-cheval"],"_links":{"self":[{"href":"https:\/\/martinemrichard.fr\/blog\/index.php?rest_route=\/wp\/v2\/posts\/8659","targetHints":{"allow":["GET"]}}],"collection":[{"href":"https:\/\/martinemrichard.fr\/blog\/index.php?rest_route=\/wp\/v2\/posts"}],"about":[{"href":"https:\/\/martinemrichard.fr\/blog\/index.php?rest_route=\/wp\/v2\/types\/post"}],"author":[{"embeddable":true,"href":"https:\/\/martinemrichard.fr\/blog\/index.php?rest_route=\/wp\/v2\/users\/1"}],"replies":[{"embeddable":true,"href":"https:\/\/martinemrichard.fr\/blog\/index.php?rest_route=%2Fwp%2Fv2%2Fcomments&post=8659"}],"version-history":[{"count":1,"href":"https:\/\/martinemrichard.fr\/blog\/index.php?rest_route=\/wp\/v2\/posts\/8659\/revisions"}],"predecessor-version":[{"id":8661,"href":"https:\/\/martinemrichard.fr\/blog\/index.php?rest_route=\/wp\/v2\/posts\/8659\/revisions\/8661"}],"wp:attachment":[{"href":"https:\/\/martinemrichard.fr\/blog\/index.php?rest_route=%2Fwp%2Fv2%2Fmedia&parent=8659"}],"wp:term":[{"taxonomy":"category","embeddable":true,"href":"https:\/\/martinemrichard.fr\/blog\/index.php?rest_route=%2Fwp%2Fv2%2Fcategories&post=8659"},{"taxonomy":"post_tag","embeddable":true,"href":"https:\/\/martinemrichard.fr\/blog\/index.php?rest_route=%2Fwp%2Fv2%2Ftags&post=8659"}],"curies":[{"name":"wp","href":"https:\/\/api.w.org\/{rel}","templated":true}]}}