{"id":8663,"date":"2014-06-15T07:32:52","date_gmt":"2014-06-15T06:32:52","guid":{"rendered":"http:\/\/martinemrichard.fr\/blog\/?p=8663"},"modified":"2014-06-15T07:32:52","modified_gmt":"2014-06-15T06:32:52","slug":"coquetterie","status":"publish","type":"post","link":"https:\/\/martinemrichard.fr\/blog\/?p=8663","title":{"rendered":"Coquetterie"},"content":{"rendered":"<p><a href=\"https:\/\/martinemrichard.fr\/blog\/wp-content\/uploads\/2014\/06\/img_0025_v1.jpg\"><img loading=\"lazy\" decoding=\"async\" class=\"alignright size-medium wp-image-8664\" alt=\"img_0025_v1\" src=\"https:\/\/martinemrichard.fr\/blog\/wp-content\/uploads\/2014\/06\/img_0025_v1-224x300.jpg\" width=\"224\" height=\"300\" srcset=\"https:\/\/martinemrichard.fr\/blog\/wp-content\/uploads\/2014\/06\/img_0025_v1-224x300.jpg 224w, https:\/\/martinemrichard.fr\/blog\/wp-content\/uploads\/2014\/06\/img_0025_v1-767x1024.jpg 767w, https:\/\/martinemrichard.fr\/blog\/wp-content\/uploads\/2014\/06\/img_0025_v1.jpg 859w\" sizes=\"auto, (max-width: 224px) 100vw, 224px\" \/><\/a>Soleil du matin.. pas chagrin! \ud83d\ude42<\/p>\n<p>Soleil ou Soleille?<\/p>\n<p style=\"text-align: justify;\">Le Lever est un moment privil\u00e9gi\u00e9 r\u00e9serv\u00e9 aux po\u00e8tes. Car il faut aimer r\u00eaver, laisser courir son imagination pour avoir la patience d&rsquo;attendre l&rsquo;apparition du Sieur Ph\u00e9bus.<\/p>\n<p style=\"text-align: justify;\">Quel capricieux!<\/p>\n<p style=\"text-align: justify;\">Quel coquet!<\/p>\n<p style=\"text-align: justify;\">Voici un astre qui change de sexe chaque matin<\/p>\n<p style=\"text-align: justify;\">. Monsieur devient mademoiselle<\/p>\n<p style=\"text-align: justify;\">Aurore<a href=\"https:\/\/martinemrichard.fr\/blog\/wp-content\/uploads\/2014\/06\/img_1626_v1.jpg\"><img loading=\"lazy\" decoding=\"async\" class=\"alignright size-medium wp-image-8670\" alt=\"img_1626_v1\" src=\"https:\/\/martinemrichard.fr\/blog\/wp-content\/uploads\/2014\/06\/img_1626_v1-224x300.jpg\" width=\"224\" height=\"300\" srcset=\"https:\/\/martinemrichard.fr\/blog\/wp-content\/uploads\/2014\/06\/img_1626_v1-224x300.jpg 224w, https:\/\/martinemrichard.fr\/blog\/wp-content\/uploads\/2014\/06\/img_1626_v1-767x1024.jpg 767w, https:\/\/martinemrichard.fr\/blog\/wp-content\/uploads\/2014\/06\/img_1626_v1.jpg 859w\" sizes=\"auto, (max-width: 224px) 100vw, 224px\" \/><\/a><\/p>\n<p style=\"text-align: justify;\">Maquillage douceur , poudre pour teint de p\u00eache<\/p>\n<p style=\"text-align: justify;\">Un zeste abricot ou rose de Provins.<\/p>\n<p style=\"text-align: justify;\">Dentelles ajour\u00e9es sur carnation alb\u00e2tre. La belle joue les timides, l&rsquo; agnelle effarouch\u00e9e.<\/p>\n<p style=\"text-align: justify;\">Soleil ou Soleille?<\/p>\n<p style=\"text-align: justify;\">Ce e moule des formes toutes en courbes voluptueuses<\/p>\n<p style=\"text-align: justify;\">Aubage<\/p>\n<p style=\"text-align: justify;\">Aube <a href=\"https:\/\/martinemrichard.fr\/blog\/wp-content\/uploads\/2014\/06\/img_0951_v1.jpg\"><img loading=\"lazy\" decoding=\"async\" class=\"alignright size-medium wp-image-8667\" alt=\"img_0951_v1\" src=\"https:\/\/martinemrichard.fr\/blog\/wp-content\/uploads\/2014\/06\/img_0951_v1-224x300.jpg\" width=\"224\" height=\"300\" srcset=\"https:\/\/martinemrichard.fr\/blog\/wp-content\/uploads\/2014\/06\/img_0951_v1-224x300.jpg 224w, https:\/\/martinemrichard.fr\/blog\/wp-content\/uploads\/2014\/06\/img_0951_v1-767x1024.jpg 767w, https:\/\/martinemrichard.fr\/blog\/wp-content\/uploads\/2014\/06\/img_0951_v1.jpg 859w\" sizes=\"auto, (max-width: 224px) 100vw, 224px\" \/><\/a><\/p>\n<p style=\"text-align: justify;\">.<\/p>\n<p style=\"text-align: justify;\">Humeur\u00a0 grincheuse. La douce montre les dents, ses griffes laque orageuse. Caract\u00e8re lunatique propre au sexe dit faible. Ce jour n&rsquo;est pas son jour. Biquette se fait louve. Elle mord , se repa\u00eet, aid\u00e9e par la bise,\u00a0 de nos joues tendues \u00e0 la lumi\u00e8re naissante.<\/p>\n<p>\u00a0Visage ferm\u00e9, l\u00e8vres pinc\u00e9es, elle ronchonne et n&rsquo;a qu&rsquo;un d\u00e9sir<\/p>\n<p>Rester couch\u00e9e sous un baldaquin voil\u00e9 de deuil<\/p>\n<p>Pr\u00e9mices<a href=\"https:\/\/martinemrichard.fr\/blog\/wp-content\/uploads\/2014\/06\/img_0104_v1.jpg\"><img loading=\"lazy\" decoding=\"async\" class=\"alignright size-medium wp-image-8665\" alt=\"img_0104_v1\" src=\"https:\/\/martinemrichard.fr\/blog\/wp-content\/uploads\/2014\/06\/img_0104_v1-224x300.jpg\" width=\"224\" height=\"300\" srcset=\"https:\/\/martinemrichard.fr\/blog\/wp-content\/uploads\/2014\/06\/img_0104_v1-224x300.jpg 224w, https:\/\/martinemrichard.fr\/blog\/wp-content\/uploads\/2014\/06\/img_0104_v1-767x1024.jpg 767w, https:\/\/martinemrichard.fr\/blog\/wp-content\/uploads\/2014\/06\/img_0104_v1.jpg 859w\" sizes=\"auto, (max-width: 224px) 100vw, 224px\" \/><\/a><\/p>\n<p>Un avant go\u00fbt juteux orange et mandarine. Picotement citronn\u00e9 panach\u00e9 de groseille.<\/p>\n<p>Miss fantaisiste\u00a0 sourit, avide de bien plaire.<\/p>\n<p>L&rsquo;humeur est au beau fixe<\/p>\n<p>A celle des projets pique-nique et balades&#8230;<\/p>\n<p>Pointe du jour<\/p>\n<p>Enluminure<\/p>\n<p>\u00c9bauche<a href=\"https:\/\/martinemrichard.fr\/blog\/wp-content\/uploads\/2014\/06\/img_2166_v1.jpg\"><img loading=\"lazy\" decoding=\"async\" class=\"alignright size-medium wp-image-8669\" alt=\"img_2166_v1\" src=\"https:\/\/martinemrichard.fr\/blog\/wp-content\/uploads\/2014\/06\/img_2166_v1-224x300.jpg\" width=\"224\" height=\"300\" srcset=\"https:\/\/martinemrichard.fr\/blog\/wp-content\/uploads\/2014\/06\/img_2166_v1-224x300.jpg 224w, https:\/\/martinemrichard.fr\/blog\/wp-content\/uploads\/2014\/06\/img_2166_v1-767x1024.jpg 767w, https:\/\/martinemrichard.fr\/blog\/wp-content\/uploads\/2014\/06\/img_2166_v1.jpg 859w\" sizes=\"auto, (max-width: 224px) 100vw, 224px\" \/><\/a><\/p>\n<p>Au diable les mani\u00e8res<\/p>\n<p>La voici nimb\u00e9e de flammes! Jota\u00a0 ou fandango?<\/p>\n<p>Passion est son pr\u00e9nom. Elle br\u00fble nos yeux, r\u00e9chauffe notre \u00e2me , agite notre sang de rythmes primitifs.<\/p>\n<p>Soleil ou Soleille?<\/p>\n<p>La question est passionnante<\/p>\n<p>Je vous laisse trancher<\/p>\n<p>\ud83d\ude42<\/p>\n<p>MMR ( tous droits r\u00e9serv\u00e9s)<\/p>\n","protected":false},"excerpt":{"rendered":"<p>Soleil du matin.. pas chagrin! \ud83d\ude42 Soleil ou Soleille? Le Lever est un moment privil\u00e9gi\u00e9 r\u00e9serv\u00e9 aux po\u00e8tes. Car il faut aimer r\u00eaver, laisser courir son imagination pour avoir la patience d&rsquo;attendre l&rsquo;apparition du Sieur Ph\u00e9bus. Quel capricieux! Quel coquet! Voici un astre qui change de sexe chaque matin . Monsieur devient mademoiselle Aurore Maquillage [&hellip;]<\/p>\n","protected":false},"author":1,"featured_media":0,"comment_status":"open","ping_status":"open","sticky":false,"template":"","format":"standard","meta":{"footnotes":""},"categories":[1],"tags":[838,492,364,836,290,268,835,837,122],"class_list":["post-8663","post","type-post","status-publish","format-standard","hentry","category-meli_melo","tag-aubage","tag-aube","tag-aurore","tag-fandango","tag-flamme","tag-phebus","tag-point-du-jour","tag-premices","tag-soleil"],"_links":{"self":[{"href":"https:\/\/martinemrichard.fr\/blog\/index.php?rest_route=\/wp\/v2\/posts\/8663","targetHints":{"allow":["GET"]}}],"collection":[{"href":"https:\/\/martinemrichard.fr\/blog\/index.php?rest_route=\/wp\/v2\/posts"}],"about":[{"href":"https:\/\/martinemrichard.fr\/blog\/index.php?rest_route=\/wp\/v2\/types\/post"}],"author":[{"embeddable":true,"href":"https:\/\/martinemrichard.fr\/blog\/index.php?rest_route=\/wp\/v2\/users\/1"}],"replies":[{"embeddable":true,"href":"https:\/\/martinemrichard.fr\/blog\/index.php?rest_route=%2Fwp%2Fv2%2Fcomments&post=8663"}],"version-history":[{"count":23,"href":"https:\/\/martinemrichard.fr\/blog\/index.php?rest_route=\/wp\/v2\/posts\/8663\/revisions"}],"predecessor-version":[{"id":8693,"href":"https:\/\/martinemrichard.fr\/blog\/index.php?rest_route=\/wp\/v2\/posts\/8663\/revisions\/8693"}],"wp:attachment":[{"href":"https:\/\/martinemrichard.fr\/blog\/index.php?rest_route=%2Fwp%2Fv2%2Fmedia&parent=8663"}],"wp:term":[{"taxonomy":"category","embeddable":true,"href":"https:\/\/martinemrichard.fr\/blog\/index.php?rest_route=%2Fwp%2Fv2%2Fcategories&post=8663"},{"taxonomy":"post_tag","embeddable":true,"href":"https:\/\/martinemrichard.fr\/blog\/index.php?rest_route=%2Fwp%2Fv2%2Ftags&post=8663"}],"curies":[{"name":"wp","href":"https:\/\/api.w.org\/{rel}","templated":true}]}}