{"id":8694,"date":"2014-06-24T04:39:09","date_gmt":"2014-06-24T03:39:09","guid":{"rendered":"http:\/\/martinemrichard.fr\/blog\/?p=8694"},"modified":"2014-06-24T04:39:09","modified_gmt":"2014-06-24T03:39:09","slug":"cadeaux-au-fil-des-commentaires-6","status":"publish","type":"post","link":"https:\/\/martinemrichard.fr\/blog\/?p=8694","title":{"rendered":"Cadeaux au fil des commentaires"},"content":{"rendered":"<p><span style=\"color: #0000ff;\"><strong><a href=\"http:\/\/golondrina63auv.canalblog.com\/\">Rose<\/a><a href=\"https:\/\/martinemrichard.fr\/blog\/wp-content\/uploads\/2014\/05\/IMG_5181_v1.jpg\"><img loading=\"lazy\" decoding=\"async\" class=\"alignright size-medium wp-image-8597\" alt=\"IMG_5181_v1\" src=\"https:\/\/martinemrichard.fr\/blog\/wp-content\/uploads\/2014\/05\/IMG_5181_v1-300x225.jpg\" width=\"300\" height=\"225\" srcset=\"https:\/\/martinemrichard.fr\/blog\/wp-content\/uploads\/2014\/05\/IMG_5181_v1-300x225.jpg 300w, https:\/\/martinemrichard.fr\/blog\/wp-content\/uploads\/2014\/05\/IMG_5181_v1-1024x768.jpg 1024w, https:\/\/martinemrichard.fr\/blog\/wp-content\/uploads\/2014\/05\/IMG_5181_v1.jpg 1402w\" sizes=\"auto, (max-width: 300px) 100vw, 300px\" \/><\/a><\/strong><\/span><\/p>\n<ol id=\"commentlist\">\n<li class=\"comment even thread-even depth-1\" id=\"comment-25972\"><img loading=\"lazy\" decoding=\"async\" class=\"avatar avatar-32 photo\" alt=\"\" src=\"http:\/\/1.gravatar.com\/avatar\/76bd52276215cba57c1b146c909a8344?s=32&amp;d=blank&amp;r=G\" width=\"32\" height=\"32\" \/>Agr\u00e9able balade \u2026<br \/>\nLes fleurs caressent nos yeux<br \/>\nTes mots leur donnent la parole<br \/>\nBelle journ\u00e9e \u00e0 toi<br \/>\nEn ce jour de f\u00eates<br \/>\nAu jardin du po\u00e8te<strong><em>.<\/em><\/strong><\/li>\n<\/ol>\n<p><a href=\"http:\/\/detente-en-poesie.over-blog.com\/\"><span style=\"color: #0000ff;\"><strong>ABC<\/strong> <\/span><\/a><img loading=\"lazy\" decoding=\"async\" class=\"avatar avatar-32 photo\" alt=\"\" src=\"http:\/\/0.gravatar.com\/avatar\/a9a1a97a24bbdbfe1d25de821a1cf093?s=32&amp;d=blank&amp;r=G\" width=\"32\" height=\"32\" \/><\/p>\n<ol id=\"commentlist\">\n<li class=\"comment even thread-even depth-1\" id=\"comment-25982\"><a href=\"https:\/\/martinemrichard.fr\/blog\/wp-content\/uploads\/2014\/05\/IMG_5087_v1.jpg\"><img loading=\"lazy\" decoding=\"async\" class=\"alignright size-medium wp-image-8598\" alt=\"IMG_5087_v1\" src=\"https:\/\/martinemrichard.fr\/blog\/wp-content\/uploads\/2014\/05\/IMG_5087_v1-300x248.jpg\" width=\"300\" height=\"248\" srcset=\"https:\/\/martinemrichard.fr\/blog\/wp-content\/uploads\/2014\/05\/IMG_5087_v1-300x248.jpg 300w, https:\/\/martinemrichard.fr\/blog\/wp-content\/uploads\/2014\/05\/IMG_5087_v1-1024x846.jpg 1024w, https:\/\/martinemrichard.fr\/blog\/wp-content\/uploads\/2014\/05\/IMG_5087_v1.jpg 1052w\" sizes=\"auto, (max-width: 300px) 100vw, 300px\" \/><\/a>Floraison :\u00c0 c\u0153ur grand ouvert<br \/>\nAu chemin des abeilles<br \/>\nParfum de miel<\/li>\n<li class=\"comment even thread-even depth-1\">De roses en rosiers<br \/>\nJeu floral tout en couleur<br \/>\nBonheur du jour<\/li>\n<li class=\"comment even thread-even depth-1\">Larme de pivoine<br \/>\nAu lever du soleil<br \/>\nMatin de ros\u00e9e<\/li>\n<li class=\"comment even thread-even depth-1\">\u0153illets en f\u00eate<br \/>\nBien loin des boutonni\u00e8res<br \/>\nBouquet naturel<\/li>\n<li class=\"comment even thread-even depth-1\">Belle cl\u00e9matite<br \/>\nSous le doux soleil du soir<br \/>\n\u00c9panouissement<\/li>\n<li class=\"comment even thread-even depth-1\">Des lys d\u2019un jour<br \/>\nD\u00e9lice du jardinier<br \/>\nChaleur orang\u00e9e<\/li>\n<li class=\"comment even thread-even depth-1\">Sous une tendre bise<br \/>\nCoquelicots et bleuets<br \/>\nPlaisir champ\u00eatre.<a href=\"https:\/\/martinemrichard.fr\/blog\/wp-content\/uploads\/2014\/05\/D\u00e9fi-Evajoe.jpg\"><img loading=\"lazy\" decoding=\"async\" class=\"alignright size-thumbnail wp-image-8618\" alt=\"D\u00e9fi-Evajoe\" src=\"https:\/\/martinemrichard.fr\/blog\/wp-content\/uploads\/2014\/05\/D\u00e9fi-Evajoe-150x150.jpg\" width=\"150\" height=\"150\" \/><\/a><\/li>\n<\/ol>\n<p><a href=\"http:\/\/eldorad-oc.midiblogs.com\/\"><span style=\"color: #0000ff;\"><strong>Ulysse <\/strong><\/span><\/a><\/p>\n<ol id=\"commentlist\">\n<li class=\"comment even thread-even depth-1\">Dans ce pays des servants<br \/>\nM\u00e9fie toi du vent<br \/>\nQui te fait les poches !<\/li>\n<\/ol>\n<p>.<\/p>\n<p><span style=\"color: #0000ff;\"><strong><a href=\"http:\/\/golondrina63auv.canalblog.com\/\">Rose<\/a><a href=\"https:\/\/martinemrichard.fr\/blog\/wp-content\/uploads\/2014\/05\/P1050092_v1.jpg\"><img loading=\"lazy\" decoding=\"async\" class=\"alignright size-thumbnail wp-image-8627\" alt=\"P1050092_v1\" src=\"https:\/\/martinemrichard.fr\/blog\/wp-content\/uploads\/2014\/05\/P1050092_v1-150x150.jpg\" width=\"150\" height=\"150\" \/><\/a><\/strong><\/span><\/p>\n<p>Au revoir \u00e0 mai<br \/>\nRavivons les humeurs<br \/>\nInstallons les couleurs<br \/>\nSur nos sentiers napp\u00e9s de petites fleurs<br \/>\nA chaque matin clair, triomphons de bonheur<br \/>\nEcoutons les chants d\u2019oiseaux le long des cours d\u2019eau<br \/>\nMine de rien, exau\u00e7ons nos voeux<br \/>\nQue le soleil nous permette d\u2019aller mieux<br \/>\nSilencieusement et sereinement, apprenons \u00e0 humer<br \/>\nL\u2019air de ce nouveau mois de juin<\/p>\n<p>.<a href=\"https:\/\/martinemrichard.fr\/blog\/wp-content\/uploads\/2014\/05\/IMG_5772_v1.jpg\"><img loading=\"lazy\" decoding=\"async\" class=\"alignright size-thumbnail wp-image-8631\" alt=\"IMG_5772_v1\" src=\"https:\/\/martinemrichard.fr\/blog\/wp-content\/uploads\/2014\/05\/IMG_5772_v1-150x150.jpg\" width=\"150\" height=\"150\" \/><\/a><\/p>\n<p><a href=\"http:\/\/detente-en-poesie.over-blog.com\/\"><span style=\"color: #0000ff;\"><strong>ABC<\/strong><\/span><\/a><\/p>\n<p>Esprit Z\u00e9phyr<br \/>\nl\u2019abeille butine<br \/>\nton bleu aquitain<\/p>\n<p>.<\/p>\n<p><span style=\"color: #0000ff;\"><a href=\"http:\/\/detente-en-poesie.over-blog.com\/\"><strong>ABC<\/strong><\/a><strong><span style=\"color: #0000ff;\"><img loading=\"lazy\" decoding=\"async\" class=\"alignright size-thumbnail wp-image-8642\" alt=\"IMG_1779_v1\" src=\"https:\/\/martinemrichard.fr\/blog\/wp-content\/uploads\/2014\/06\/IMG_1779_v1-150x150.jpg\" width=\"150\" height=\"150\" \/><\/span><\/strong><\/span><\/p>\n<p>Bonheur sucr\u00e9<br \/>\nsa cerise sur le g\u00e2teau<br \/>\nun caf\u00e9 gourmand<\/p>\n<p>.<\/p>\n<p><a href=\"http:\/\/petitesgraines.eklablog.com\/\"><span style=\"color: #0000ff;\"><strong>Durgalola<\/strong><\/span><\/a><\/p>\n<p>tout simple, si vrai \u2026<br \/>\nUn superbe arbre<br \/>\ncerises gonfl\u00e9es \u00e0 bloc<br \/>\n\u00e9pouvantail<br \/>\nadorateur du soleil<br \/>\n\u2026.. cerise<br \/>\ngourmandise d\u2019oiseau.<\/p>\n<p>.<\/p>\n<p><a href=\"http:\/\/marinezou.blogspot.fr\/\"><span style=\"color: #0000ff;\"><strong>Marinelou<\/strong><\/span><\/a><\/p>\n<p>Rouge sang<br \/>\ncerises en Normandie<br \/>\n&#8211; se souvenir<\/p>\n<p>.<a href=\"https:\/\/martinemrichard.fr\/blog\/wp-content\/uploads\/2014\/06\/IMG_1779_v1.jpg\"><img loading=\"lazy\" decoding=\"async\" class=\"alignright size-medium wp-image-8642\" alt=\"IMG_1779_v1\" src=\"https:\/\/martinemrichard.fr\/blog\/wp-content\/uploads\/2014\/06\/IMG_1779_v1-300x224.jpg\" width=\"300\" height=\"224\" srcset=\"https:\/\/martinemrichard.fr\/blog\/wp-content\/uploads\/2014\/06\/IMG_1779_v1-300x224.jpg 300w, https:\/\/martinemrichard.fr\/blog\/wp-content\/uploads\/2014\/06\/IMG_1779_v1-1024x767.jpg 1024w, https:\/\/martinemrichard.fr\/blog\/wp-content\/uploads\/2014\/06\/IMG_1779_v1.jpg 1146w\" sizes=\"auto, (max-width: 300px) 100vw, 300px\" \/><\/a><\/p>\n<p><a href=\"http:\/\/leblogdelenaig.over-blog.com\/\"><span style=\"color: #0000ff;\"><strong>Lena\u00efg<\/strong><\/span><\/a><\/p>\n<p>Le merle dans l\u2019arbre<br \/>\ncroit fort qu\u2019on ne le voit pas.<br \/>\nIl est donc moqu\u00e9 !<\/p>\n<p>.<\/p>\n<p><span style=\"color: #0000ff;\"><strong>Claudie<\/strong><\/span> ( sans blog)<\/p>\n<p>Saison des cerises-<br \/>\nattention, il y a la queue<br \/>\naux cerises!<\/p>\n<p>.<\/p>\n<p><a href=\"http:\/\/detente-en-poesie.over-blog.com\/\"><span style=\"color: #0000ff;\"><strong>ABC<\/strong><\/span><\/a><\/p>\n<p>Au royaume des fleurs<a href=\"https:\/\/martinemrichard.fr\/blog\/wp-content\/uploads\/2014\/06\/IMG_5818_v1.jpg\"><img loading=\"lazy\" decoding=\"async\" class=\"alignright size-medium wp-image-8647\" alt=\"IMG_5818_v1\" src=\"https:\/\/martinemrichard.fr\/blog\/wp-content\/uploads\/2014\/06\/IMG_5818_v1-295x300.jpg\" width=\"295\" height=\"300\" srcset=\"https:\/\/martinemrichard.fr\/blog\/wp-content\/uploads\/2014\/06\/IMG_5818_v1-295x300.jpg 295w, https:\/\/martinemrichard.fr\/blog\/wp-content\/uploads\/2014\/06\/IMG_5818_v1.jpg 943w\" sizes=\"auto, (max-width: 295px) 100vw, 295px\" \/><\/a><br \/>\ncette promenade r\u00e9sonne<br \/>\ncomme bonheur<br \/>\nles couleurs \u00e9pousant<br \/>\nle soleil du jour<br \/>\nparessent dans la chaleur<br \/>\net moi comme un insecte<br \/>\ncurieux des senteurs<br \/>\net des saveurs<br \/>\nje butine<br \/>\nentre mots et photos<br \/>\ndans ton jardin po\u00e9tique<br \/>\ncelui d\u2019une artiste\u2026<\/p>\n<p>&nbsp;<\/p>\n<p>.<\/p>\n<p><span style=\"color: #0000ff;\"><strong>Claudie<\/strong><\/span> ( sans blog)<a href=\"https:\/\/martinemrichard.fr\/blog\/wp-content\/uploads\/2014\/06\/IMG_5318_v1.jpg\"><img loading=\"lazy\" decoding=\"async\" class=\"alignright size-medium wp-image-8650\" alt=\"IMG_5318_v1\" src=\"https:\/\/martinemrichard.fr\/blog\/wp-content\/uploads\/2014\/06\/IMG_5318_v1-300x225.jpg\" width=\"300\" height=\"225\" srcset=\"https:\/\/martinemrichard.fr\/blog\/wp-content\/uploads\/2014\/06\/IMG_5318_v1-300x225.jpg 300w, https:\/\/martinemrichard.fr\/blog\/wp-content\/uploads\/2014\/06\/IMG_5318_v1-1024x768.jpg 1024w, https:\/\/martinemrichard.fr\/blog\/wp-content\/uploads\/2014\/06\/IMG_5318_v1.jpg 1402w\" sizes=\"auto, (max-width: 300px) 100vw, 300px\" \/><\/a><\/p>\n<p>En ton jardin merveilleux<br \/>\nLa magie se fait reine<br \/>\nentre tes belles souveraines<br \/>\net ta plume qui vol\u00e8te<br \/>\nparsemant des mots po\u00e8tes<br \/>\nsur des fleurs sensuelles<br \/>\n\u00e0 la gr\u00e2ce a\u00e9rienne!<br \/>\nS\u00e9duisantes, elles sont<br \/>\nm\u2019enivrant de parfums<br \/>\nAussi fins et subtils<br \/>\nque ta plume est gracile!<br \/>\nEn ton jardin merveilleux<br \/>\nD\u00e9lices fut mon nectar<br \/>\net emport\u00e9e dans mon \u00ab\u00a0vert-tige\u00a0\u00bb<br \/>\nj\u2019ai dans\u00e9, le c\u0153ur-pavot<br \/>\nau rythme fou d\u2019un mambo\u2026..<br \/>\nEt\u2026la fleur fut sortil\u00e8ge!<\/p>\n<p>.<a href=\"https:\/\/martinemrichard.fr\/blog\/wp-content\/uploads\/2014\/06\/IMG_5815_v1.jpg\"><img loading=\"lazy\" decoding=\"async\" class=\"alignright size-thumbnail wp-image-8648\" alt=\"IMG_5815_v1\" src=\"https:\/\/martinemrichard.fr\/blog\/wp-content\/uploads\/2014\/06\/IMG_5815_v1-150x150.jpg\" width=\"150\" height=\"150\" \/><\/a><\/p>\n<p><span style=\"color: #0000ff;\"><strong>Marinelou<\/strong><\/span><\/p>\n<p>J\u2019ai aim\u00e9 ton jardin<br \/>\no\u00f9 les bourdons et syrphes<br \/>\ndansaient la sardane<br \/>\net o\u00f9 les orchis-bouc<br \/>\nimitaient les dandys !<\/p>\n<p>.<\/p>\n<p><span style=\"color: #0000ff;\"><strong><a href=\"http:\/\/eldorad-oc.midiblogs.com\/\">Ulysse<\/a><a href=\"https:\/\/martinemrichard.fr\/blog\/wp-content\/uploads\/2014\/06\/IMG_5826_v1.jpg\"><img loading=\"lazy\" decoding=\"async\" class=\"alignright size-thumbnail wp-image-8646\" alt=\"IMG_5826_v1\" src=\"https:\/\/martinemrichard.fr\/blog\/wp-content\/uploads\/2014\/06\/IMG_5826_v1-150x150.jpg\" width=\"150\" height=\"150\" \/><\/a><\/strong><\/span> ( ou encore\u00a0<a href=\"http:\/\/oldnut.blogs.midilibre.com\/\"> <span style=\"color: #0000ff;\"><strong>Old Nut<\/strong><\/span><\/a> )<\/p>\n<p>Quel beau d\u00e9fil\u00e9<br \/>\nDe p\u00e9tales et s\u00e9pales<br \/>\nDe pistils graciles<br \/>\nTout cela pour s\u00e9duire<br \/>\nAvant de mourir<\/p>\n<p>.<\/p>\n<p><a href=\"http:\/\/detente-en-poesie.over-blog.com\/\"><span style=\"color: #0000ff;\"><strong>ABC<\/strong><\/span><\/a><a href=\"https:\/\/martinemrichard.fr\/blog\/wp-content\/uploads\/2014\/06\/P1050890_v1.jpg\"><img loading=\"lazy\" decoding=\"async\" class=\"alignright size-medium wp-image-8660\" alt=\"P1050890_v1\" src=\"https:\/\/martinemrichard.fr\/blog\/wp-content\/uploads\/2014\/06\/P1050890_v1-300x224.jpg\" width=\"300\" height=\"224\" srcset=\"https:\/\/martinemrichard.fr\/blog\/wp-content\/uploads\/2014\/06\/P1050890_v1-300x224.jpg 300w, https:\/\/martinemrichard.fr\/blog\/wp-content\/uploads\/2014\/06\/P1050890_v1.jpg 987w\" sizes=\"auto, (max-width: 300px) 100vw, 300px\" \/><\/a><\/p>\n<p>beau spectacle<br \/>\nla-haut sur sa monture<br \/>\nles \u00e9paules du p\u00e8re<\/p>\n<p>.<\/p>\n<p><span style=\"color: #0000ff;\"><strong><a href=\"http:\/\/chemin-je-t-aime.apln-blog.fr\/\">Sabine ( la p\u00e8lerine)<\/a><br \/>\n<\/strong><\/span><\/p>\n<p>\u00ab\u00a0Les dames vont au pas au pas au pas. Les messieurs vont au trot au trot au trot. Les cavaliers vont, les cavaliers vont \u2026au galop au galop au galop ! Et l\u00e0, tu entends l\u2019enfant \u00e9clater de rire et dire \u00ab\u00a0Encore encore \u2026.\u00a0\u00bb !<br \/>\nOui car, au pas, tu le fais sauter sur tes genoux doucement, au trot un peu plus vite et au galop\u2026follement vite !!!!!!<\/p>\n<p>.<\/p>\n<p><span style=\"color: #0000ff;\"><strong>Claudie<\/strong><\/span><\/p>\n<p>A trot ou \u00e0 galop<br \/>\nsur la table\u2026.de chevet-<br \/>\nmon destrier!<\/p>\n<p>&nbsp;<\/p>\n<p>.<\/p>\n<p><span style=\"color: #0000ff;\"><strong><a href=\"http:\/\/detente-en-poesie.over-blog.com\/\">ABC<\/a><a href=\"https:\/\/martinemrichard.fr\/blog\/wp-content\/uploads\/2014\/06\/img_1626_v1.jpg\"><img loading=\"lazy\" decoding=\"async\" class=\"alignright size-medium wp-image-8670\" alt=\"img_1626_v1\" src=\"https:\/\/martinemrichard.fr\/blog\/wp-content\/uploads\/2014\/06\/img_1626_v1-224x300.jpg\" width=\"224\" height=\"300\" srcset=\"https:\/\/martinemrichard.fr\/blog\/wp-content\/uploads\/2014\/06\/img_1626_v1-224x300.jpg 224w, https:\/\/martinemrichard.fr\/blog\/wp-content\/uploads\/2014\/06\/img_1626_v1-767x1024.jpg 767w, https:\/\/martinemrichard.fr\/blog\/wp-content\/uploads\/2014\/06\/img_1626_v1.jpg 859w\" sizes=\"auto, (max-width: 224px) 100vw, 224px\" \/><\/a><\/strong><\/span><\/p>\n<ol id=\"commentlist\">\n<li class=\"comment odd alt thread-odd thread-alt depth-1\" id=\"comment-26329\">Je le connais et<br \/>\nle garde soleil<br \/>\nl\u2019aube n\u2019est qu\u2019un temps<br \/>\nviendra le midi<br \/>\npuis le cr\u00e9puscule<br \/>\nje l\u2019aime soleil et<br \/>\nle ch\u00e9ris soleil<br \/>\nSieur du jour<br \/>\nla lune de loin lui sourit<br \/>\nelle est c\u00e2line<br \/>\nparfois mesquine<br \/>\nrousse et capricieuse<br \/>\nen croissant \u00e0 croquer<br \/>\nil est soleil et<br \/>\nje le vois soleil<br \/>\nRoi du jour<br \/>\nquelque soit son humeur<br \/>\nc\u2019est lui qui r\u00e8gle nos heures<br \/>\nendeuille nos malheurs<br \/>\nma\u00eetre de la vie<br \/>\navec l\u2019eau qui jaillit<br \/>\npour faire na\u00eetre la vie<br \/>\noui Soleil<br \/>\naux couleurs de feu<br \/>\naux ardeurs br\u00fblantes<br \/>\naux jour le jourABC<img loading=\"lazy\" decoding=\"async\" class=\"avatar avatar-32 photo\" alt=\"\" src=\"http:\/\/1.gravatar.com\/avatar\/f109947bef5f4ef5019b8eddc0ccba16?s=32&amp;d=blank&amp;r=G\" width=\"32\" height=\"32\" \/><\/li>\n<\/ol>\n<p><span style=\"color: #0000ff;\"><strong>Claudie<\/strong><\/span><\/p>\n<p>Le Soleil,<a href=\"https:\/\/martinemrichard.fr\/blog\/wp-content\/uploads\/2014\/06\/img_2166_v1.jpg\"><img loading=\"lazy\" decoding=\"async\" class=\"alignright size-medium wp-image-8669\" alt=\"img_2166_v1\" src=\"https:\/\/martinemrichard.fr\/blog\/wp-content\/uploads\/2014\/06\/img_2166_v1-224x300.jpg\" width=\"224\" height=\"300\" srcset=\"https:\/\/martinemrichard.fr\/blog\/wp-content\/uploads\/2014\/06\/img_2166_v1-224x300.jpg 224w, https:\/\/martinemrichard.fr\/blog\/wp-content\/uploads\/2014\/06\/img_2166_v1-767x1024.jpg 767w, https:\/\/martinemrichard.fr\/blog\/wp-content\/uploads\/2014\/06\/img_2166_v1.jpg 859w\" sizes=\"auto, (max-width: 224px) 100vw, 224px\" \/><\/a><br \/>\nUn ou Multiple<br \/>\nJe l\u2019aime<br \/>\nFard\u00e9 de ses humeurs<br \/>\nOrange press\u00e9e<br \/>\nde se d\u00e9shabiller<br \/>\nOrange sanguine<br \/>\nde se faire d\u00e9guster<br \/>\nrouge incandescent<br \/>\narome sucr\u00e9 des amants..<\/p>\n<p>&nbsp;<\/p>\n<p>Le Soleil,<br \/>\nJe l\u2019aime<br \/>\nSaupoudr\u00e9 d\u2019une pointe<br \/>\nde singularit\u00e9!<br \/>\nMasculin ou f\u00e9minin,<br \/>\nQu\u2019importe!<br \/>\nIl est Ying et Yang<br \/>\nSanguin ou Paresseux<br \/>\nMagique ou Voluptueux<br \/>\nEnveloppant la sph\u00e8re<br \/>\nD\u2019une chaleur calorif\u00e8re<\/p>\n<p>&nbsp;<\/p>\n<p>Le Soleil<br \/>\nA l\u2019aube<br \/>\nA l\u2019aurore<br \/>\nAu cr\u00e9puscule<br \/>\nPar\u00e9 de ses plus beaux atours<br \/>\nC\u2019est mon cocktail d\u2019amour!<\/p>\n<p>.<\/p>\n<p><span style=\"color: #0000ff;\"><strong><a href=\"http:\/\/detente-en-poesie.over-blog.com\/2014\/06\/melon.html\">ABC<\/a><a href=\"https:\/\/martinemrichard.fr\/blog\/wp-content\/uploads\/2014\/06\/peinture-solaire_v1.jpg\"><img loading=\"lazy\" decoding=\"async\" class=\"alignright size-medium wp-image-8714\" alt=\"peinture solaire_v1\" src=\"https:\/\/martinemrichard.fr\/blog\/wp-content\/uploads\/2014\/06\/peinture-solaire_v1-300x148.jpg\" width=\"300\" height=\"148\" srcset=\"https:\/\/martinemrichard.fr\/blog\/wp-content\/uploads\/2014\/06\/peinture-solaire_v1-300x148.jpg 300w, https:\/\/martinemrichard.fr\/blog\/wp-content\/uploads\/2014\/06\/peinture-solaire_v1.jpg 890w\" sizes=\"auto, (max-width: 300px) 100vw, 300px\" \/><\/a><\/strong><\/span><\/p>\n<p>Avoir le melon<\/p>\n<p>sur la t\u00eate<\/p>\n<p>en croquant sa pulpe<\/p>\n<p>.<\/p>\n<p><span style=\"color: #0000ff;\"><strong>Claudie<\/strong> <\/span>( sans blog)<a href=\"https:\/\/martinemrichard.fr\/blog\/wp-content\/uploads\/2014\/06\/IMG_0331_v1.jpg\"><img loading=\"lazy\" decoding=\"async\" class=\"alignright size-medium wp-image-8706\" alt=\"IMG_0331_v1\" src=\"https:\/\/martinemrichard.fr\/blog\/wp-content\/uploads\/2014\/06\/IMG_0331_v1-252x300.jpg\" width=\"252\" height=\"300\" srcset=\"https:\/\/martinemrichard.fr\/blog\/wp-content\/uploads\/2014\/06\/IMG_0331_v1-252x300.jpg 252w, https:\/\/martinemrichard.fr\/blog\/wp-content\/uploads\/2014\/06\/IMG_0331_v1-860x1024.jpg 860w, https:\/\/martinemrichard.fr\/blog\/wp-content\/uploads\/2014\/06\/IMG_0331_v1.jpg 1009w\" sizes=\"auto, (max-width: 252px) 100vw, 252px\" \/><\/a><\/p>\n<p>Brochette de starlettes-<br \/>\nadmirez leur teint de p\u00eache<br \/>\nleurs doux ma-melons<\/p>\n<p>.<\/p>\n<p><a href=\"http:\/\/imagesetmots.over-blog.com\/2014\/06\/pour-le-coucou-du-haiku-melon.html\"><span style=\"color: #0000ff;\"><strong>Anda<\/strong><\/span><\/a><\/p>\n<p>comme un jeu de balle<br \/>\ns\u2019envoyer le melon<br \/>\nd\u2019un blog \u00e0 l\u2019autre<\/p>\n<p>.<\/p>\n<p><span style=\"color: #800080;\"><strong>N&rsquo;oubliez pas qu&rsquo;en cliquant sur les photos, vous pouvez les agrandir , merci.<\/strong><\/span><\/p>\n<p>&nbsp;<\/p>\n","protected":false},"excerpt":{"rendered":"<p>Rose Agr\u00e9able balade \u2026 Les fleurs caressent nos yeux Tes mots leur donnent la parole Belle journ\u00e9e \u00e0 toi En ce jour de f\u00eates Au jardin du po\u00e8te. ABC Floraison :\u00c0 c\u0153ur grand ouvert Au chemin des abeilles Parfum de miel De roses en rosiers Jeu floral tout en couleur Bonheur du jour Larme de [&hellip;]<\/p>\n","protected":false},"author":1,"featured_media":0,"comment_status":"open","ping_status":"open","sticky":false,"template":"","format":"standard","meta":{"footnotes":""},"categories":[657],"tags":[],"class_list":["post-8694","post","type-post","status-publish","format-standard","hentry","category-haikus-en-cadeaux"],"_links":{"self":[{"href":"https:\/\/martinemrichard.fr\/blog\/index.php?rest_route=\/wp\/v2\/posts\/8694","targetHints":{"allow":["GET"]}}],"collection":[{"href":"https:\/\/martinemrichard.fr\/blog\/index.php?rest_route=\/wp\/v2\/posts"}],"about":[{"href":"https:\/\/martinemrichard.fr\/blog\/index.php?rest_route=\/wp\/v2\/types\/post"}],"author":[{"embeddable":true,"href":"https:\/\/martinemrichard.fr\/blog\/index.php?rest_route=\/wp\/v2\/users\/1"}],"replies":[{"embeddable":true,"href":"https:\/\/martinemrichard.fr\/blog\/index.php?rest_route=%2Fwp%2Fv2%2Fcomments&post=8694"}],"version-history":[{"count":18,"href":"https:\/\/martinemrichard.fr\/blog\/index.php?rest_route=\/wp\/v2\/posts\/8694\/revisions"}],"predecessor-version":[{"id":8729,"href":"https:\/\/martinemrichard.fr\/blog\/index.php?rest_route=\/wp\/v2\/posts\/8694\/revisions\/8729"}],"wp:attachment":[{"href":"https:\/\/martinemrichard.fr\/blog\/index.php?rest_route=%2Fwp%2Fv2%2Fmedia&parent=8694"}],"wp:term":[{"taxonomy":"category","embeddable":true,"href":"https:\/\/martinemrichard.fr\/blog\/index.php?rest_route=%2Fwp%2Fv2%2Fcategories&post=8694"},{"taxonomy":"post_tag","embeddable":true,"href":"https:\/\/martinemrichard.fr\/blog\/index.php?rest_route=%2Fwp%2Fv2%2Ftags&post=8694"}],"curies":[{"name":"wp","href":"https:\/\/api.w.org\/{rel}","templated":true}]}}