{"id":8705,"date":"2014-06-20T07:30:38","date_gmt":"2014-06-20T06:30:38","guid":{"rendered":"http:\/\/martinemrichard.fr\/blog\/?p=8705"},"modified":"2014-06-23T05:37:19","modified_gmt":"2014-06-23T04:37:19","slug":"melon","status":"publish","type":"post","link":"https:\/\/martinemrichard.fr\/blog\/?p=8705","title":{"rendered":"melon"},"content":{"rendered":"<p>Le melon est le th\u00e8me pour le \u00ab\u00a0coucou du ha\u00efku g\u00e9r\u00e9 par<a href=\"http:\/\/afdj.over-blog.com\/article-melon-123891323.html\"><span style=\"color: #0000ff;\"><strong> Marie-Alice<\/strong><\/span><\/a>.<\/p>\n<p>Un si beau fruit&#8230; auquel je suis allergique. M\u00eame l&rsquo;odeur me d\u00e9range. Aussi, lorsque je le peins&#8230; c&rsquo;est de loin.\u00a0 Ayant utilis\u00e9 du terreau de mon composteur, j&rsquo;ai eu la surprise de voir pousser une cucurbitac\u00e9e. Son fruit grossissant s&rsquo;est r\u00e9v\u00e9l\u00e9 \u00eatre un melon. C&rsquo;est mon mari qui a \u00e9t\u00e9 content! <a href=\"https:\/\/martinemrichard.fr\/blog\/wp-content\/uploads\/2014\/06\/IMG_0331_v1.jpg\"><img loading=\"lazy\" decoding=\"async\" class=\"alignright size-medium wp-image-8706\" alt=\"IMG_0331_v1\" src=\"https:\/\/martinemrichard.fr\/blog\/wp-content\/uploads\/2014\/06\/IMG_0331_v1-252x300.jpg\" width=\"252\" height=\"300\" srcset=\"https:\/\/martinemrichard.fr\/blog\/wp-content\/uploads\/2014\/06\/IMG_0331_v1-252x300.jpg 252w, https:\/\/martinemrichard.fr\/blog\/wp-content\/uploads\/2014\/06\/IMG_0331_v1-860x1024.jpg 860w, https:\/\/martinemrichard.fr\/blog\/wp-content\/uploads\/2014\/06\/IMG_0331_v1.jpg 1009w\" sizes=\"auto, (max-width: 252px) 100vw, 252px\" \/><\/a>Quatre fleurs ont donn\u00e9 une savoureuse gourmandise. Mais un orage&#8230; et&#8230;<\/p>\n<p>Orage estival-<\/p>\n<p>Voici le melon qui<\/p>\n<p>se fend la tranche<\/p>\n<p>.<\/p>\n<p>Et au sens figur\u00e9, le melon&#8230;<\/p>\n<p>.<\/p>\n<p>Festival de Cannes-<\/p>\n<p>La jeune starlette a<\/p>\n<p>un gros melon *<\/p>\n<p>.<\/p>\n<p>MMR ( tous droits r\u00e9serv\u00e9s)<\/p>\n<p><span style=\"color: #800080;\"><strong>Cliquez sur les photos pour agrandir svp, merci<\/strong><\/span><\/p>\n<p>*avoir le melon: \u00eatre pr\u00e9tentieux, avoir la grosse t\u00eate<\/p>\n<p>Quelques melons peints au premier plan d&rsquo;un de mes march\u00e9s ci-dessous<\/p>\n<p><a href=\"https:\/\/martinemrichard.fr\/blog\/wp-content\/uploads\/2014\/06\/peinture-solaire_v1.jpg\"><img loading=\"lazy\" decoding=\"async\" class=\"aligncenter size-medium wp-image-8714\" alt=\"peinture solaire_v1\" src=\"https:\/\/martinemrichard.fr\/blog\/wp-content\/uploads\/2014\/06\/peinture-solaire_v1-300x148.jpg\" width=\"300\" height=\"148\" srcset=\"https:\/\/martinemrichard.fr\/blog\/wp-content\/uploads\/2014\/06\/peinture-solaire_v1-300x148.jpg 300w, https:\/\/martinemrichard.fr\/blog\/wp-content\/uploads\/2014\/06\/peinture-solaire_v1.jpg 890w\" sizes=\"auto, (max-width: 300px) 100vw, 300px\" \/><\/a><\/p>\n<p>.<\/p>\n<p><span style=\"color: #800000;\"><strong>Petite pause pour vous r\u00e9pondre mais \u00e9galement pour aller vous lire<\/strong><\/span><\/p>\n<p><span style=\"color: #800000;\"><strong>Merci pour votre compr\u00e9hension<\/strong><\/span><\/p>\n<p>\ud83d\ude09<\/p>\n","protected":false},"excerpt":{"rendered":"<p>Le melon est le th\u00e8me pour le \u00ab\u00a0coucou du ha\u00efku g\u00e9r\u00e9 par Marie-Alice. Un si beau fruit&#8230; auquel je suis allergique. M\u00eame l&rsquo;odeur me d\u00e9range. Aussi, lorsque je le peins&#8230; c&rsquo;est de loin.\u00a0 Ayant utilis\u00e9 du terreau de mon composteur, j&rsquo;ai eu la surprise de voir pousser une cucurbitac\u00e9e. Son fruit grossissant s&rsquo;est r\u00e9v\u00e9l\u00e9 \u00eatre [&hellip;]<\/p>\n","protected":false},"author":1,"featured_media":0,"comment_status":"open","ping_status":"open","sticky":false,"template":"","format":"standard","meta":{"footnotes":""},"categories":[657],"tags":[37,840,772],"class_list":["post-8705","post","type-post","status-publish","format-standard","hentry","category-haikus-en-cadeaux","tag-haikus","tag-melon","tag-senryu"],"_links":{"self":[{"href":"https:\/\/martinemrichard.fr\/blog\/index.php?rest_route=\/wp\/v2\/posts\/8705","targetHints":{"allow":["GET"]}}],"collection":[{"href":"https:\/\/martinemrichard.fr\/blog\/index.php?rest_route=\/wp\/v2\/posts"}],"about":[{"href":"https:\/\/martinemrichard.fr\/blog\/index.php?rest_route=\/wp\/v2\/types\/post"}],"author":[{"embeddable":true,"href":"https:\/\/martinemrichard.fr\/blog\/index.php?rest_route=\/wp\/v2\/users\/1"}],"replies":[{"embeddable":true,"href":"https:\/\/martinemrichard.fr\/blog\/index.php?rest_route=%2Fwp%2Fv2%2Fcomments&post=8705"}],"version-history":[{"count":7,"href":"https:\/\/martinemrichard.fr\/blog\/index.php?rest_route=\/wp\/v2\/posts\/8705\/revisions"}],"predecessor-version":[{"id":8716,"href":"https:\/\/martinemrichard.fr\/blog\/index.php?rest_route=\/wp\/v2\/posts\/8705\/revisions\/8716"}],"wp:attachment":[{"href":"https:\/\/martinemrichard.fr\/blog\/index.php?rest_route=%2Fwp%2Fv2%2Fmedia&parent=8705"}],"wp:term":[{"taxonomy":"category","embeddable":true,"href":"https:\/\/martinemrichard.fr\/blog\/index.php?rest_route=%2Fwp%2Fv2%2Fcategories&post=8705"},{"taxonomy":"post_tag","embeddable":true,"href":"https:\/\/martinemrichard.fr\/blog\/index.php?rest_route=%2Fwp%2Fv2%2Ftags&post=8705"}],"curies":[{"name":"wp","href":"https:\/\/api.w.org\/{rel}","templated":true}]}}