{"id":8869,"date":"2014-08-24T08:24:23","date_gmt":"2014-08-24T07:24:23","guid":{"rendered":"http:\/\/martinemrichard.fr\/blog\/?p=8869"},"modified":"2014-09-28T10:07:41","modified_gmt":"2014-09-28T09:07:41","slug":"une-bouffee-dair-alpin","status":"publish","type":"post","link":"https:\/\/martinemrichard.fr\/blog\/?p=8869","title":{"rendered":"Une bouff\u00e9e d&rsquo;air alpin"},"content":{"rendered":"<p>Pour la communaut\u00e9 \u00ab\u00a0les Passeurs de mots\u00a0\u00bb d<a href=\"http:\/\/plumoboudesdoigts.apln-blog.fr\/2014\/08\/15\/voile-reve\/\"><span style=\"color: #0000ff;\"><strong>&lsquo;Evajoe<\/strong><\/span><\/a>, le th\u00e8me de juillet\/ao\u00fbt est :\u00a0 voyages, loisirs, d\u00e9paysement, vacances<a href=\"https:\/\/martinemrichard.fr\/blog\/wp-content\/uploads\/2014\/08\/IMG_3340_v1.jpg\"><img loading=\"lazy\" decoding=\"async\" class=\"alignright size-medium wp-image-8870\" src=\"https:\/\/martinemrichard.fr\/blog\/wp-content\/uploads\/2014\/08\/IMG_3340_v1-224x300.jpg\" alt=\"IMG_3340_v1\" width=\"224\" height=\"300\" srcset=\"https:\/\/martinemrichard.fr\/blog\/wp-content\/uploads\/2014\/08\/IMG_3340_v1-224x300.jpg 224w, https:\/\/martinemrichard.fr\/blog\/wp-content\/uploads\/2014\/08\/IMG_3340_v1-767x1024.jpg 767w, https:\/\/martinemrichard.fr\/blog\/wp-content\/uploads\/2014\/08\/IMG_3340_v1.jpg 859w\" sizes=\"auto, (max-width: 224px) 100vw, 224px\" \/><\/a>&#8230;<\/p>\n<p>.<\/p>\n<p style=\"text-align: justify;\">Au gr\u00e9 des caprices du ciel<\/p>\n<p style=\"text-align: justify;\">un jour oui<\/p>\n<p style=\"text-align: justify;\">Un jour non<\/p>\n<p style=\"text-align: justify;\">Au flanc de la montagne<\/p>\n<p style=\"text-align: justify;\">Effleur\u00e9es de fragrances lavande et t\u00e9r\u00e9benthine<\/p>\n<p style=\"text-align: justify;\">Les heures s&rsquo;\u00e9tirent comme chat au soleil.<a href=\"https:\/\/martinemrichard.fr\/blog\/wp-content\/uploads\/2014\/08\/IMG_7214_v1.jpg\"><img loading=\"lazy\" decoding=\"async\" class=\"alignright size-thumbnail wp-image-8879\" src=\"https:\/\/martinemrichard.fr\/blog\/wp-content\/uploads\/2014\/08\/IMG_7214_v1-150x150.jpg\" alt=\"IMG_7214_v1\" width=\"150\" height=\"150\" \/><\/a><\/p>\n<p style=\"text-align: justify;\">Nich\u00e9s entre carmin et soufre<\/p>\n<p style=\"text-align: justify;\">Maints c\u0153urs grenadine accueillent abeilles et bourdons.<\/p>\n<p style=\"text-align: justify;\">Gaillardes<\/p>\n<p style=\"text-align: justify;\">Tout feu tout flamme, <a href=\"https:\/\/martinemrichard.fr\/blog\/wp-content\/uploads\/2014\/08\/IMG_6795_v1.jpg\"><img loading=\"lazy\" decoding=\"async\" class=\"alignright size-thumbnail wp-image-8876\" src=\"https:\/\/martinemrichard.fr\/blog\/wp-content\/uploads\/2014\/08\/IMG_6795_v1-150x150.jpg\" alt=\"IMG_6795_v1\" width=\"150\" height=\"150\" \/><\/a><\/p>\n<p style=\"text-align: justify;\">Ouvrent grand caracos<\/p>\n<p style=\"text-align: justify;\">Dentelles et festons.<\/p>\n<p style=\"text-align: justify;\">Tout vibre, bourdonne la chanson estivale<\/p>\n<p style=\"text-align: justify;\"><a href=\"https:\/\/martinemrichard.fr\/blog\/wp-content\/uploads\/2014\/08\/IMG_7246_v1.jpg\"><img loading=\"lazy\" decoding=\"async\" class=\"alignright size-medium wp-image-8888\" src=\"https:\/\/martinemrichard.fr\/blog\/wp-content\/uploads\/2014\/08\/IMG_7246_v1-225x300.jpg\" alt=\"IMG_7246_v1\" width=\"225\" height=\"300\" srcset=\"https:\/\/martinemrichard.fr\/blog\/wp-content\/uploads\/2014\/08\/IMG_7246_v1-225x300.jpg 225w, https:\/\/martinemrichard.fr\/blog\/wp-content\/uploads\/2014\/08\/IMG_7246_v1-768x1024.jpg 768w, https:\/\/martinemrichard.fr\/blog\/wp-content\/uploads\/2014\/08\/IMG_7246_v1.jpg 1052w\" sizes=\"auto, (max-width: 225px) 100vw, 225px\" \/><\/a>Hissant son app\u00e9tit de vivre entre les bras du prunier sauvage<\/p>\n<p style=\"text-align: justify;\">La lambrusque * ferre l&rsquo;azur<\/p>\n<p style=\"text-align: justify;\">Le croch\u00e8te de ses vrilles<\/p>\n<p style=\"text-align: justify;\">Puis<\/p>\n<p style=\"text-align: justify;\">Narguant\u00a0 geais ou merles pirates<\/p>\n<p style=\"text-align: justify;\">Insouciante<\/p>\n<p style=\"text-align: justify;\">Se laisse porter vers l&rsquo;automne<\/p>\n<p style=\"text-align: justify;\">.<\/p>\n<p style=\"text-align: justify;\">MMR ( tous droits r\u00e9serv\u00e9s)<\/p>\n<p style=\"text-align: justify;\"><span style=\"color: #800080;\"><strong>Cliquez sur les photos pour agrandir svp, merci.<\/strong><\/span><\/p>\n<p style=\"text-align: justify;\">\u00a0* lambrusque:\u00a0 vigne sauvage<\/p>\n","protected":false},"excerpt":{"rendered":"<p>Pour la communaut\u00e9 \u00ab\u00a0les Passeurs de mots\u00a0\u00bb d&lsquo;Evajoe, le th\u00e8me de juillet\/ao\u00fbt est :\u00a0 voyages, loisirs, d\u00e9paysement, vacances&#8230; . Au gr\u00e9 des caprices du ciel un jour oui Un jour non Au flanc de la montagne Effleur\u00e9es de fragrances lavande et t\u00e9r\u00e9benthine Les heures s&rsquo;\u00e9tirent comme chat au soleil. Nich\u00e9s entre carmin et soufre Maints [&hellip;]<\/p>\n","protected":false},"author":1,"featured_media":0,"comment_status":"open","ping_status":"open","sticky":false,"template":"","format":"standard","meta":{"footnotes":""},"categories":[782],"tags":[145,575,160,318,171,224,167,534,487],"class_list":["post-8869","post","type-post","status-publish","format-standard","hentry","category-les-passeurs-de-mots","tag-abeille","tag-azur","tag-ete","tag-feu","tag-gaillarde","tag-hautes-alpes","tag-la-montagne","tag-lambrusque","tag-merle"],"_links":{"self":[{"href":"https:\/\/martinemrichard.fr\/blog\/index.php?rest_route=\/wp\/v2\/posts\/8869","targetHints":{"allow":["GET"]}}],"collection":[{"href":"https:\/\/martinemrichard.fr\/blog\/index.php?rest_route=\/wp\/v2\/posts"}],"about":[{"href":"https:\/\/martinemrichard.fr\/blog\/index.php?rest_route=\/wp\/v2\/types\/post"}],"author":[{"embeddable":true,"href":"https:\/\/martinemrichard.fr\/blog\/index.php?rest_route=\/wp\/v2\/users\/1"}],"replies":[{"embeddable":true,"href":"https:\/\/martinemrichard.fr\/blog\/index.php?rest_route=%2Fwp%2Fv2%2Fcomments&post=8869"}],"version-history":[{"count":27,"href":"https:\/\/martinemrichard.fr\/blog\/index.php?rest_route=\/wp\/v2\/posts\/8869\/revisions"}],"predecessor-version":[{"id":8903,"href":"https:\/\/martinemrichard.fr\/blog\/index.php?rest_route=\/wp\/v2\/posts\/8869\/revisions\/8903"}],"wp:attachment":[{"href":"https:\/\/martinemrichard.fr\/blog\/index.php?rest_route=%2Fwp%2Fv2%2Fmedia&parent=8869"}],"wp:term":[{"taxonomy":"category","embeddable":true,"href":"https:\/\/martinemrichard.fr\/blog\/index.php?rest_route=%2Fwp%2Fv2%2Fcategories&post=8869"},{"taxonomy":"post_tag","embeddable":true,"href":"https:\/\/martinemrichard.fr\/blog\/index.php?rest_route=%2Fwp%2Fv2%2Ftags&post=8869"}],"curies":[{"name":"wp","href":"https:\/\/api.w.org\/{rel}","templated":true}]}}