{"id":8904,"date":"2014-09-28T17:53:46","date_gmt":"2014-09-28T16:53:46","guid":{"rendered":"http:\/\/martinemrichard.fr\/blog\/?p=8904"},"modified":"2014-09-28T17:53:46","modified_gmt":"2014-09-28T16:53:46","slug":"entre-le-bleu-et-lor","status":"publish","type":"post","link":"https:\/\/martinemrichard.fr\/blog\/?p=8904","title":{"rendered":"Entre le bleu et l&rsquo;or&#8230;"},"content":{"rendered":"<p style=\"text-align: justify;\"><a href=\"https:\/\/martinemrichard.fr\/blog\/wp-content\/uploads\/2014\/09\/IMG_7607_v1.jpg\"><img loading=\"lazy\" decoding=\"async\" class=\"alignright size-medium wp-image-8905\" src=\"https:\/\/martinemrichard.fr\/blog\/wp-content\/uploads\/2014\/09\/IMG_7607_v1-300x225.jpg\" alt=\"IMG_7607_v1\" width=\"300\" height=\"225\" srcset=\"https:\/\/martinemrichard.fr\/blog\/wp-content\/uploads\/2014\/09\/IMG_7607_v1-300x225.jpg 300w, https:\/\/martinemrichard.fr\/blog\/wp-content\/uploads\/2014\/09\/IMG_7607_v1-1024x768.jpg 1024w, https:\/\/martinemrichard.fr\/blog\/wp-content\/uploads\/2014\/09\/IMG_7607_v1.jpg 1710w\" sizes=\"auto, (max-width: 300px) 100vw, 300px\" \/><\/a>Entre le bleu et l&rsquo;or<\/p>\n<p style=\"text-align: justify;\">Mes pens\u00e9es se dissolvent&#8230;<\/p>\n<p style=\"text-align: justify;\">Le Temps<\/p>\n<p style=\"text-align: justify;\">Ah le Temps<\/p>\n<p style=\"text-align: justify;\">Il se fait plume soyeuse<\/p>\n<p style=\"text-align: justify;\">Caresse l\u00e9g\u00e8re<\/p>\n<p style=\"text-align: justify;\">Rien n&rsquo;existe plus que les mots de la vague sur le sable<\/p>\n<p style=\"text-align: justify;\">Le ciel, l&rsquo;oc\u00e9an, marient leurs bleus changeants<a href=\"https:\/\/martinemrichard.fr\/blog\/wp-content\/uploads\/2014\/09\/IMG_7966_v1.jpg\"><img loading=\"lazy\" decoding=\"async\" class=\"alignright size-medium wp-image-8907\" src=\"https:\/\/martinemrichard.fr\/blog\/wp-content\/uploads\/2014\/09\/IMG_7966_v1-300x209.jpg\" alt=\"IMG_7966_v1\" width=\"300\" height=\"209\" srcset=\"https:\/\/martinemrichard.fr\/blog\/wp-content\/uploads\/2014\/09\/IMG_7966_v1-300x209.jpg 300w, https:\/\/martinemrichard.fr\/blog\/wp-content\/uploads\/2014\/09\/IMG_7966_v1-1024x714.jpg 1024w, https:\/\/martinemrichard.fr\/blog\/wp-content\/uploads\/2014\/09\/IMG_7966_v1.jpg 1285w\" sizes=\"auto, (max-width: 300px) 100vw, 300px\" \/><\/a><\/p>\n<p style=\"text-align: justify;\">Blonde? Ros\u00e9e?<\/p>\n<p style=\"text-align: justify;\">La dune me joue son charme ensorcelant Pianote sur la gamme des mirages soie sauvage<\/p>\n<p style=\"text-align: justify;\">L&rsquo;oiseau semble go\u00fbter cette aquarelle \u00e9trange<\/p>\n<p style=\"text-align: justify;\">Picorant un peu ici, un peu l\u00e0, ses pas s&rsquo;accordent au ressac pour m&rsquo;offrir un menuet ou un fox-trot..<\/p>\n<p style=\"text-align: justify;\">Sourire<a href=\"https:\/\/martinemrichard.fr\/blog\/wp-content\/uploads\/2014\/09\/IMG_8529_v1.jpg\"><img loading=\"lazy\" decoding=\"async\" class=\"alignright size-medium wp-image-8908\" src=\"https:\/\/martinemrichard.fr\/blog\/wp-content\/uploads\/2014\/09\/IMG_8529_v1-300x225.jpg\" alt=\"IMG_8529_v1\" width=\"300\" height=\"225\" srcset=\"https:\/\/martinemrichard.fr\/blog\/wp-content\/uploads\/2014\/09\/IMG_8529_v1-300x225.jpg 300w, https:\/\/martinemrichard.fr\/blog\/wp-content\/uploads\/2014\/09\/IMG_8529_v1-1024x768.jpg 1024w, https:\/\/martinemrichard.fr\/blog\/wp-content\/uploads\/2014\/09\/IMG_8529_v1.jpg 1710w\" sizes=\"auto, (max-width: 300px) 100vw, 300px\" \/><\/a><\/p>\n<p style=\"text-align: justify;\">B\u00e9atitude<\/p>\n<p style=\"text-align: justify;\">Orbe de l&rsquo;eau avan\u00e7ant, reculant, s&rsquo;enhardissant pour revenir encore et encore sur le sable des vacances<\/p>\n<p style=\"text-align: justify;\">Jeu oc\u00e9anique d\u00e9couvrant les tr\u00e9sors de l&rsquo;enfance<\/p>\n<p style=\"text-align: justify;\">Coquillages et galets pr\u00e9cieux roulant, cliquetant la chanson de mes jeunes ann\u00e9es<a href=\"https:\/\/martinemrichard.fr\/blog\/wp-content\/uploads\/2014\/09\/IMG_8869_v1.jpg\"><img loading=\"lazy\" decoding=\"async\" class=\"alignright size-medium wp-image-8906\" src=\"https:\/\/martinemrichard.fr\/blog\/wp-content\/uploads\/2014\/09\/IMG_8869_v1-300x225.jpg\" alt=\"IMG_8869_v1\" width=\"300\" height=\"225\" srcset=\"https:\/\/martinemrichard.fr\/blog\/wp-content\/uploads\/2014\/09\/IMG_8869_v1-300x225.jpg 300w, https:\/\/martinemrichard.fr\/blog\/wp-content\/uploads\/2014\/09\/IMG_8869_v1-1024x768.jpg 1024w, https:\/\/martinemrichard.fr\/blog\/wp-content\/uploads\/2014\/09\/IMG_8869_v1.jpg 1402w\" sizes=\"auto, (max-width: 300px) 100vw, 300px\" \/><\/a><\/p>\n<p style=\"text-align: justify;\">Entre le bleu et l&rsquo;or<\/p>\n<p style=\"text-align: justify;\">Mon \u00e2me flotte<\/p>\n<p style=\"text-align: justify;\">Part en voyage<\/p>\n<p style=\"text-align: justify;\">L\u00e0-bas&#8230;<\/p>\n<p style=\"text-align: justify;\">L\u00e0-bas&#8230;<\/p>\n<p style=\"text-align: justify;\">Vers l\u2019atoll de mes utopies&#8230;<\/p>\n<p style=\"text-align: justify;\">MMR ( tous droits r\u00e9serv\u00e9s)<\/p>\n<p style=\"text-align: justify;\">\n","protected":false},"excerpt":{"rendered":"<p>Entre le bleu et l&rsquo;or Mes pens\u00e9es se dissolvent&#8230; Le Temps Ah le Temps Il se fait plume soyeuse Caresse l\u00e9g\u00e8re Rien n&rsquo;existe plus que les mots de la vague sur le sable Le ciel, l&rsquo;oc\u00e9an, marient leurs bleus changeants Blonde? Ros\u00e9e? La dune me joue son charme ensorcelant Pianote sur la gamme des mirages [&hellip;]<\/p>\n","protected":false},"author":1,"featured_media":0,"comment_status":"open","ping_status":"open","sticky":false,"template":"","format":"standard","meta":{"footnotes":""},"categories":[70],"tags":[61,102,59,52,62,763,65],"class_list":["post-8904","post","type-post","status-publish","format-standard","hentry","category-ocean-et-bassin-darcachon","tag-bleu","tag-ocean","tag-or","tag-rose","tag-temps","tag-vacances","tag-vagues"],"_links":{"self":[{"href":"https:\/\/martinemrichard.fr\/blog\/index.php?rest_route=\/wp\/v2\/posts\/8904","targetHints":{"allow":["GET"]}}],"collection":[{"href":"https:\/\/martinemrichard.fr\/blog\/index.php?rest_route=\/wp\/v2\/posts"}],"about":[{"href":"https:\/\/martinemrichard.fr\/blog\/index.php?rest_route=\/wp\/v2\/types\/post"}],"author":[{"embeddable":true,"href":"https:\/\/martinemrichard.fr\/blog\/index.php?rest_route=\/wp\/v2\/users\/1"}],"replies":[{"embeddable":true,"href":"https:\/\/martinemrichard.fr\/blog\/index.php?rest_route=%2Fwp%2Fv2%2Fcomments&post=8904"}],"version-history":[{"count":5,"href":"https:\/\/martinemrichard.fr\/blog\/index.php?rest_route=\/wp\/v2\/posts\/8904\/revisions"}],"predecessor-version":[{"id":8913,"href":"https:\/\/martinemrichard.fr\/blog\/index.php?rest_route=\/wp\/v2\/posts\/8904\/revisions\/8913"}],"wp:attachment":[{"href":"https:\/\/martinemrichard.fr\/blog\/index.php?rest_route=%2Fwp%2Fv2%2Fmedia&parent=8904"}],"wp:term":[{"taxonomy":"category","embeddable":true,"href":"https:\/\/martinemrichard.fr\/blog\/index.php?rest_route=%2Fwp%2Fv2%2Fcategories&post=8904"},{"taxonomy":"post_tag","embeddable":true,"href":"https:\/\/martinemrichard.fr\/blog\/index.php?rest_route=%2Fwp%2Fv2%2Ftags&post=8904"}],"curies":[{"name":"wp","href":"https:\/\/api.w.org\/{rel}","templated":true}]}}