{"id":9027,"date":"2014-10-26T05:29:31","date_gmt":"2014-10-26T04:29:31","guid":{"rendered":"http:\/\/martinemrichard.fr\/blog\/?p=9027"},"modified":"2014-10-26T05:29:31","modified_gmt":"2014-10-26T04:29:31","slug":"octobre-2","status":"publish","type":"post","link":"https:\/\/martinemrichard.fr\/blog\/?p=9027","title":{"rendered":"Octobre"},"content":{"rendered":"<p>Pour la communaut\u00e9 \u00ab\u00a0les Passeurs de mots\u00a0\u00bb d&rsquo;<a href=\"http:\/\/plumoboudesdoigts.apln-blog.fr\/\"><span style=\"color: #0000ff;\"><strong>Evajoe<\/strong><\/span><\/a>, le th\u00e8me pour octobre est automne.<\/p>\n<p><a href=\"https:\/\/martinemrichard.fr\/blog\/wp-content\/uploads\/2014\/10\/IMG_0852_v1.jpg\"><img loading=\"lazy\" decoding=\"async\" class=\"alignright size-medium wp-image-9028\" src=\"https:\/\/martinemrichard.fr\/blog\/wp-content\/uploads\/2014\/10\/IMG_0852_v1-300x224.jpg\" alt=\"IMG_0852_v1\" width=\"300\" height=\"224\" srcset=\"https:\/\/martinemrichard.fr\/blog\/wp-content\/uploads\/2014\/10\/IMG_0852_v1-300x224.jpg 300w, https:\/\/martinemrichard.fr\/blog\/wp-content\/uploads\/2014\/10\/IMG_0852_v1-1024x767.jpg 1024w, https:\/\/martinemrichard.fr\/blog\/wp-content\/uploads\/2014\/10\/IMG_0852_v1.jpg 1146w\" sizes=\"auto, (max-width: 300px) 100vw, 300px\" \/><\/a>Le vent<\/p>\n<p>Fatigu\u00e9 de d\u00e9plaire<\/p>\n<p>Brasse languissament<\/p>\n<p>Cette lumi\u00e8re dor\u00e9e<\/p>\n<p>De lente m\u00e9tamorphose.<\/p>\n<p>Ardente<\/p>\n<p>Sous les doigts fabuleux<\/p>\n<p>D&rsquo;un couturier g\u00e9nial<\/p>\n<p>La for\u00eat s&rsquo;est par\u00e9e<a href=\"https:\/\/martinemrichard.fr\/blog\/wp-content\/uploads\/2014\/10\/IMG_0264_v1.jpg\"><img loading=\"lazy\" decoding=\"async\" class=\"alignright size-medium wp-image-9029\" src=\"https:\/\/martinemrichard.fr\/blog\/wp-content\/uploads\/2014\/10\/IMG_0264_v1-300x224.jpg\" alt=\"IMG_0264_v1\" width=\"300\" height=\"224\" srcset=\"https:\/\/martinemrichard.fr\/blog\/wp-content\/uploads\/2014\/10\/IMG_0264_v1-300x224.jpg 300w, https:\/\/martinemrichard.fr\/blog\/wp-content\/uploads\/2014\/10\/IMG_0264_v1-1024x767.jpg 1024w, https:\/\/martinemrichard.fr\/blog\/wp-content\/uploads\/2014\/10\/IMG_0264_v1.jpg 1146w\" sizes=\"auto, (max-width: 300px) 100vw, 300px\" \/><\/a><\/p>\n<p>D&rsquo;une tenue tzigane.<\/p>\n<p>Outrance exotique<\/p>\n<p>Velours jaune soufre<\/p>\n<p>Rubis, grenats<\/p>\n<p>Dentelles orange sanguine<\/p>\n<p>Dansent sur les troncs noirs<\/p>\n<p>Une derni\u00e8re valse.<\/p>\n<p>Vibrant<a href=\"https:\/\/martinemrichard.fr\/blog\/wp-content\/uploads\/2014\/10\/IMG_0563_v1.jpg\"><img loading=\"lazy\" decoding=\"async\" class=\"alignright size-medium wp-image-9030\" src=\"https:\/\/martinemrichard.fr\/blog\/wp-content\/uploads\/2014\/10\/IMG_0563_v1-271x300.jpg\" alt=\"IMG_0563_v1\" width=\"271\" height=\"300\" srcset=\"https:\/\/martinemrichard.fr\/blog\/wp-content\/uploads\/2014\/10\/IMG_0563_v1-271x300.jpg 271w, https:\/\/martinemrichard.fr\/blog\/wp-content\/uploads\/2014\/10\/IMG_0563_v1-925x1024.jpg 925w, https:\/\/martinemrichard.fr\/blog\/wp-content\/uploads\/2014\/10\/IMG_0563_v1.jpg 1215w\" sizes=\"auto, (max-width: 271px) 100vw, 271px\" \/><\/a><\/p>\n<p>Ce silence rutilant<\/p>\n<p>Que brise un rouge-gorge<\/p>\n<p>Repoussant vaillamment<\/p>\n<p>Les griffes de l&rsquo;hiver<\/p>\n<p>.<\/p>\n<p>MMR ( tous droits r\u00e9serv\u00e9s)<\/p>\n<p><span style=\"color: #800080;\"><strong>Cliquez sur les photos pour agrandir svp, merci<\/strong><\/span><\/p>\n<p>Ceci est un vieux po\u00e8me car je n&rsquo;ai pas le temps, ni trop la t\u00eate \u00e0 \u00e9crire en ce moment. Mon exposition approche \u00e0 grands pas\u00a0 et la pression fait fuir l&rsquo;inspiration. C&rsquo;est beaucoup, beaucoup de travail&#8230;\u00a0 \ud83d\ude09<\/p>\n","protected":false},"excerpt":{"rendered":"<p>Pour la communaut\u00e9 \u00ab\u00a0les Passeurs de mots\u00a0\u00bb d&rsquo;Evajoe, le th\u00e8me pour octobre est automne. Le vent Fatigu\u00e9 de d\u00e9plaire Brasse languissament Cette lumi\u00e8re dor\u00e9e De lente m\u00e9tamorphose. Ardente Sous les doigts fabuleux D&rsquo;un couturier g\u00e9nial La for\u00eat s&rsquo;est par\u00e9e D&rsquo;une tenue tzigane. Outrance exotique Velours jaune soufre Rubis, grenats Dentelles orange sanguine Dansent sur les [&hellip;]<\/p>\n","protected":false},"author":1,"featured_media":0,"comment_status":"open","ping_status":"open","sticky":false,"template":"","format":"standard","meta":{"footnotes":""},"categories":[782],"tags":[222,855,604,627,469,856],"class_list":["post-9027","post","type-post","status-publish","format-standard","hentry","category-les-passeurs-de-mots","tag-automne","tag-grenat","tag-jaune","tag-rouge-gorge-familier","tag-rubis","tag-tzigane"],"_links":{"self":[{"href":"https:\/\/martinemrichard.fr\/blog\/index.php?rest_route=\/wp\/v2\/posts\/9027","targetHints":{"allow":["GET"]}}],"collection":[{"href":"https:\/\/martinemrichard.fr\/blog\/index.php?rest_route=\/wp\/v2\/posts"}],"about":[{"href":"https:\/\/martinemrichard.fr\/blog\/index.php?rest_route=\/wp\/v2\/types\/post"}],"author":[{"embeddable":true,"href":"https:\/\/martinemrichard.fr\/blog\/index.php?rest_route=\/wp\/v2\/users\/1"}],"replies":[{"embeddable":true,"href":"https:\/\/martinemrichard.fr\/blog\/index.php?rest_route=%2Fwp%2Fv2%2Fcomments&post=9027"}],"version-history":[{"count":6,"href":"https:\/\/martinemrichard.fr\/blog\/index.php?rest_route=\/wp\/v2\/posts\/9027\/revisions"}],"predecessor-version":[{"id":9036,"href":"https:\/\/martinemrichard.fr\/blog\/index.php?rest_route=\/wp\/v2\/posts\/9027\/revisions\/9036"}],"wp:attachment":[{"href":"https:\/\/martinemrichard.fr\/blog\/index.php?rest_route=%2Fwp%2Fv2%2Fmedia&parent=9027"}],"wp:term":[{"taxonomy":"category","embeddable":true,"href":"https:\/\/martinemrichard.fr\/blog\/index.php?rest_route=%2Fwp%2Fv2%2Fcategories&post=9027"},{"taxonomy":"post_tag","embeddable":true,"href":"https:\/\/martinemrichard.fr\/blog\/index.php?rest_route=%2Fwp%2Fv2%2Ftags&post=9027"}],"curies":[{"name":"wp","href":"https:\/\/api.w.org\/{rel}","templated":true}]}}