{"id":9115,"date":"2014-11-23T08:03:11","date_gmt":"2014-11-23T07:03:11","guid":{"rendered":"http:\/\/martinemrichard.fr\/blog\/?p=9115"},"modified":"2014-11-23T08:03:11","modified_gmt":"2014-11-23T07:03:11","slug":"a-rebrousse-temps","status":"publish","type":"post","link":"https:\/\/martinemrichard.fr\/blog\/?p=9115","title":{"rendered":"A rebrousse Temps"},"content":{"rendered":"<p style=\"text-align: justify;\">Avec cette exposition \u00e0 pr\u00e9parer,<a href=\"https:\/\/martinemrichard.fr\/blog\/wp-content\/uploads\/2014\/11\/IMG_5386_v1.jpg\"><img loading=\"lazy\" decoding=\"async\" class=\"alignright size-medium wp-image-9116\" src=\"https:\/\/martinemrichard.fr\/blog\/wp-content\/uploads\/2014\/11\/IMG_5386_v1-300x225.jpg\" alt=\"IMG_5386_v1\" width=\"300\" height=\"225\" srcset=\"https:\/\/martinemrichard.fr\/blog\/wp-content\/uploads\/2014\/11\/IMG_5386_v1-300x225.jpg 300w, https:\/\/martinemrichard.fr\/blog\/wp-content\/uploads\/2014\/11\/IMG_5386_v1-1024x768.jpg 1024w, https:\/\/martinemrichard.fr\/blog\/wp-content\/uploads\/2014\/11\/IMG_5386_v1.jpg 1402w\" sizes=\"auto, (max-width: 300px) 100vw, 300px\" \/><\/a> je n&rsquo;ai pas beaucoup profit\u00e9 de l&rsquo;\u00e9t\u00e9 ;\u00a0 ainsi que de ce bel automne, si estival. Aussi, histoire de lib\u00e9rer ma frustration, je vais remonter le Temps . Le jardin \u00e9tait si beau!<\/p>\n<p style=\"text-align: justify;\"><span style=\"color: #800080;\"><strong>Cliquez sur les photos pour agrandir svp, merci.<\/strong><\/span><\/p>\n<p style=\"text-align: justify;\">.<\/p>\n<p style=\"text-align: justify;\">Un peu de poudre perlimpinpin<\/p>\n<p style=\"text-align: justify;\">Plus de minutes<a href=\"https:\/\/martinemrichard.fr\/blog\/wp-content\/uploads\/2014\/11\/IMG_5574_v1.jpg\"><img loading=\"lazy\" decoding=\"async\" class=\"alignright size-medium wp-image-9120\" src=\"https:\/\/martinemrichard.fr\/blog\/wp-content\/uploads\/2014\/11\/IMG_5574_v1-300x254.jpg\" alt=\"IMG_5574_v1\" width=\"300\" height=\"254\" srcset=\"https:\/\/martinemrichard.fr\/blog\/wp-content\/uploads\/2014\/11\/IMG_5574_v1-300x254.jpg 300w, https:\/\/martinemrichard.fr\/blog\/wp-content\/uploads\/2014\/11\/IMG_5574_v1-1024x869.jpg 1024w, https:\/\/martinemrichard.fr\/blog\/wp-content\/uploads\/2014\/11\/IMG_5574_v1.jpg 1030w\" sizes=\"auto, (max-width: 300px) 100vw, 300px\" \/><\/a><\/p>\n<p style=\"text-align: justify;\">Plus de secondes<\/p>\n<p style=\"text-align: justify;\">Chutttt&#8230;<\/p>\n<p style=\"text-align: justify;\">L\u2019horloge ralentit<\/p>\n<p style=\"text-align: justify;\">Aiguilles crois\u00e9es sur son c\u0153ur assoupi, son tic-tac n&rsquo;est plus qu&rsquo;un murmure&#8230;<\/p>\n<p style=\"text-align: justify;\">Le Pass\u00e9, au pr\u00e9sent, est une bulle\u00a0 r\u00eave dor\u00e9<\/p>\n<p style=\"text-align: justify;\">Sur un air de jasmin, la mouche bom<a href=\"https:\/\/martinemrichard.fr\/blog\/wp-content\/uploads\/2014\/11\/IMG_6420_v1.jpg\"><img loading=\"lazy\" decoding=\"async\" class=\"alignright size-medium wp-image-9129\" src=\"https:\/\/martinemrichard.fr\/blog\/wp-content\/uploads\/2014\/11\/IMG_6420_v1-300x225.jpg\" alt=\"IMG_6420_v1\" width=\"300\" height=\"225\" srcset=\"https:\/\/martinemrichard.fr\/blog\/wp-content\/uploads\/2014\/11\/IMG_6420_v1-300x225.jpg 300w, https:\/\/martinemrichard.fr\/blog\/wp-content\/uploads\/2014\/11\/IMG_6420_v1-1024x768.jpg 1024w, https:\/\/martinemrichard.fr\/blog\/wp-content\/uploads\/2014\/11\/IMG_6420_v1.jpg 1710w\" sizes=\"auto, (max-width: 300px) 100vw, 300px\" \/><\/a>bille l&rsquo;avide de sa faim<\/p>\n<p style=\"text-align: justify;\">Soleil, ivre de lui-m\u00eame, ouvre grand son intime<\/p>\n<p>Or<\/p>\n<p>Feu<\/p>\n<p>Bronze<\/p>\n<p style=\"text-align: justify;\">\u00c9loquence incendiaire s\u00e9duisant l&rsquo;ouvri\u00e8re\u00a0 ou l&rsquo;abeille sauvage.<a href=\"https:\/\/martinemrichard.fr\/blog\/wp-content\/uploads\/2014\/11\/IMG_5186_v1.jpg\"><img loading=\"lazy\" decoding=\"async\" class=\"alignright size-medium wp-image-9119\" src=\"https:\/\/martinemrichard.fr\/blog\/wp-content\/uploads\/2014\/11\/IMG_5186_v1-300x225.jpg\" alt=\"IMG_5186_v1\" width=\"300\" height=\"225\" srcset=\"https:\/\/martinemrichard.fr\/blog\/wp-content\/uploads\/2014\/11\/IMG_5186_v1-300x225.jpg 300w, https:\/\/martinemrichard.fr\/blog\/wp-content\/uploads\/2014\/11\/IMG_5186_v1-1024x768.jpg 1024w, https:\/\/martinemrichard.fr\/blog\/wp-content\/uploads\/2014\/11\/IMG_5186_v1.jpg 1402w\" sizes=\"auto, (max-width: 300px) 100vw, 300px\" \/><\/a><\/p>\n<p style=\"text-align: justify;\">Indiff\u00e9rent aux mots de ce Ph\u00e9bus minus, Amour chor\u00e9graphie un pas de deux aust\u00e8re.\u00a0 Oxythyrea funesta* s&rsquo;aiment \u00e0 la cosaque sous l&rsquo;ombre impudique de l&rsquo;arum virginal.<\/p>\n<p style=\"text-align: justify;\">L&rsquo;\u00e9t\u00e9 en pente douce fredonne et bourdonne<\/p>\n<p style=\"text-align: justify;\">Au pied du lilas, fan\u00e9 de trop me plaire<\/p>\n<p style=\"text-align: justify;\"><a href=\"https:\/\/martinemrichard.fr\/blog\/wp-content\/uploads\/2014\/11\/IMG_6765_v1.jpg\"><img loading=\"lazy\" decoding=\"async\" class=\"alignright size-medium wp-image-9128\" src=\"https:\/\/martinemrichard.fr\/blog\/wp-content\/uploads\/2014\/11\/IMG_6765_v1-275x300.jpg\" alt=\"IMG_6765_v1\" width=\"275\" height=\"300\" srcset=\"https:\/\/martinemrichard.fr\/blog\/wp-content\/uploads\/2014\/11\/IMG_6765_v1-275x300.jpg 275w, https:\/\/martinemrichard.fr\/blog\/wp-content\/uploads\/2014\/11\/IMG_6765_v1-940x1024.jpg 940w, https:\/\/martinemrichard.fr\/blog\/wp-content\/uploads\/2014\/11\/IMG_6765_v1.jpg 1283w\" sizes=\"auto, (max-width: 275px) 100vw, 275px\" \/><\/a>Mille et un papillons ombre et lumi\u00e8re\u00a0 caressent l&rsquo;orbe soyeux de mes capucines<\/p>\n<p style=\"text-align: justify;\">A rebrousse-Temps<\/p>\n<p style=\"text-align: justify;\">Captant l&rsquo;irr\u00e9el pour en draper mon \u00e2me, je flemmarde et souris au songe vagabond&#8230;<\/p>\n<p style=\"text-align: justify;\">MMR ( tous droits r\u00e9serv\u00e9s)<\/p>\n<p style=\"text-align: justify;\">* Oxythyrea funesta: col\u00e9opt\u00e8re , cousin du c\u00e9toine dor\u00e9.<\/p>\n","protected":false},"excerpt":{"rendered":"<p>Avec cette exposition \u00e0 pr\u00e9parer, je n&rsquo;ai pas beaucoup profit\u00e9 de l&rsquo;\u00e9t\u00e9 ;\u00a0 ainsi que de ce bel automne, si estival. Aussi, histoire de lib\u00e9rer ma frustration, je vais remonter le Temps . Le jardin \u00e9tait si beau! Cliquez sur les photos pour agrandir svp, merci. . Un peu de poudre perlimpinpin Plus de minutes [&hellip;]<\/p>\n","protected":false},"author":1,"featured_media":0,"comment_status":"open","ping_status":"open","sticky":false,"template":"","format":"standard","meta":{"footnotes":""},"categories":[71],"tags":[61,160,11,864,59,75,268,163,122],"class_list":["post-9115","post","type-post","status-publish","format-standard","hentry","category-jardin-fleur","tag-bleu","tag-ete","tag-jardin","tag-le-temps","tag-or","tag-papillon","tag-phebus","tag-reve","tag-soleil"],"_links":{"self":[{"href":"https:\/\/martinemrichard.fr\/blog\/index.php?rest_route=\/wp\/v2\/posts\/9115","targetHints":{"allow":["GET"]}}],"collection":[{"href":"https:\/\/martinemrichard.fr\/blog\/index.php?rest_route=\/wp\/v2\/posts"}],"about":[{"href":"https:\/\/martinemrichard.fr\/blog\/index.php?rest_route=\/wp\/v2\/types\/post"}],"author":[{"embeddable":true,"href":"https:\/\/martinemrichard.fr\/blog\/index.php?rest_route=\/wp\/v2\/users\/1"}],"replies":[{"embeddable":true,"href":"https:\/\/martinemrichard.fr\/blog\/index.php?rest_route=%2Fwp%2Fv2%2Fcomments&post=9115"}],"version-history":[{"count":31,"href":"https:\/\/martinemrichard.fr\/blog\/index.php?rest_route=\/wp\/v2\/posts\/9115\/revisions"}],"predecessor-version":[{"id":9159,"href":"https:\/\/martinemrichard.fr\/blog\/index.php?rest_route=\/wp\/v2\/posts\/9115\/revisions\/9159"}],"wp:attachment":[{"href":"https:\/\/martinemrichard.fr\/blog\/index.php?rest_route=%2Fwp%2Fv2%2Fmedia&parent=9115"}],"wp:term":[{"taxonomy":"category","embeddable":true,"href":"https:\/\/martinemrichard.fr\/blog\/index.php?rest_route=%2Fwp%2Fv2%2Fcategories&post=9115"},{"taxonomy":"post_tag","embeddable":true,"href":"https:\/\/martinemrichard.fr\/blog\/index.php?rest_route=%2Fwp%2Fv2%2Ftags&post=9115"}],"curies":[{"name":"wp","href":"https:\/\/api.w.org\/{rel}","templated":true}]}}