{"id":9160,"date":"2014-12-07T08:09:54","date_gmt":"2014-12-07T07:09:54","guid":{"rendered":"http:\/\/martinemrichard.fr\/blog\/?p=9160"},"modified":"2014-12-07T08:09:54","modified_gmt":"2014-12-07T07:09:54","slug":"cadeaux-au-fil-des-commentaires-7","status":"publish","type":"post","link":"https:\/\/martinemrichard.fr\/blog\/?p=9160","title":{"rendered":"Cadeaux au fil des commentaires"},"content":{"rendered":"<p><span style=\"color: #0000ff;\"><strong><a href=\"http:\/\/golondrina63auv.canalblog.com\/\">ROSE<\/a><a href=\"https:\/\/martinemrichard.fr\/blog\/wp-content\/uploads\/2014\/06\/IMG_7706_v1.jpg\"><img loading=\"lazy\" decoding=\"async\" class=\"alignright size-medium wp-image-8735\" src=\"https:\/\/martinemrichard.fr\/blog\/wp-content\/uploads\/2014\/06\/IMG_7706_v1-300x272.jpg\" alt=\"IMG_7706_v1\" width=\"300\" height=\"272\" srcset=\"https:\/\/martinemrichard.fr\/blog\/wp-content\/uploads\/2014\/06\/IMG_7706_v1-300x272.jpg 300w, https:\/\/martinemrichard.fr\/blog\/wp-content\/uploads\/2014\/06\/IMG_7706_v1.jpg 1024w\" sizes=\"auto, (max-width: 300px) 100vw, 300px\" \/><\/a><\/strong><\/span><\/p>\n<p>De l\u2019id\u00e9e<br \/>\nDe la couleur<br \/>\nDe la douceur<br \/>\nUn peu d\u2019humour<br \/>\nEt le tour est jou\u00e9<br \/>\nEnivrante fantaisie<\/p>\n<p>.<\/p>\n<p><a href=\"http:\/\/marinezou.blogspot.fr\/\"><span style=\"color: #0000ff;\"><strong>MarineLou<\/strong><\/span><\/a><\/p>\n<p>Dans la nuit brune<br \/>\nle lapin de garenne<br \/>\nrespire les senteurs<\/p>\n<p>.<\/p>\n<p><span style=\"color: #0000ff;\"><strong><a href=\"http:\/\/eldorad-oc.midiblogs.com\/\">Ulysse<\/a><a href=\"https:\/\/martinemrichard.fr\/blog\/wp-content\/uploads\/2014\/06\/IMG_7858_v1.jpg\"><img loading=\"lazy\" decoding=\"async\" class=\"alignright size-medium wp-image-8737\" src=\"https:\/\/martinemrichard.fr\/blog\/wp-content\/uploads\/2014\/06\/IMG_7858_v1-186x300.jpg\" alt=\"IMG_7858_v1\" width=\"186\" height=\"300\" srcset=\"https:\/\/martinemrichard.fr\/blog\/wp-content\/uploads\/2014\/06\/IMG_7858_v1-186x300.jpg 186w, https:\/\/martinemrichard.fr\/blog\/wp-content\/uploads\/2014\/06\/IMG_7858_v1.jpg 615w\" sizes=\"auto, (max-width: 186px) 100vw, 186px\" \/><\/a><\/strong><\/span><\/p>\n<p>Ton lapin \u00e9meraude<br \/>\nMaraude<br \/>\nmais je l\u2019attends fusil \u00e0 l\u2019\u00e9paule<br \/>\nAvec une casserole !<\/p>\n<p>.<\/p>\n<p><a href=\"http:\/\/www.koukou42.blogspot.fr\/\"><span style=\"color: #0000ff;\"><strong>Koukou42<\/strong><\/span><\/a><\/p>\n<p>Entre rubis et \u00e9meraude, la nature est une pierre pr\u00e9cieuse.<\/p>\n<p>.<\/p>\n<p><a href=\"http:\/\/alcina.eklablog.com\/\"><span style=\"color: #0000ff;\"><strong>Fran\u00e7oisedu80<\/strong><\/span><\/a><\/p>\n<p>Il arrive que la lumi\u00e8re d\u00e9guise les choses les plus banales<br \/>\n\u00e0 nos yeux ,en fantasmagoriques lutins ,trolls , farfadets \u2026<br \/>\nSi le c\u00e9ladon nage encore entre les eaux des prairies<br \/>\nla robe rubis du pavot enivre et soul\u00e8ve les r\u00eaves dans un<br \/>\nbruissement soyeux . Tout un monde craquelle, cricotte,bruisse<br \/>\ntambourine appelle de ses antennes ,de ses \u00e9lytres<br \/>\n\u00e7\u00e0 et l\u00e0 un colima\u00e7on nacre sa piste sous le hamac de la pi\u00e8geuse \u00e9peire .<\/p>\n<p>.<\/p>\n<p><span style=\"color: #0000ff;\"><strong><a href=\"http:\/\/jardin-des-mots.eklablog.com\/\">ABC<\/a><a href=\"https:\/\/martinemrichard.fr\/blog\/wp-content\/uploads\/2014\/08\/IMG_6144_v1.jpg\"><img loading=\"lazy\" decoding=\"async\" class=\"alignright size-medium wp-image-8787\" src=\"https:\/\/martinemrichard.fr\/blog\/wp-content\/uploads\/2014\/08\/IMG_6144_v1-300x225.jpg\" alt=\"IMG_6144_v1\" width=\"300\" height=\"225\" srcset=\"https:\/\/martinemrichard.fr\/blog\/wp-content\/uploads\/2014\/08\/IMG_6144_v1-300x225.jpg 300w, https:\/\/martinemrichard.fr\/blog\/wp-content\/uploads\/2014\/08\/IMG_6144_v1-1024x768.jpg 1024w, https:\/\/martinemrichard.fr\/blog\/wp-content\/uploads\/2014\/08\/IMG_6144_v1.jpg 1402w\" sizes=\"auto, (max-width: 300px) 100vw, 300px\" \/><\/a><\/strong><\/span><\/p>\n<p>&nbsp;<\/p>\n<ul>\n<li id=\"comment-26764\" class=\"comment odd alt thread-odd thread-alt depth-1\">les fleurs<br \/>\nles abeilles<br \/>\nquelques papillons<br \/>\nmonde estival<br \/>\ns\u2019\u00e9panouissant au jardin<br \/>\nl\u2019\u00e9t\u00e9 se cherche<br \/>\nse trouve<br \/>\nse cache<br \/>\nrevient<br \/>\nles fleurs<br \/>\nles abeilles<br \/>\nquelques papillons<br \/>\nrient<br \/>\npleurent<br \/>\nau gr\u00e9 du vent<br \/>\nde la pluie<br \/>\net du soleil<br \/>\nLes fleurs<br \/>\nles abeilles<br \/>\nquelques papillons<br \/>\nau bord de mon c\u0153ur<br \/>\nune larme de joie<br \/>\nsimple merci<br \/>\n\u00e0 la beaut\u00e9 du jour !<a href=\"https:\/\/martinemrichard.fr\/blog\/wp-content\/uploads\/2014\/08\/IMG_5753_v1.jpg\"><img loading=\"lazy\" decoding=\"async\" class=\"alignright size-medium wp-image-8784\" src=\"https:\/\/martinemrichard.fr\/blog\/wp-content\/uploads\/2014\/08\/IMG_5753_v1-300x300.jpg\" alt=\"IMG_5753_v1\" width=\"300\" height=\"300\" srcset=\"https:\/\/martinemrichard.fr\/blog\/wp-content\/uploads\/2014\/08\/IMG_5753_v1-300x300.jpg 300w, https:\/\/martinemrichard.fr\/blog\/wp-content\/uploads\/2014\/08\/IMG_5753_v1-150x150.jpg 150w, https:\/\/martinemrichard.fr\/blog\/wp-content\/uploads\/2014\/08\/IMG_5753_v1.jpg 1010w\" sizes=\"auto, (max-width: 300px) 100vw, 300px\" \/><\/a>.<strong>\u00a0<\/strong><\/li>\n<\/ul>\n<p>&nbsp;<\/p>\n<p><a href=\"http:\/\/golondrina63auv.canalblog.com\/\"><span style=\"color: #0000ff;\"><strong>ROSE<\/strong><\/span><\/a><\/p>\n<p>Et tourbillonnent<br \/>\nTes mots si bien pens\u00e9s<br \/>\nQue la douce caresse du vent<br \/>\nFont danser<br \/>\nAll\u00e8grement<br \/>\nToutes ces fleurs<br \/>\nTel le jardin d\u2019\u00c9den<br \/>\nComme un d\u00e9lice<br \/>\nJe l\u2019ai d\u00e9vor\u00e9<br \/>\nDes yeux avec enchantement<\/p>\n<p>.<\/p>\n<p><span style=\"color: #0000ff;\"><strong><a href=\"http:\/\/jardin-des-mots.eklablog.com\/\">ABC<\/a><a href=\"https:\/\/martinemrichard.fr\/blog\/wp-content\/uploads\/2014\/08\/IMG_7246_v1.jpg\"><img loading=\"lazy\" decoding=\"async\" class=\"alignright size-medium wp-image-8888\" src=\"https:\/\/martinemrichard.fr\/blog\/wp-content\/uploads\/2014\/08\/IMG_7246_v1-225x300.jpg\" alt=\"IMG_7246_v1\" width=\"225\" height=\"300\" srcset=\"https:\/\/martinemrichard.fr\/blog\/wp-content\/uploads\/2014\/08\/IMG_7246_v1-225x300.jpg 225w, https:\/\/martinemrichard.fr\/blog\/wp-content\/uploads\/2014\/08\/IMG_7246_v1-768x1024.jpg 768w, https:\/\/martinemrichard.fr\/blog\/wp-content\/uploads\/2014\/08\/IMG_7246_v1.jpg 1052w\" sizes=\"auto, (max-width: 225px) 100vw, 225px\" \/><\/a><\/strong><\/span><\/p>\n<p>Me laissant porter<br \/>\nDans ce souffle de beaut\u00e9<br \/>\nje marche vers l\u2019automne<br \/>\nau gaillard parfum<br \/>\nretenant en mes bras<br \/>\nl\u2019ardeur de l\u2019\u00e9t\u00e9<br \/>\ntrop timidement cach\u00e9<\/p>\n<p>.<\/p>\n<p><a href=\"http:\/\/golondrina63auv.canalblog.com\/\"><span style=\"color: #0000ff;\"><strong>Rose<\/strong><\/span><\/a><\/p>\n<p>Je suis venue<br \/>\nJ\u2019ai respir\u00e9 une bouff\u00e9e d\u2019air pur<br \/>\nMerveilleux de se sentir aussi bien<br \/>\nDans cette for\u00eat de mots<\/p>\n<p>.<\/p>\n<p><span style=\"color: #0000ff;\"><strong>Claudie<\/strong><\/span> ( sans blog)<a href=\"https:\/\/martinemrichard.fr\/blog\/wp-content\/uploads\/2014\/08\/IMG_3340_v1.jpg\"><img loading=\"lazy\" decoding=\"async\" class=\"alignright size-medium wp-image-8870\" src=\"https:\/\/martinemrichard.fr\/blog\/wp-content\/uploads\/2014\/08\/IMG_3340_v1-224x300.jpg\" alt=\"IMG_3340_v1\" width=\"224\" height=\"300\" srcset=\"https:\/\/martinemrichard.fr\/blog\/wp-content\/uploads\/2014\/08\/IMG_3340_v1-224x300.jpg 224w, https:\/\/martinemrichard.fr\/blog\/wp-content\/uploads\/2014\/08\/IMG_3340_v1-767x1024.jpg 767w, https:\/\/martinemrichard.fr\/blog\/wp-content\/uploads\/2014\/08\/IMG_3340_v1.jpg 859w\" sizes=\"auto, (max-width: 224px) 100vw, 224px\" \/><\/a><\/p>\n<p>Ces Bouff\u00e9es d\u2019air alpine<\/p>\n<p>qui me donnent le vertige<\/p>\n<p>ont des saveurs grenadine<\/p>\n<p>o\u00f9 les heures sont prestige!<\/p>\n<p>.<\/p>\n<p><span style=\"color: #0000ff;\"><strong><a href=\"http:\/\/chemin-je-t-aime.apln-blog.fr\/\">Sabine <\/a><span style=\"color: #0000ff;\"><a href=\"http:\/\/chemin-je-t-aime.apln-blog.fr\/\">la p\u00e8lerine<\/a><br \/>\n<\/span><\/strong><\/span><\/p>\n<p>Avec chacun de tes r\u00eaves<\/p>\n<p>J\u2019ai tiss\u00e9 un hamac o\u00f9 je viens me balancer,<\/p>\n<p>comme le chat, au soleil de l\u2019ivresse \u2026<\/p>\n<p>.<\/p>\n<p><a href=\"http:\/\/golondrina63auv.canalblog.com\/\"><span style=\"color: #0000ff;\"><strong>Rose<\/strong><\/span><\/a><\/p>\n<p>&nbsp;<\/p>\n<ul>\n<li id=\"comment-27390\" class=\"comment even thread-even depth-1\"><img loading=\"lazy\" decoding=\"async\" class=\"avatar avatar-32 photo\" src=\"http:\/\/1.gravatar.com\/avatar\/76bd52276215cba57c1b146c909a8344?s=32&amp;d=blank&amp;r=G\" alt=\"\" width=\"32\" height=\"32\" \/>Je me suis laiss\u00e9e bercer par le bruit des vagues<a href=\"https:\/\/martinemrichard.fr\/blog\/wp-content\/uploads\/2014\/09\/IMG_8869_v1.jpg\"><img loading=\"lazy\" decoding=\"async\" class=\"alignright size-medium wp-image-8906\" src=\"https:\/\/martinemrichard.fr\/blog\/wp-content\/uploads\/2014\/09\/IMG_8869_v1-300x225.jpg\" alt=\"IMG_8869_v1\" width=\"300\" height=\"225\" srcset=\"https:\/\/martinemrichard.fr\/blog\/wp-content\/uploads\/2014\/09\/IMG_8869_v1-300x225.jpg 300w, https:\/\/martinemrichard.fr\/blog\/wp-content\/uploads\/2014\/09\/IMG_8869_v1-1024x768.jpg 1024w, https:\/\/martinemrichard.fr\/blog\/wp-content\/uploads\/2014\/09\/IMG_8869_v1.jpg 1402w\" sizes=\"auto, (max-width: 300px) 100vw, 300px\" \/><\/a><br \/>\nLaissant derri\u00e8re elles<br \/>\nTes mots justes<br \/>\nBien orchestr\u00e9s<br \/>\nPouss\u00e9s par le vent de l\u2019amiti\u00e9<br \/>\nJusqu\u2019\u00e0 moi<\/li>\n<\/ul>\n<p><a href=\"http:\/\/eldorad-oc.midiblogs.com\/\"><span style=\"color: #0000ff;\"><strong>Ulysse<\/strong><\/span><\/a><\/p>\n<p>&nbsp;<\/p>\n<ul>\n<li id=\"comment-27410\" class=\"comment even thread-even depth-1\"><img loading=\"lazy\" decoding=\"async\" class=\"avatar avatar-32 photo\" src=\"http:\/\/0.gravatar.com\/avatar\/44de2071bfaa727ab438e112b4c8dd1d?s=32&amp;d=blank&amp;r=G\" alt=\"\" width=\"32\" height=\"32\" \/>Coquillages, enfantillages\u2026.<br \/>\nO\u00f9 sont nos rires d\u2019enfant ?<\/li>\n<\/ul>\n<p><a href=\"http:\/\/alcina.eklablog.com\/\"><span style=\"color: #0000ff;\"><strong>Fran\u00e7oisedu80<\/strong><\/span><\/a><\/p>\n<p>Sur la plage abandonn\u00e9e coquillages et crustac\u00e9s\u2026<\/p>\n<p>chacun retrouve en fermant les yeux le d\u00e9cor de son enfance<br \/>\ncelui de l\u2019insouciance<br \/>\nUn filet de sable s\u2019\u00e9chappe du sac de plage<br \/>\nquelques coquillages finissent de perdre leur \u00e9clat<br \/>\nsur le rebord de la fen\u00eatre et le roman si \u00e9pais ne<br \/>\nsera pas termin\u00e9 , pas de conclusion , simplement des \u00e9pisodes<br \/>\nsuppl\u00e9mentaires \u00e0 ajouter<br \/>\ndes bribes de vie , de rire , de chapeaux de paille qui s\u2019envolent<br \/>\navec cette ligne infinie bleu\u00e2tre l\u00e0-bas au ras de l\u2019eau .<a href=\"https:\/\/martinemrichard.fr\/blog\/wp-content\/uploads\/2014\/09\/IMG_8529_v1.jpg\"><img loading=\"lazy\" decoding=\"async\" class=\"alignright size-medium wp-image-8908\" src=\"https:\/\/martinemrichard.fr\/blog\/wp-content\/uploads\/2014\/09\/IMG_8529_v1-300x225.jpg\" alt=\"IMG_8529_v1\" width=\"300\" height=\"225\" srcset=\"https:\/\/martinemrichard.fr\/blog\/wp-content\/uploads\/2014\/09\/IMG_8529_v1-300x225.jpg 300w, https:\/\/martinemrichard.fr\/blog\/wp-content\/uploads\/2014\/09\/IMG_8529_v1-1024x768.jpg 1024w, https:\/\/martinemrichard.fr\/blog\/wp-content\/uploads\/2014\/09\/IMG_8529_v1.jpg 1710w\" sizes=\"auto, (max-width: 300px) 100vw, 300px\" \/><\/a><\/p>\n<p>&nbsp;<\/p>\n<p>&nbsp;<\/p>\n<p>.<\/p>\n<p><a href=\"http:\/\/balades-en-poesies.eklablog.com\/\"><span style=\"color: #0000ff;\"><strong>Mamylilou<\/strong><\/span><\/a><\/p>\n<p>Au creux des coquillages,<\/p>\n<p>le chant de la mer nous poursuit :<\/p>\n<p>il suffit d\u2019en glisser un dans notre poche<\/p>\n<p>et \u00e9couter encore les notes de ses vagues\u2026 agr\u00e9able !<\/p>\n<p>.<\/p>\n<p><span style=\"color: #0000ff;\"><strong><a href=\"http:\/\/jardin-des-mots.eklablog.com\/\">ABC<\/a><a href=\"https:\/\/martinemrichard.fr\/blog\/wp-content\/uploads\/2014\/10\/IMG_7486_v1.jpg\"><img loading=\"lazy\" decoding=\"async\" class=\"alignright size-medium wp-image-8938\" src=\"https:\/\/martinemrichard.fr\/blog\/wp-content\/uploads\/2014\/10\/IMG_7486_v1-300x225.jpg\" alt=\"IMG_7486_v1\" width=\"300\" height=\"225\" srcset=\"https:\/\/martinemrichard.fr\/blog\/wp-content\/uploads\/2014\/10\/IMG_7486_v1-300x225.jpg 300w, https:\/\/martinemrichard.fr\/blog\/wp-content\/uploads\/2014\/10\/IMG_7486_v1-1024x768.jpg 1024w, https:\/\/martinemrichard.fr\/blog\/wp-content\/uploads\/2014\/10\/IMG_7486_v1.jpg 1402w\" sizes=\"auto, (max-width: 300px) 100vw, 300px\" \/><\/a><\/strong><\/span><\/p>\n<p>&nbsp;<\/p>\n<ul>\n<li id=\"comment-27628\" class=\"comment odd alt thread-odd thread-alt depth-1\"><img loading=\"lazy\" decoding=\"async\" class=\"avatar avatar-32 photo\" src=\"http:\/\/0.gravatar.com\/avatar\/a9a1a97a24bbdbfe1d25de821a1cf093?s=32&amp;d=blank&amp;r=G\" alt=\"\" width=\"32\" height=\"32\" \/>J\u2019ai emprunt\u00e9 la passerelle de bois<br \/>\nEn suivant les bords de la rive<br \/>\nSalu\u00e9e par ces majest\u00e9s foug\u00e8res<br \/>\nj\u2019ai fl\u00e2n\u00e9 sous saules et bouleaux<br \/>\nen r\u00eavant \u00e0 la beaut\u00e9 du monde.<\/li>\n<\/ul>\n<p>&nbsp;<\/p>\n<p>.<\/p>\n<p><a href=\"http:\/\/golondrina63auv.canalblog.com\/\"><span style=\"color: #0000ff;\"><strong>Rose<\/strong><\/span><\/a><a href=\"https:\/\/martinemrichard.fr\/blog\/wp-content\/uploads\/2014\/10\/IMG_7568_v1.jpg\"><img loading=\"lazy\" decoding=\"async\" class=\"alignright size-medium wp-image-9017\" src=\"https:\/\/martinemrichard.fr\/blog\/wp-content\/uploads\/2014\/10\/IMG_7568_v1-300x225.jpg\" alt=\"IMG_7568_v1\" width=\"300\" height=\"225\" srcset=\"https:\/\/martinemrichard.fr\/blog\/wp-content\/uploads\/2014\/10\/IMG_7568_v1-300x225.jpg 300w, https:\/\/martinemrichard.fr\/blog\/wp-content\/uploads\/2014\/10\/IMG_7568_v1-1024x768.jpg 1024w, https:\/\/martinemrichard.fr\/blog\/wp-content\/uploads\/2014\/10\/IMG_7568_v1.jpg 1402w\" sizes=\"auto, (max-width: 300px) 100vw, 300px\" \/><\/a><\/p>\n<p>&nbsp;<\/p>\n<ul>\n<li id=\"comment-27759\" class=\"comment even thread-even depth-1\"><img loading=\"lazy\" decoding=\"async\" class=\"avatar avatar-32 photo\" src=\"http:\/\/1.gravatar.com\/avatar\/76bd52276215cba57c1b146c909a8344?s=32&amp;d=blank&amp;r=G\" alt=\"\" width=\"32\" height=\"32\" \/>Nature \u00e0 pas de velours<br \/>\nNature avec des mots d\u2019amour<br \/>\nNature et mots se conjuguent<br \/>\nAvec passion<\/li>\n<\/ul>\n<p>.<\/p>\n<p><a href=\"http:\/\/jardin-des-mots.eklablog.com\/\"><span style=\"color: #0000ff;\"><strong>ABC<\/strong><\/span><\/a><\/p>\n<p>Un temps de pause en balade verdoyante aupr\u00e8s de toi en un week-end passionnant et intense autour de la guerre de 14-18.<br \/>\nJe suis tes pas, je tends l\u2019oreille, j\u2019ouvre les \u0153il, je suis l\u00e0 tu ne me vois pas, je ne te vois pas, mais je te sais proche dans une qu\u00eate naturelle\u2026<br \/>\nIl y a 5 jours dans notre chemin, j\u2019ai perturb\u00e9 la promenade du soir d\u2019un sanglier solitaire. Je ne l\u2019ai pas revu, je sais que les chasseurs le cherche, le trouveront-ils ?<\/p>\n<p>.<\/p>\n<p><span style=\"color: #0000ff;\"><strong>Claudie<\/strong><\/span> ( sans blog)<a href=\"https:\/\/martinemrichard.fr\/blog\/wp-content\/uploads\/2014\/10\/IMG_7719_v1.jpg\"><img loading=\"lazy\" decoding=\"async\" class=\"alignright size-medium wp-image-8968\" src=\"https:\/\/martinemrichard.fr\/blog\/wp-content\/uploads\/2014\/10\/IMG_7719_v1-300x225.jpg\" alt=\"IMG_7719_v1\" width=\"300\" height=\"225\" srcset=\"https:\/\/martinemrichard.fr\/blog\/wp-content\/uploads\/2014\/10\/IMG_7719_v1-300x225.jpg 300w, https:\/\/martinemrichard.fr\/blog\/wp-content\/uploads\/2014\/10\/IMG_7719_v1-1024x768.jpg 1024w, https:\/\/martinemrichard.fr\/blog\/wp-content\/uploads\/2014\/10\/IMG_7719_v1.jpg 1402w\" sizes=\"auto, (max-width: 300px) 100vw, 300px\" \/><\/a><\/p>\n<p>Une promenade aquatique<br \/>\nsous un \u00ab\u00a0arceau aux mille bras\u00a0\u00bb<br \/>\no\u00f9 se glisse ta plume magnifique<br \/>\nqui danse une saga africa!!<\/p>\n<p>.<\/p>\n<p><a href=\"http:\/\/paysdemerveille.canalblog.com\/\"><span style=\"color: #0000ff;\"><strong>Christelle<\/strong><\/span><\/a><\/p>\n<p>Je te devine telle une belle contemplative<\/p>\n<p>face \u00e0 la beaut\u00e9 de la nature ,<\/p>\n<p>ses bruits,<\/p>\n<p>sa vie qui se faufile, rampe,<\/p>\n<p>s\u2019amuse entre les herbes folles \u2026<\/p>\n<p>&nbsp;<\/p>\n<p>.<a href=\"https:\/\/martinemrichard.fr\/blog\/wp-content\/uploads\/2014\/01\/IMG_2109_v1.jpg\"><img loading=\"lazy\" decoding=\"async\" class=\"alignright size-medium wp-image-8031\" src=\"https:\/\/martinemrichard.fr\/blog\/wp-content\/uploads\/2014\/01\/IMG_2109_v1-225x300.jpg\" alt=\"IMG_2109_v1\" width=\"225\" height=\"300\" srcset=\"https:\/\/martinemrichard.fr\/blog\/wp-content\/uploads\/2014\/01\/IMG_2109_v1-225x300.jpg 225w, https:\/\/martinemrichard.fr\/blog\/wp-content\/uploads\/2014\/01\/IMG_2109_v1-768x1024.jpg 768w, https:\/\/martinemrichard.fr\/blog\/wp-content\/uploads\/2014\/01\/IMG_2109_v1.jpg 1052w\" sizes=\"auto, (max-width: 225px) 100vw, 225px\" \/><\/a><\/p>\n<p><a href=\"http:\/\/golondrina63auv.canalblog.com\/\"><span style=\"color: #0000ff;\"><strong>Rose<\/strong><\/span><\/a><\/p>\n<p>&nbsp;<\/p>\n<ul>\n<li id=\"comment-27861\" class=\"comment odd alt thread-odd thread-alt depth-1\"><img loading=\"lazy\" decoding=\"async\" class=\"avatar avatar-32 photo\" src=\"http:\/\/1.gravatar.com\/avatar\/76bd52276215cba57c1b146c909a8344?s=32&amp;d=blank&amp;r=G\" alt=\"\" width=\"32\" height=\"32\" \/>Jolies photos<br \/>\nHier il faisait beau<br \/>\nSur les chemins de campagne<br \/>\nL\u2019automne gagne \u2026<br \/>\nOffrant ses multiples couleurs<br \/>\nSes belles mises en valeur<br \/>\nDe Dame nature<br \/>\nAu fil de l\u2019eau \u2026<\/li>\n<\/ul>\n<p>&nbsp;<\/p>\n<p>.<\/p>\n<p><span style=\"color: #0000ff;\"><strong><a href=\"http:\/\/jardin-des-mots.eklablog.com\/\">ABC<\/a><a href=\"https:\/\/martinemrichard.fr\/blog\/wp-content\/uploads\/2014\/10\/IMG_0264_v1.jpg\"><img loading=\"lazy\" decoding=\"async\" class=\"alignright size-medium wp-image-9029\" src=\"https:\/\/martinemrichard.fr\/blog\/wp-content\/uploads\/2014\/10\/IMG_0264_v1-300x224.jpg\" alt=\"IMG_0264_v1\" width=\"300\" height=\"224\" srcset=\"https:\/\/martinemrichard.fr\/blog\/wp-content\/uploads\/2014\/10\/IMG_0264_v1-300x224.jpg 300w, https:\/\/martinemrichard.fr\/blog\/wp-content\/uploads\/2014\/10\/IMG_0264_v1-1024x767.jpg 1024w, https:\/\/martinemrichard.fr\/blog\/wp-content\/uploads\/2014\/10\/IMG_0264_v1.jpg 1146w\" sizes=\"auto, (max-width: 300px) 100vw, 300px\" \/><\/a><\/strong><\/span><\/p>\n<p>Brumes et brouillard<br \/>\npr\u00e9parant sa noce de feu<br \/>\nl\u2019automne se voile<\/p>\n<p>.<\/p>\n<p><span style=\"color: #0000ff;\"><strong>Livia<\/strong><\/span><\/p>\n<p>Un beau concert de notes et de couleurs.<br \/>\nL\u2019automne est bien l\u00e0, malgr\u00e9 les temp\u00e9ratures douces,<\/p>\n<p>certains arbres sont d\u00e9j\u00e0 dans leurs fracs noirs d\u2019hiver, alors que d\u2019autres, sont habill\u00e9s de pourpre et d\u2019or\u2026 Une symphonie sans fausse note, men\u00e9e de main de ma\u00eetre.<\/p>\n<p><span style=\"color: #0000ff;\"><strong><a href=\"http:\/\/eldorad-oc.midiblogs.com\/\">Ulysse<\/a><a href=\"https:\/\/martinemrichard.fr\/blog\/wp-content\/uploads\/2014\/10\/IMG_0852_v1.jpg\"><img loading=\"lazy\" decoding=\"async\" class=\"alignright size-medium wp-image-9028\" src=\"https:\/\/martinemrichard.fr\/blog\/wp-content\/uploads\/2014\/10\/IMG_0852_v1-300x224.jpg\" alt=\"IMG_0852_v1\" width=\"300\" height=\"224\" srcset=\"https:\/\/martinemrichard.fr\/blog\/wp-content\/uploads\/2014\/10\/IMG_0852_v1-300x224.jpg 300w, https:\/\/martinemrichard.fr\/blog\/wp-content\/uploads\/2014\/10\/IMG_0852_v1-1024x767.jpg 1024w, https:\/\/martinemrichard.fr\/blog\/wp-content\/uploads\/2014\/10\/IMG_0852_v1.jpg 1146w\" sizes=\"auto, (max-width: 300px) 100vw, 300px\" \/><\/a><\/strong><\/span><\/p>\n<p>&nbsp;<\/p>\n<ul>\n<li id=\"comment-27874\" class=\"comment even thread-even depth-1\"><img loading=\"lazy\" decoding=\"async\" class=\"avatar avatar-32 photo\" src=\"http:\/\/0.gravatar.com\/avatar\/44de2071bfaa727ab438e112b4c8dd1d?s=32&amp;d=blank&amp;r=G\" alt=\"\" width=\"32\" height=\"32\" \/>La for\u00eat<br \/>\nDans sa tenue tzigane<br \/>\nRavit mon \u00e2me<br \/>\nLe rouge-gorge<br \/>\nUn brin jaloux, s\u2019offense<br \/>\nD\u2019avoir autant de concurrence<\/li>\n<\/ul>\n<p>.<\/p>\n<p><span style=\"color: #0000ff;\"><strong>Claudie <\/strong><span style=\"color: #000000;\">( sans blog)<strong><br \/>\n<\/strong><\/span><\/span><\/p>\n<p>L\u2019automne en tzigane<br \/>\npar\u00e9 de couleurs passion-<a href=\"https:\/\/martinemrichard.fr\/blog\/wp-content\/uploads\/2014\/10\/IMG_0563_v1.jpg\"><img loading=\"lazy\" decoding=\"async\" class=\"alignright size-medium wp-image-9030\" src=\"https:\/\/martinemrichard.fr\/blog\/wp-content\/uploads\/2014\/10\/IMG_0563_v1-271x300.jpg\" alt=\"IMG_0563_v1\" width=\"271\" height=\"300\" srcset=\"https:\/\/martinemrichard.fr\/blog\/wp-content\/uploads\/2014\/10\/IMG_0563_v1-271x300.jpg 271w, https:\/\/martinemrichard.fr\/blog\/wp-content\/uploads\/2014\/10\/IMG_0563_v1-925x1024.jpg 925w, https:\/\/martinemrichard.fr\/blog\/wp-content\/uploads\/2014\/10\/IMG_0563_v1.jpg 1215w\" sizes=\"auto, (max-width: 271px) 100vw, 271px\" \/><\/a><br \/>\nsaison flamenco<\/p>\n<p>.<\/p>\n<p><a href=\"http:\/\/alcina.eklablog.com\/\"><span style=\"color: #0000ff;\"><strong>Fran\u00e7oise<\/strong><\/span><\/a><\/p>\n<p>Trompeuse avec ses couleurs chaudes<br \/>\nla nature accroche ses lampions<br \/>\npour berner l\u2019oiseau qui cherche encore<br \/>\nquelques pitances \u00e7\u00e0 et l\u00e0 sous le duvet blanc .<\/p>\n<p><a href=\"http:\/\/chemin-je-t-aime.apln-blog.fr\/\"><span style=\"color: #0000ff;\"><strong>Sabine la p\u00e8lerine<\/strong><\/span><\/a><\/p>\n<p>&nbsp;<\/p>\n<ul>\n<li id=\"comment-27986\" class=\"comment even thread-even depth-1\">Et j\u2019entends les violons fous de ce vent qui \u2026me pla\u00eet \u00e0 moi<\/li>\n<\/ul>\n<p>.<a href=\"https:\/\/martinemrichard.fr\/blog\/wp-content\/uploads\/2014\/10\/affiche-a4-expo.jpg\"><img loading=\"lazy\" decoding=\"async\" class=\"alignright size-medium wp-image-9040\" src=\"https:\/\/martinemrichard.fr\/blog\/wp-content\/uploads\/2014\/10\/affiche-a4-expo-214x300.jpg\" alt=\"affiche a4 expo\" width=\"214\" height=\"300\" srcset=\"https:\/\/martinemrichard.fr\/blog\/wp-content\/uploads\/2014\/10\/affiche-a4-expo-214x300.jpg 214w, https:\/\/martinemrichard.fr\/blog\/wp-content\/uploads\/2014\/10\/affiche-a4-expo-733x1024.jpg 733w\" sizes=\"auto, (max-width: 214px) 100vw, 214px\" \/><\/a><\/p>\n<p><a href=\"http:\/\/golondrina63auv.canalblog.com\/\"><span style=\"color: #0000ff;\"><strong>Rose<\/strong><\/span><\/a><\/p>\n<p>Le peintre dessine son \u00e2me<br \/>\nL\u2019\u00e9crivain trace sa vie<br \/>\nDe maux en mots<br \/>\nLa vie nous s\u00e9duit<\/p>\n<p>.<\/p>\n<p><a href=\"http:\/\/marinezou.blogspot.fr\/\"><span style=\"color: #0000ff;\"><strong>MarineLou<\/strong><\/span><\/a><\/p>\n<p>La lune est nue<br \/>\nelle baigne les vignes<br \/>\nde son halo glac\u00e9<br \/>\npour des vendanges tardives<br \/>\nen chaud-froid confit<\/p>\n<p>.<a href=\"https:\/\/martinemrichard.fr\/blog\/wp-content\/uploads\/2014\/11\/IMG_9861_v1.jpg\"><img loading=\"lazy\" decoding=\"async\" class=\"alignright size-medium wp-image-9110\" src=\"https:\/\/martinemrichard.fr\/blog\/wp-content\/uploads\/2014\/11\/IMG_9861_v1-300x292.jpg\" alt=\"IMG_9861_v1\" width=\"300\" height=\"292\" srcset=\"https:\/\/martinemrichard.fr\/blog\/wp-content\/uploads\/2014\/11\/IMG_9861_v1-300x292.jpg 300w, https:\/\/martinemrichard.fr\/blog\/wp-content\/uploads\/2014\/11\/IMG_9861_v1-1024x998.jpg 1024w, https:\/\/martinemrichard.fr\/blog\/wp-content\/uploads\/2014\/11\/IMG_9861_v1.jpg 1079w\" sizes=\"auto, (max-width: 300px) 100vw, 300px\" \/><\/a><\/p>\n<p><a href=\"http:\/\/marinezou.blogspot.fr\/\"><span style=\"color: #0000ff;\"><strong>MarineLou<\/strong><\/span><\/a><\/p>\n<p>Concentr\u00e9 de grenade<br \/>\ntoutes les lumi\u00e8res unies<br \/>\nun vingt novembre<\/p>\n<p>.<\/p>\n<p><a href=\"http:\/\/jardin-des-mots.eklablog.com\/\"><span style=\"color: #0000ff;\"><strong>ABC<\/strong><\/span><\/a><\/p>\n<p>&nbsp;<\/p>\n<ul>\n<li id=\"comment-28380\" class=\"comment even thread-even depth-1\"><img loading=\"lazy\" decoding=\"async\" class=\"avatar avatar-32 photo\" src=\"http:\/\/0.gravatar.com\/avatar\/a9a1a97a24bbdbfe1d25de821a1cf093?s=32&amp;d=blank&amp;r=G\" alt=\"\" width=\"32\" height=\"32\" \/>fondante en bouche<br \/>\njuteuse Louise bonne<br \/>\nje la croque<\/li>\n<\/ul>\n<p>.<\/p>\n<p><span style=\"color: #0000ff;\"><strong><a href=\"http:\/\/lacachetteajosette.blogspot.fr\/\">Josette<\/a><a href=\"https:\/\/martinemrichard.fr\/blog\/wp-content\/uploads\/2014\/11\/IMG_9487_v1.jpg\"><img loading=\"lazy\" decoding=\"async\" class=\"alignright size-medium wp-image-9109\" src=\"https:\/\/martinemrichard.fr\/blog\/wp-content\/uploads\/2014\/11\/IMG_9487_v1-300x225.jpg\" alt=\"IMG_9487_v1\" width=\"300\" height=\"225\" srcset=\"https:\/\/martinemrichard.fr\/blog\/wp-content\/uploads\/2014\/11\/IMG_9487_v1-300x225.jpg 300w, https:\/\/martinemrichard.fr\/blog\/wp-content\/uploads\/2014\/11\/IMG_9487_v1-1024x768.jpg 1024w, https:\/\/martinemrichard.fr\/blog\/wp-content\/uploads\/2014\/11\/IMG_9487_v1.jpg 1710w\" sizes=\"auto, (max-width: 300px) 100vw, 300px\" \/><\/a><\/strong><\/span><\/p>\n<p>&nbsp;<\/p>\n<ul>\n<li id=\"comment-28384\" class=\"comment odd alt thread-odd thread-alt depth-1\">Tourte aux pommes<br \/>\nquelques noix et des poires<br \/>\nr\u00e9gal d\u2019octobre<\/li>\n<\/ul>\n<p>.<\/p>\n<p><span style=\"color: #0000ff;\"><strong>Claudie (<\/strong><span style=\"color: #000000;\"> sans blog)<strong><br \/>\n<\/strong><\/span><\/span><\/p>\n<p>Douceurs de novembre-<br \/>\ndes cailles sur canap\u00e9s<br \/>\nmoelleux aux raisins<\/p>\n<p>.<\/p>\n<p><a href=\"https:\/\/martinemrichard.fr\/blog\/wp-content\/uploads\/2014\/11\/IMG_5771_v1.jpg\"><img loading=\"lazy\" decoding=\"async\" class=\"alignright size-medium wp-image-9121\" src=\"https:\/\/martinemrichard.fr\/blog\/wp-content\/uploads\/2014\/11\/IMG_5771_v1-225x300.jpg\" alt=\"IMG_5771_v1\" width=\"225\" height=\"300\" srcset=\"https:\/\/martinemrichard.fr\/blog\/wp-content\/uploads\/2014\/11\/IMG_5771_v1-225x300.jpg 225w, https:\/\/martinemrichard.fr\/blog\/wp-content\/uploads\/2014\/11\/IMG_5771_v1-768x1024.jpg 768w, https:\/\/martinemrichard.fr\/blog\/wp-content\/uploads\/2014\/11\/IMG_5771_v1.jpg 1052w\" sizes=\"auto, (max-width: 225px) 100vw, 225px\" \/><\/a><a href=\"http:\/\/auplaisirdemairym.over-blog.fr\/\"><span style=\"color: #0000ff;\"><strong>MaiRym<\/strong><\/span><\/a><\/p>\n<p>Joli ton message<\/p>\n<p>Tout en fleurs du fond du c\u0153ur<\/p>\n<p>Pour te souhaiter \u00e0 mon tour bonne journ\u00e9e<\/p>\n<p>.<\/p>\n<p><a href=\"http:\/\/marinezou.blogspot.fr\/\"><span style=\"color: #0000ff;\"><strong>MarineLou<\/strong><\/span><\/a><\/p>\n<p>Poudre solaire<br \/>\ntout l\u2019astre d\u2019or concentr\u00e9<br \/>\nen flammes-fleurs<\/p>\n<p>.<\/p>\n<p><span style=\"color: #0000ff;\"><strong>Claudie<\/strong><\/span> ( sans blog. Et c&rsquo;est fort dommage)<\/p>\n<p>A rebrousse-temps<a href=\"https:\/\/martinemrichard.fr\/blog\/wp-content\/uploads\/2014\/11\/IMG_6296_v1.jpg\"><img loading=\"lazy\" decoding=\"async\" class=\"alignright size-medium wp-image-9126\" src=\"https:\/\/martinemrichard.fr\/blog\/wp-content\/uploads\/2014\/11\/IMG_6296_v1-300x193.jpg\" alt=\"IMG_6296_v1\" width=\"300\" height=\"193\" srcset=\"https:\/\/martinemrichard.fr\/blog\/wp-content\/uploads\/2014\/11\/IMG_6296_v1-300x193.jpg 300w, https:\/\/martinemrichard.fr\/blog\/wp-content\/uploads\/2014\/11\/IMG_6296_v1-1024x659.jpg 1024w, https:\/\/martinemrichard.fr\/blog\/wp-content\/uploads\/2014\/11\/IMG_6296_v1.jpg 1384w\" sizes=\"auto, (max-width: 300px) 100vw, 300px\" \/><\/a><br \/>\nle jardin d\u2019\u00e9t\u00e9 revit<br \/>\nsous nos yeux conquis!<br \/>\n\u00e7a bombille, \u00e7a bourdonne<br \/>\n\u00e7a s\u2019aime, \u00e7a fredonne<br \/>\nsur un air de jasmin!<br \/>\nDans l\u2019ivresse du soleil<br \/>\nPh\u00e9bus au diable donne son \u00e2me<br \/>\nLes papillons s\u2019enflamment<br \/>\nSuccombant aux capucines<br \/>\nS\u2019offrant dans leur bulbe c\u00e2line!<br \/>\nEt dans cette bulle d\u2019or attractive<br \/>\nMartine, s\u00e9duite, s\u2019endort, captive\u2026<\/p>\n<p>.<\/p>\n<p><a href=\"http:\/\/eldorad-oc.midiblogs.com\/\"><span style=\"color: #0000ff;\"><strong>Ulysse<\/strong><\/span><\/a><\/p>\n<p>L\u2019horloge ralentit<br \/>\nEt je me languis<br \/>\nDe t\u2019 allonger sur la mousse<br \/>\nEn cette fin d\u2019\u00e9t\u00e9 en pente douce\u2026<\/p>\n<p>(Bon, c\u2019est juste de la po\u00e9sie \u2026sourire !)<\/p>\n<p>.<\/p>\n<p><a href=\"http:\/\/jardin-des-mots.eklablog.com\/\"><span style=\"color: #0000ff;\"><strong>ABC<\/strong><\/span><\/a><a href=\"https:\/\/martinemrichard.fr\/blog\/wp-content\/uploads\/2014\/11\/IMG_0662_v1.jpg\"><img loading=\"lazy\" decoding=\"async\" class=\"alignright size-medium wp-image-9167\" src=\"https:\/\/martinemrichard.fr\/blog\/wp-content\/uploads\/2014\/11\/IMG_0662_v1-225x300.jpg\" alt=\"IMG_0662_v1\" width=\"225\" height=\"300\" srcset=\"https:\/\/martinemrichard.fr\/blog\/wp-content\/uploads\/2014\/11\/IMG_0662_v1-225x300.jpg 225w, https:\/\/martinemrichard.fr\/blog\/wp-content\/uploads\/2014\/11\/IMG_0662_v1-768x1024.jpg 768w, https:\/\/martinemrichard.fr\/blog\/wp-content\/uploads\/2014\/11\/IMG_0662_v1.jpg 1052w\" sizes=\"auto, (max-width: 225px) 100vw, 225px\" \/><\/a><\/p>\n<p>M\u00e9tamorphose<br \/>\ndes rayons de vie<br \/>\nqui s\u2019enfuient<br \/>\nl\u2019horizon s\u2019\u00e9teint<br \/>\ndemain reviendra<br \/>\nailleurs et autrement<br \/>\nles flots effacent<br \/>\nle jour<br \/>\nla nuit s\u2019installe<\/p>\n<p>.<\/p>\n<p><a href=\"http:\/\/lacachetteajosette.blogspot.fr\/\"><span style=\"color: #0000ff;\"><strong>Josette<\/strong><\/span><\/a><\/p>\n<p>contempler le ciel<br \/>\nc\u2019est voir la fuite des nuages et nos cicatrices s\u2019effacent<\/p>\n<p>.<\/p>\n<p><a href=\"https:\/\/edmeedexhavee.wordpress.com\/\"><span style=\"color: #0000ff;\"><strong>Edm\u00e9e<\/strong><\/span><\/a><\/p>\n<p>Joli texte sans tain\u2026 mais aux teintes nostalgiques du pr\u00e9sent qui grimace, m\u00eame s\u2019il ralentit son pas\u2026<\/p>\n<p>.<\/p>\n<p><a href=\"http:\/\/lestaire.over-blog.fr\/\"><span style=\"color: #0000ff;\"><strong>Vita<\/strong><\/span><\/a><\/p>\n<p>Ce miroir magnifie parfois le pr\u00e9sent et qd tout s\u2019enfuit , il reste la beaut\u00e9 du souvenir!<\/p>\n<p>.<\/p>\n<p><a href=\"http:\/\/alcina.eklablog.com\/\"><span style=\"color: #0000ff;\"><strong>Fran\u00e7oise<\/strong><\/span><\/a><\/p>\n<p>C\u2019est , les yeux ouverts l\u00e0-bas<br \/>\nsur l\u2019infini<br \/>\nsur les friselis<br \/>\nen chantant chabadabada<br \/>\nsur la gr\u00e8ve<br \/>\nemportant mes r\u00eaves !<\/p>\n<p>Et enfin, il\u00a0 y a <a href=\"http:\/\/avecflorencecarcelle.skynetblogs.be\/\"><span style=\"color: #0000ff;\"><strong>Florence<\/strong><\/span><\/a> dont chaque commentaire est une histoire sur mon histoire<\/p>\n<p>&#8230;..<\/p>\n<p><em>Merci \u00e0 toutes et \u00e0 tous pour vos r\u00e9actions tendres, \u00e9mues, dr\u00f4les, po\u00e9tiques&#8230;.<\/em><\/p>\n<p><em>Aujourd&rsquo;hui vos mots ont la vedette!<\/em><\/p>\n<p><em>Quel d\u00e9lice!<\/em><\/p>\n<p>\ud83d\ude42<\/p>\n","protected":false},"excerpt":{"rendered":"<p>ROSE De l\u2019id\u00e9e De la couleur De la douceur Un peu d\u2019humour Et le tour est jou\u00e9 Enivrante fantaisie . MarineLou Dans la nuit brune le lapin de garenne respire les senteurs . Ulysse Ton lapin \u00e9meraude Maraude mais je l\u2019attends fusil \u00e0 l\u2019\u00e9paule Avec une casserole ! . Koukou42 Entre rubis et \u00e9meraude, la [&hellip;]<\/p>\n","protected":false},"author":1,"featured_media":0,"comment_status":"open","ping_status":"open","sticky":false,"template":"","format":"standard","meta":{"footnotes":""},"categories":[657],"tags":[],"class_list":["post-9160","post","type-post","status-publish","format-standard","hentry","category-haikus-en-cadeaux"],"_links":{"self":[{"href":"https:\/\/martinemrichard.fr\/blog\/index.php?rest_route=\/wp\/v2\/posts\/9160","targetHints":{"allow":["GET"]}}],"collection":[{"href":"https:\/\/martinemrichard.fr\/blog\/index.php?rest_route=\/wp\/v2\/posts"}],"about":[{"href":"https:\/\/martinemrichard.fr\/blog\/index.php?rest_route=\/wp\/v2\/types\/post"}],"author":[{"embeddable":true,"href":"https:\/\/martinemrichard.fr\/blog\/index.php?rest_route=\/wp\/v2\/users\/1"}],"replies":[{"embeddable":true,"href":"https:\/\/martinemrichard.fr\/blog\/index.php?rest_route=%2Fwp%2Fv2%2Fcomments&post=9160"}],"version-history":[{"count":12,"href":"https:\/\/martinemrichard.fr\/blog\/index.php?rest_route=\/wp\/v2\/posts\/9160\/revisions"}],"predecessor-version":[{"id":9195,"href":"https:\/\/martinemrichard.fr\/blog\/index.php?rest_route=\/wp\/v2\/posts\/9160\/revisions\/9195"}],"wp:attachment":[{"href":"https:\/\/martinemrichard.fr\/blog\/index.php?rest_route=%2Fwp%2Fv2%2Fmedia&parent=9160"}],"wp:term":[{"taxonomy":"category","embeddable":true,"href":"https:\/\/martinemrichard.fr\/blog\/index.php?rest_route=%2Fwp%2Fv2%2Fcategories&post=9160"},{"taxonomy":"post_tag","embeddable":true,"href":"https:\/\/martinemrichard.fr\/blog\/index.php?rest_route=%2Fwp%2Fv2%2Ftags&post=9160"}],"curies":[{"name":"wp","href":"https:\/\/api.w.org\/{rel}","templated":true}]}}