{"id":9189,"date":"2014-12-05T07:56:47","date_gmt":"2014-12-05T06:56:47","guid":{"rendered":"http:\/\/martinemrichard.fr\/blog\/?p=9189"},"modified":"2014-12-05T07:56:47","modified_gmt":"2014-12-05T06:56:47","slug":"lumiere-hivernale-2","status":"publish","type":"post","link":"https:\/\/martinemrichard.fr\/blog\/?p=9189","title":{"rendered":"Lumi\u00e8re hivernale"},"content":{"rendered":"<p>Lumi\u00e8re d&rsquo;hiver est le th\u00e8me de ce vendredi pour le Coucou du Ha\u00efku de Marie-Alice, via le blog de <a href=\"http:\/\/leblogdelenaig.over-blog.com\/\"><span style=\"color: #0000ff;\"><strong>Lena\u00ef<\/strong><\/span><\/a><a href=\"https:\/\/martinemrichard.fr\/blog\/wp-content\/uploads\/2014\/12\/les-alpes-.jpg\"><img loading=\"lazy\" decoding=\"async\" class=\"alignright size-medium wp-image-9190\" src=\"https:\/\/martinemrichard.fr\/blog\/wp-content\/uploads\/2014\/12\/les-alpes--300x224.jpg\" alt=\"les alpes\" width=\"300\" height=\"224\" srcset=\"https:\/\/martinemrichard.fr\/blog\/wp-content\/uploads\/2014\/12\/les-alpes--300x224.jpg 300w, https:\/\/martinemrichard.fr\/blog\/wp-content\/uploads\/2014\/12\/les-alpes-.jpg 987w\" sizes=\"auto, (max-width: 300px) 100vw, 300px\" \/><\/a>g<\/p>\n<p><span style=\"color: #800080;\"><strong>Cliquez sur la photo pour agrandir,svp, merci<\/strong><\/span><\/p>\n<p>.<\/p>\n<p>Lumi\u00e8re hivernale-<\/p>\n<p>Nos doigts bleuissent de froid<\/p>\n<p>Le soleil aussi<\/p>\n<p>.<\/p>\n<p>MMR ( tous droits r\u00e9serv\u00e9s)<\/p>\n","protected":false},"excerpt":{"rendered":"<p>Lumi\u00e8re d&rsquo;hiver est le th\u00e8me de ce vendredi pour le Coucou du Ha\u00efku de Marie-Alice, via le blog de Lena\u00efg Cliquez sur la photo pour agrandir,svp, merci . Lumi\u00e8re hivernale- Nos doigts bleuissent de froid Le soleil aussi . MMR ( tous droits r\u00e9serv\u00e9s)<\/p>\n","protected":false},"author":1,"featured_media":0,"comment_status":"open","ping_status":"open","sticky":false,"template":"","format":"standard","meta":{"footnotes":""},"categories":[35],"tags":[61,397,37,314,122],"class_list":["post-9189","post","type-post","status-publish","format-standard","hentry","category-haikus-haibuns","tag-bleu","tag-froid","tag-haikus","tag-hiver","tag-soleil"],"_links":{"self":[{"href":"https:\/\/martinemrichard.fr\/blog\/index.php?rest_route=\/wp\/v2\/posts\/9189","targetHints":{"allow":["GET"]}}],"collection":[{"href":"https:\/\/martinemrichard.fr\/blog\/index.php?rest_route=\/wp\/v2\/posts"}],"about":[{"href":"https:\/\/martinemrichard.fr\/blog\/index.php?rest_route=\/wp\/v2\/types\/post"}],"author":[{"embeddable":true,"href":"https:\/\/martinemrichard.fr\/blog\/index.php?rest_route=\/wp\/v2\/users\/1"}],"replies":[{"embeddable":true,"href":"https:\/\/martinemrichard.fr\/blog\/index.php?rest_route=%2Fwp%2Fv2%2Fcomments&post=9189"}],"version-history":[{"count":4,"href":"https:\/\/martinemrichard.fr\/blog\/index.php?rest_route=\/wp\/v2\/posts\/9189\/revisions"}],"predecessor-version":[{"id":9194,"href":"https:\/\/martinemrichard.fr\/blog\/index.php?rest_route=\/wp\/v2\/posts\/9189\/revisions\/9194"}],"wp:attachment":[{"href":"https:\/\/martinemrichard.fr\/blog\/index.php?rest_route=%2Fwp%2Fv2%2Fmedia&parent=9189"}],"wp:term":[{"taxonomy":"category","embeddable":true,"href":"https:\/\/martinemrichard.fr\/blog\/index.php?rest_route=%2Fwp%2Fv2%2Fcategories&post=9189"},{"taxonomy":"post_tag","embeddable":true,"href":"https:\/\/martinemrichard.fr\/blog\/index.php?rest_route=%2Fwp%2Fv2%2Ftags&post=9189"}],"curies":[{"name":"wp","href":"https:\/\/api.w.org\/{rel}","templated":true}]}}