{"id":921,"date":"2010-11-20T21:39:14","date_gmt":"2010-11-20T19:39:14","guid":{"rendered":"http:\/\/martinemrichard.fr\/blog\/?p=921"},"modified":"2011-05-17T07:42:51","modified_gmt":"2011-05-17T05:42:51","slug":"desert","status":"publish","type":"post","link":"https:\/\/martinemrichard.fr\/blog\/?p=921","title":{"rendered":"D\u00e9sert"},"content":{"rendered":"<p style=\"text-align: justify;\">Vent <a href=\"https:\/\/martinemrichard.fr\/blog\/wp-content\/uploads\/2010\/11\/grand-perroquet1.jpg\"><img loading=\"lazy\" decoding=\"async\" class=\"alignright size-medium wp-image-923\" title=\"grand perroquet\" src=\"https:\/\/martinemrichard.fr\/blog\/wp-content\/uploads\/2010\/11\/grand-perroquet1-300x223.jpg\" alt=\"\" width=\"300\" height=\"223\" srcset=\"https:\/\/martinemrichard.fr\/blog\/wp-content\/uploads\/2010\/11\/grand-perroquet1-300x223.jpg 300w, https:\/\/martinemrichard.fr\/blog\/wp-content\/uploads\/2010\/11\/grand-perroquet1-1024x763.jpg 1024w, https:\/\/martinemrichard.fr\/blog\/wp-content\/uploads\/2010\/11\/grand-perroquet1.jpg 1589w\" sizes=\"auto, (max-width: 300px) 100vw, 300px\" \/><\/a> des solitudes,<\/p>\n<p style=\"text-align: justify;\">Celui des d\u00e9serts,<\/p>\n<p style=\"text-align: justify;\">Vent avide d&rsquo;eau,<\/p>\n<p style=\"text-align: justify;\">De ma soif d&rsquo;absolu&#8230;.<\/p>\n<p style=\"text-align: justify;\">Appel puissant d&rsquo;ailleurs aux \u00e9pices cannelle , au sucr\u00e9 d&rsquo;une datte \u00e0\u00a0 l&rsquo;ombre oasis&#8230;<\/p>\n<p style=\"text-align: justify;\">Aveugl\u00e9e, \u00e9blouie, je me laisse emporter par ces vagues de sable au parfum de simoun.<\/p>\n<p style=\"text-align: justify;\">\u00c9carlates mes l\u00e8vres , pain trop cuit de ma peau, br\u00fblure de Ra \u00e0 l&rsquo;aplomb de ma nuque&#8230;<\/p>\n<p style=\"text-align: justify;\">J&rsquo;erre&#8230;<\/p>\n<p style=\"text-align: justify;\">L\u00e0 o\u00f9 les mots s&rsquo;effacent, grain \u00e0 grain, au sommet de dunes o\u00f9 le temps s&rsquo;envole inhumain et moir\u00e9&#8230;<\/p>\n<p style=\"text-align: justify;\">Je suis , invisible, un tourbillon diffus, caprice de djinns&#8230;<\/p>\n<p style=\"text-align: justify;\">Affam\u00e9e d&rsquo;infini, j&rsquo;\u00e9coute&#8230;. l&rsquo; Histoire&#8230;.<\/p>\n<p style=\"text-align: justify;\">MMR ( tous droits r\u00e9serv\u00e9s)<\/p>\n","protected":false},"excerpt":{"rendered":"<p>Vent des solitudes, Celui des d\u00e9serts, Vent avide d&rsquo;eau, De ma soif d&rsquo;absolu&#8230;. Appel puissant d&rsquo;ailleurs aux \u00e9pices cannelle , au sucr\u00e9 d&rsquo;une datte \u00e0\u00a0 l&rsquo;ombre oasis&#8230; Aveugl\u00e9e, \u00e9blouie, je me laisse emporter par ces vagues de sable au parfum de simoun. \u00c9carlates mes l\u00e8vres , pain trop cuit de ma peau, br\u00fblure de Ra [&hellip;]<\/p>\n","protected":false},"author":1,"featured_media":0,"comment_status":"open","ping_status":"open","sticky":false,"template":"","format":"standard","meta":{"footnotes":""},"categories":[69,35],"tags":[],"class_list":["post-921","post","type-post","status-publish","format-standard","hentry","category-mes-oeuvres","category-haikus-haibuns"],"_links":{"self":[{"href":"https:\/\/martinemrichard.fr\/blog\/index.php?rest_route=\/wp\/v2\/posts\/921","targetHints":{"allow":["GET"]}}],"collection":[{"href":"https:\/\/martinemrichard.fr\/blog\/index.php?rest_route=\/wp\/v2\/posts"}],"about":[{"href":"https:\/\/martinemrichard.fr\/blog\/index.php?rest_route=\/wp\/v2\/types\/post"}],"author":[{"embeddable":true,"href":"https:\/\/martinemrichard.fr\/blog\/index.php?rest_route=\/wp\/v2\/users\/1"}],"replies":[{"embeddable":true,"href":"https:\/\/martinemrichard.fr\/blog\/index.php?rest_route=%2Fwp%2Fv2%2Fcomments&post=921"}],"version-history":[{"count":2,"href":"https:\/\/martinemrichard.fr\/blog\/index.php?rest_route=\/wp\/v2\/posts\/921\/revisions"}],"predecessor-version":[{"id":1615,"href":"https:\/\/martinemrichard.fr\/blog\/index.php?rest_route=\/wp\/v2\/posts\/921\/revisions\/1615"}],"wp:attachment":[{"href":"https:\/\/martinemrichard.fr\/blog\/index.php?rest_route=%2Fwp%2Fv2%2Fmedia&parent=921"}],"wp:term":[{"taxonomy":"category","embeddable":true,"href":"https:\/\/martinemrichard.fr\/blog\/index.php?rest_route=%2Fwp%2Fv2%2Fcategories&post=921"},{"taxonomy":"post_tag","embeddable":true,"href":"https:\/\/martinemrichard.fr\/blog\/index.php?rest_route=%2Fwp%2Fv2%2Ftags&post=921"}],"curies":[{"name":"wp","href":"https:\/\/api.w.org\/{rel}","templated":true}]}}