{"id":9481,"date":"2015-04-05T04:56:19","date_gmt":"2015-04-05T03:56:19","guid":{"rendered":"http:\/\/martinemrichard.fr\/blog\/?p=9481"},"modified":"2015-04-05T04:56:19","modified_gmt":"2015-04-05T03:56:19","slug":"sur-la-plage-aux-souvenirs","status":"publish","type":"post","link":"https:\/\/martinemrichard.fr\/blog\/?p=9481","title":{"rendered":"Sur la plage aux souvenirs&#8230;"},"content":{"rendered":"<p>Pour les Passeurs de mots\u00a0 d<a href=\"http:\/\/plumoboudesdoigts.apln-blog.fr\/\">&lsquo;Evajoe<\/a>, le th\u00e8me propos\u00e9 est <a href=\"https:\/\/martinemrichard.fr\/blog\/wp-content\/uploads\/2015\/02\/IMG_0868_v1.jpg\"><img loading=\"lazy\" decoding=\"async\" class=\"alignright size-medium wp-image-9550\" src=\"https:\/\/martinemrichard.fr\/blog\/wp-content\/uploads\/2015\/02\/IMG_0868_v1-300x225.jpg\" alt=\"IMG_0868_v1\" width=\"300\" height=\"225\" srcset=\"https:\/\/martinemrichard.fr\/blog\/wp-content\/uploads\/2015\/02\/IMG_0868_v1-300x225.jpg 300w, https:\/\/martinemrichard.fr\/blog\/wp-content\/uploads\/2015\/02\/IMG_0868_v1-1024x768.jpg 1024w, https:\/\/martinemrichard.fr\/blog\/wp-content\/uploads\/2015\/02\/IMG_0868_v1.jpg 1402w\" sizes=\"auto, (max-width: 300px) 100vw, 300px\" \/><\/a>d&rsquo;\u00e9crire sur ma photo.<\/p>\n<p><strong><span style=\"color: #800080;\">Cliquez sur celle-ci pour grandir svp, merci.<\/span><\/strong><\/p>\n<p>.<\/p>\n<p>Sur la nappe d&rsquo;or p\u00e2le ondule une broderie saphir.<\/p>\n<p>Entre coquillages et poissons<\/p>\n<p>Pass\u00e9 plat et point de tige<\/p>\n<p>Deux assiettes bleu nuit supportent la blancheur laiteuse de leur bol \u00e0 potage<\/p>\n<p>Couverts argent vieilli<\/p>\n<p>Cristal des verres oc\u00e9an o\u00f9 s\u2019\u00e9panouissent l&rsquo;\u00e9ventail des serviettes.<\/p>\n<p>Ce soir<\/p>\n<p>A la chaleur romantique des chandelles<\/p>\n<p>Nos yeux se cherchent<\/p>\n<p>Se sourient<\/p>\n<p>Se souviennent\u00a0 \u00e0 demi clos , en d\u00e9gustant une bisque de langoustines&#8230;<\/p>\n<p>Aurore rose parme parfum\u00e9e au varech<\/p>\n<p>P\u00e9tarade d&rsquo;une pinasse asthmatique louvoyant entre les bou\u00e9es<\/p>\n<p>Douce chanson des vaguelettes bris\u00e9e par le ressac soudain<\/p>\n<p>Envol\u00a0 \u00e9l\u00e9gant et gracieux de quelques aigrettes garzettes<\/p>\n<p>Rire moqueur de trois mouettes rest\u00e9es ma\u00eetresses\u00a0 du terrain<\/p>\n<p>Ce p\u00eacheur d&rsquo;esques* courb\u00e9 sur\u00a0 son butin gigotant<\/p>\n<p>Nos pas griffant le sable humide\u00a0 de signes cabalistiques.<\/p>\n<p>Sur nos l\u00e8vres cette saveur marine trouble nos sens<\/p>\n<p>Nous ravit au pr\u00e9sent<\/p>\n<p>Nous emporte<\/p>\n<p>L\u00e0-bas<\/p>\n<p>Sur la plage aux souvenirs&#8230;<\/p>\n<p>.<\/p>\n<p>MMR ( tous droits r\u00e9serv\u00e9s)<\/p>\n<p>* esques: vers de sable servant d\u2019app\u00e2t.<\/p>\n<p>&nbsp;<\/p>\n<p>&nbsp;<\/p>\n<p>&nbsp;<\/p>\n<p>.<\/p>\n","protected":false},"excerpt":{"rendered":"<p>Pour les Passeurs de mots\u00a0 d&lsquo;Evajoe, le th\u00e8me propos\u00e9 est d&rsquo;\u00e9crire sur ma photo. Cliquez sur celle-ci pour grandir svp, merci. . Sur la nappe d&rsquo;or p\u00e2le ondule une broderie saphir. Entre coquillages et poissons Pass\u00e9 plat et point de tige Deux assiettes bleu nuit supportent la blancheur laiteuse de leur bol \u00e0 potage Couverts [&hellip;]<\/p>\n","protected":false},"author":1,"featured_media":0,"comment_status":"open","ping_status":"open","sticky":false,"template":"","format":"standard","meta":{"footnotes":""},"categories":[782],"tags":[175,364,135,265,102,497,52,909],"class_list":["post-9481","post","type-post","status-publish","format-standard","hentry","category-les-passeurs-de-mots","tag-aigrette-garzette","tag-aurore","tag-bassin-darcachon","tag-mouette","tag-ocean","tag-pinasse","tag-rose","tag-veloute-de-langoustines"],"_links":{"self":[{"href":"https:\/\/martinemrichard.fr\/blog\/index.php?rest_route=\/wp\/v2\/posts\/9481","targetHints":{"allow":["GET"]}}],"collection":[{"href":"https:\/\/martinemrichard.fr\/blog\/index.php?rest_route=\/wp\/v2\/posts"}],"about":[{"href":"https:\/\/martinemrichard.fr\/blog\/index.php?rest_route=\/wp\/v2\/types\/post"}],"author":[{"embeddable":true,"href":"https:\/\/martinemrichard.fr\/blog\/index.php?rest_route=\/wp\/v2\/users\/1"}],"replies":[{"embeddable":true,"href":"https:\/\/martinemrichard.fr\/blog\/index.php?rest_route=%2Fwp%2Fv2%2Fcomments&post=9481"}],"version-history":[{"count":10,"href":"https:\/\/martinemrichard.fr\/blog\/index.php?rest_route=\/wp\/v2\/posts\/9481\/revisions"}],"predecessor-version":[{"id":9638,"href":"https:\/\/martinemrichard.fr\/blog\/index.php?rest_route=\/wp\/v2\/posts\/9481\/revisions\/9638"}],"wp:attachment":[{"href":"https:\/\/martinemrichard.fr\/blog\/index.php?rest_route=%2Fwp%2Fv2%2Fmedia&parent=9481"}],"wp:term":[{"taxonomy":"category","embeddable":true,"href":"https:\/\/martinemrichard.fr\/blog\/index.php?rest_route=%2Fwp%2Fv2%2Fcategories&post=9481"},{"taxonomy":"post_tag","embeddable":true,"href":"https:\/\/martinemrichard.fr\/blog\/index.php?rest_route=%2Fwp%2Fv2%2Ftags&post=9481"}],"curies":[{"name":"wp","href":"https:\/\/api.w.org\/{rel}","templated":true}]}}