{"id":9494,"date":"2015-02-22T08:56:30","date_gmt":"2015-02-22T07:56:30","guid":{"rendered":"http:\/\/martinemrichard.fr\/blog\/?p=9494"},"modified":"2015-02-22T08:56:30","modified_gmt":"2015-02-22T07:56:30","slug":"saint-bertrand-de-comminges","status":"publish","type":"post","link":"https:\/\/martinemrichard.fr\/blog\/?p=9494","title":{"rendered":"Saint Bertrand de Comminges"},"content":{"rendered":"<p>Pour r\u00e9pondre\u00a0 \u00e0 la proposition de <a href=\"http:\/\/chemin-je-t-aime.apln-blog.fr\/2015\/02\/09\/theme-taime\/\"><span style=\"color: #0000ff;\"><strong>Sabine<\/strong><\/span><\/a>\u00a0 ,de la communaut\u00e9 \u00ab\u00a0Les Passeurs de mots\u00a0\u00bb, d&rsquo;\u00e9crire sur ce th\u00e8me: voyage.<\/p>\n<p><a href=\"https:\/\/martinemrichard.fr\/blog\/wp-content\/uploads\/2015\/02\/imag0073_v1.jpg\"><img loading=\"lazy\" decoding=\"async\" class=\"alignright size-medium wp-image-9496\" src=\"https:\/\/martinemrichard.fr\/blog\/wp-content\/uploads\/2015\/02\/imag0073_v1-300x125.jpg\" alt=\"imag0073_v1\" width=\"300\" height=\"125\" srcset=\"https:\/\/martinemrichard.fr\/blog\/wp-content\/uploads\/2015\/02\/imag0073_v1-300x125.jpg 300w, https:\/\/martinemrichard.fr\/blog\/wp-content\/uploads\/2015\/02\/imag0073_v1.jpg 800w\" sizes=\"auto, (max-width: 300px) 100vw, 300px\" \/><\/a>Je vous invite \u00e0 grimper dans mon carrosse: direction la Haute Garonne! \ud83d\ude42<\/p>\n<p><span style=\"color: #800080;\"><strong>Cliquez sur les photos pour agrandir svp, merci<\/strong><\/span><\/p>\n<p>En r\u00e9gion Midi-Pyr\u00e9n\u00e9es, \u00e0 110km au sud de Toulouse, nich\u00e9e entre les premiers contreforts des Pyr\u00e9n\u00e9es, se dresse Saint Bertrand de Comminges. Sur son \u00e9peron rocheux, 515m d&rsquo;altitude, elle domine la ville basse ainsi que les ruines de la cit\u00e9 antique de Lugdunum- Convenae, le th\u00e9\u00e2tre, ainsi que des vestiges gallo-romains.<\/p>\n<p><a href=\"https:\/\/martinemrichard.fr\/blog\/wp-content\/uploads\/2015\/02\/imag0076_v1.jpg\"><img loading=\"lazy\" decoding=\"async\" class=\"alignleft size-thumbnail wp-image-9497\" src=\"https:\/\/martinemrichard.fr\/blog\/wp-content\/uploads\/2015\/02\/imag0076_v1-150x150.jpg\" alt=\"imag0076_v1\" width=\"150\" height=\"150\" \/><\/a><a href=\"https:\/\/martinemrichard.fr\/blog\/wp-content\/uploads\/2015\/02\/imag0078_v1.jpg\"><img loading=\"lazy\" decoding=\"async\" class=\"alignright size-thumbnail wp-image-9498\" src=\"https:\/\/martinemrichard.fr\/blog\/wp-content\/uploads\/2015\/02\/imag0078_v1-150x150.jpg\" alt=\"imag0078_v1\" width=\"150\" height=\"150\" \/><\/a><a href=\"https:\/\/martinemrichard.fr\/blog\/wp-content\/uploads\/2015\/02\/imag0077_v1.jpg\"><img loading=\"lazy\" decoding=\"async\" class=\"aligncenter size-thumbnail wp-image-9499\" src=\"https:\/\/martinemrichard.fr\/blog\/wp-content\/uploads\/2015\/02\/imag0077_v1-150x150.jpg\" alt=\"imag0077_v1\" width=\"150\" height=\"150\" \/><\/a>Le th\u00e9\u00e2tre:<\/p>\n<p>\u00c9difi\u00e9 \u00e0 flanc de colline, il pouvait accueillir 5000 spectateurs qui acc\u00e9daient aux gradins par des galeries annulaires depuis le bas de l&rsquo;\u00e9difice. Un mur de sc\u00e8ne, tr\u00e8s haut barrait la vue qu&rsquo;ils avaient depuis leur place vers la\u00a0 Garonne, selon le sch\u00e9ma classique des th\u00e9\u00e2tres romains. Un velum ( grande toile) \u00e9tait tendu au -dessus des gradins \u00e0 partir de grands m\u00e2ts entourant le th\u00e9\u00e2tre. Les pierres d&rsquo;encrage de ces m\u00e2ts, faites d&rsquo;un seul bloc de marbre perc\u00e9 d&rsquo;un trou, furent retrouv\u00e9es au cours des fouilles. Le th\u00e9\u00e2tre f\u00fbt pill\u00e9 au Moyen-Age et certains de ses d\u00e9cors de marbre r\u00e9utilis\u00e9s dans la construction de la basilique Saint-Just. L&rsquo;\u00e9difice \u00e9tait le lieu de spectacles int\u00e9gr\u00e9s \u00e0 des f\u00eates religieuses.<\/p>\n<p><a href=\"https:\/\/martinemrichard.fr\/blog\/wp-content\/uploads\/2015\/02\/imag0081_v1.jpg\"><img loading=\"lazy\" decoding=\"async\" class=\"alignleft size-thumbnail wp-image-9502\" src=\"https:\/\/martinemrichard.fr\/blog\/wp-content\/uploads\/2015\/02\/imag0081_v1-150x150.jpg\" alt=\"imag0081_v1\" width=\"150\" height=\"150\" \/><\/a><a href=\"https:\/\/martinemrichard.fr\/blog\/wp-content\/uploads\/2015\/02\/imag0084_v1.jpg\"><img loading=\"lazy\" decoding=\"async\" class=\"alignright size-thumbnail wp-image-9503\" src=\"https:\/\/martinemrichard.fr\/blog\/wp-content\/uploads\/2015\/02\/imag0084_v1-150x150.jpg\" alt=\"imag0084_v1\" width=\"150\" height=\"150\" \/><\/a><a href=\"https:\/\/martinemrichard.fr\/blog\/wp-content\/uploads\/2015\/02\/imag0086_v1.jpg\"><img loading=\"lazy\" decoding=\"async\" class=\"aligncenter size-thumbnail wp-image-9504\" src=\"https:\/\/martinemrichard.fr\/blog\/wp-content\/uploads\/2015\/02\/imag0086_v1-150x150.jpg\" alt=\"imag0086_v1\" width=\"150\" height=\"150\" \/><\/a>Apr\u00e8s la grimpette d&rsquo;une route un peu raide, nous voici dans la place. C&rsquo;est magnifique, calme, silencieux. Un chat post\u00e9 sur un mur nous observe puis file sans un miaou. Mais o\u00f9 sont donc les gens?<\/p>\n<p><a href=\"https:\/\/martinemrichard.fr\/blog\/wp-content\/uploads\/2015\/02\/imag0090_v1.jpg\"><img loading=\"lazy\" decoding=\"async\" class=\"alignleft size-thumbnail wp-image-9505\" src=\"https:\/\/martinemrichard.fr\/blog\/wp-content\/uploads\/2015\/02\/imag0090_v1-150x150.jpg\" alt=\"imag0090_v1\" width=\"150\" height=\"150\" \/><\/a><a href=\"https:\/\/martinemrichard.fr\/blog\/wp-content\/uploads\/2015\/02\/imag0093_v1.jpg\"><img loading=\"lazy\" decoding=\"async\" class=\"alignright size-thumbnail wp-image-9506\" src=\"https:\/\/martinemrichard.fr\/blog\/wp-content\/uploads\/2015\/02\/imag0093_v1-150x150.jpg\" alt=\"imag0093_v1\" width=\"150\" height=\"150\" \/><\/a><a href=\"https:\/\/martinemrichard.fr\/blog\/wp-content\/uploads\/2015\/02\/imag0089_v1.jpg\"><img loading=\"lazy\" decoding=\"async\" class=\"aligncenter size-thumbnail wp-image-9507\" src=\"https:\/\/martinemrichard.fr\/blog\/wp-content\/uploads\/2015\/02\/imag0089_v1-150x150.jpg\" alt=\"imag0089_v1\" width=\"150\" height=\"150\" \/><\/a>Le soleil \u00e9claire les pierres blondes, engendre des ombres \u00e0 la profondeur troublante. Curieuse sensation de remonter le temps. Celui des XV et XVIe si\u00e8cles. Entre les maisons \u00e0 colombages il me semble entendre r\u00e9sonner les cris des marchands ambulants; les sabots\u00a0 des montures de chevaliers martelant les pav\u00e9s; le rire discret de deux belles dames se rendant \u00e0 la messe.<\/p>\n<p><a href=\"https:\/\/martinemrichard.fr\/blog\/wp-content\/uploads\/2015\/02\/imag0083_v1.jpg\"><img loading=\"lazy\" decoding=\"async\" class=\"alignleft size-thumbnail wp-image-9515\" src=\"https:\/\/martinemrichard.fr\/blog\/wp-content\/uploads\/2015\/02\/imag0083_v1-150x150.jpg\" alt=\"imag0083_v1\" width=\"150\" height=\"150\" \/><\/a><a href=\"https:\/\/martinemrichard.fr\/blog\/wp-content\/uploads\/2015\/02\/imag0101_v1.jpg\"><img loading=\"lazy\" decoding=\"async\" class=\"alignright size-thumbnail wp-image-9509\" src=\"https:\/\/martinemrichard.fr\/blog\/wp-content\/uploads\/2015\/02\/imag0101_v1-150x150.jpg\" alt=\"imag0101_v1\" width=\"150\" height=\"150\" \/><\/a><a href=\"https:\/\/martinemrichard.fr\/blog\/wp-content\/uploads\/2015\/02\/imag0095_v1.jpg\"><img loading=\"lazy\" decoding=\"async\" class=\"aligncenter size-thumbnail wp-image-9508\" src=\"https:\/\/martinemrichard.fr\/blog\/wp-content\/uploads\/2015\/02\/imag0095_v1-150x150.jpg\" alt=\"imag0095_v1\" width=\"150\" height=\"150\" \/><\/a>M\u00eame les fen\u00eatres restent muettes. \u00c9trange! Vous avez dit \u00e9trange? Comme c&rsquo;est \u00e9trange! Puis, nous d\u00e9bouchons sur la grand place, et l\u00e0, sur le parvis et autour de la cath\u00e9drale, enfin, de la vie. Le Moyen Age nous saute au visage. Des artisans tissent, cardent, sculptent&#8230; Mais au fait, j&rsquo;ai omis de vous dire que c\u2019est aujourd&rsquo;hui la premi\u00e8re fois que St Bertrand de Comminges organise une f\u00eate m\u00e9di\u00e9vale. Nous sommes sur le chemin de St Jacques de Compostelle.<\/p>\n<p><a href=\"https:\/\/martinemrichard.fr\/blog\/wp-content\/uploads\/2015\/02\/imag0110_v1.jpg\"><img loading=\"lazy\" decoding=\"async\" class=\"alignleft size-thumbnail wp-image-9511\" src=\"https:\/\/martinemrichard.fr\/blog\/wp-content\/uploads\/2015\/02\/imag0110_v1-150x150.jpg\" alt=\"imag0110_v1\" width=\"150\" height=\"150\" \/><\/a><a href=\"https:\/\/martinemrichard.fr\/blog\/wp-content\/uploads\/2015\/02\/imag0122_v1.jpg\"><img loading=\"lazy\" decoding=\"async\" class=\"alignright size-thumbnail wp-image-9513\" src=\"https:\/\/martinemrichard.fr\/blog\/wp-content\/uploads\/2015\/02\/imag0122_v1-150x150.jpg\" alt=\"imag0122_v1\" width=\"150\" height=\"150\" \/><\/a><a href=\"https:\/\/martinemrichard.fr\/blog\/wp-content\/uploads\/2015\/02\/imag0119_v1.jpg\"><img loading=\"lazy\" decoding=\"async\" class=\"aligncenter size-thumbnail wp-image-9514\" src=\"https:\/\/martinemrichard.fr\/blog\/wp-content\/uploads\/2015\/02\/imag0119_v1-150x150.jpg\" alt=\"imag0119_v1\" width=\"150\" height=\"150\" \/><\/a>Moines, chapelains, et jolies cavali\u00e8res surgissent tour \u00e0 tour d&rsquo;une porte basse, d&rsquo;une rue&#8230;<\/p>\n<p><a href=\"https:\/\/martinemrichard.fr\/blog\/wp-content\/uploads\/2015\/02\/imag0114_v1.jpg\"><img loading=\"lazy\" decoding=\"async\" class=\"alignleft size-thumbnail wp-image-9512\" src=\"https:\/\/martinemrichard.fr\/blog\/wp-content\/uploads\/2015\/02\/imag0114_v1-150x150.jpg\" alt=\"imag0114_v1\" width=\"150\" height=\"150\" \/><\/a><a href=\"https:\/\/martinemrichard.fr\/blog\/wp-content\/uploads\/2015\/02\/imag0106_v1.jpg\"><img loading=\"lazy\" decoding=\"async\" class=\"alignright size-thumbnail wp-image-9510\" src=\"https:\/\/martinemrichard.fr\/blog\/wp-content\/uploads\/2015\/02\/imag0106_v1-150x150.jpg\" alt=\"imag0106_v1\" width=\"150\" height=\"150\" \/><\/a>\u00a0<a href=\"https:\/\/martinemrichard.fr\/blog\/wp-content\/uploads\/2015\/02\/imag0102_v1.jpg\"><img loading=\"lazy\" decoding=\"async\" class=\"aligncenter size-thumbnail wp-image-9518\" src=\"https:\/\/martinemrichard.fr\/blog\/wp-content\/uploads\/2015\/02\/imag0102_v1-150x150.jpg\" alt=\"imag0102_v1\" width=\"150\" height=\"150\" \/><\/a><\/p>\n<p>Nous avons \u00e9galement un but. Celui de retrouver ma s\u0153ur c\u00e9ramiste.\u00a0 Tout comme la majorit\u00e9 des habitants, les artisans d&rsquo;art doivent jouer le jeu et travailler costum\u00e9s. H\u00e9l\u00e8ne a choisi de rev\u00eatir celui d&rsquo;un serf.\u00a0 C\u2019est plus pratique pour travailler la terre. Vous pouvez l&rsquo;apercevoir ci-dessus \u00e0 droite dans le clich\u00e9 de groupe.<\/p>\n<p><a href=\"https:\/\/martinemrichard.fr\/blog\/wp-content\/uploads\/2015\/02\/imag0128_v1.jpg\"><img loading=\"lazy\" decoding=\"async\" class=\"alignleft size-thumbnail wp-image-9521\" src=\"https:\/\/martinemrichard.fr\/blog\/wp-content\/uploads\/2015\/02\/imag0128_v1-150x150.jpg\" alt=\"imag0128_v1\" width=\"150\" height=\"150\" \/><\/a><a href=\"https:\/\/martinemrichard.fr\/blog\/wp-content\/uploads\/2015\/02\/imag0161_v1.jpg\"><img loading=\"lazy\" decoding=\"async\" class=\"alignright size-thumbnail wp-image-9522\" src=\"https:\/\/martinemrichard.fr\/blog\/wp-content\/uploads\/2015\/02\/imag0161_v1-150x150.jpg\" alt=\"imag0161_v1\" width=\"150\" height=\"150\" \/><\/a><a href=\"https:\/\/martinemrichard.fr\/blog\/wp-content\/uploads\/2015\/02\/imag0132_v1.jpg\"><img loading=\"lazy\" decoding=\"async\" class=\"aligncenter size-thumbnail wp-image-9523\" src=\"https:\/\/martinemrichard.fr\/blog\/wp-content\/uploads\/2015\/02\/imag0132_v1-150x150.jpg\" alt=\"imag0132_v1\" width=\"150\" height=\"150\" \/><\/a><\/p>\n<p>Il y a un monde fou! Il m&rsquo;est tr\u00e8s difficile de photographier. Soit je suis bouscul\u00e9e, soit quelqu&rsquo;un s&rsquo;arr\u00eate pile devant moi au moment o\u00f9 je prends mon clich\u00e9.\u00a0 Mais la bonne humeur ambiante compense largement ce l\u00e9ger tracas. La musique d&rsquo;une fl\u00fbte a toutes les peines du monde \u00e0 enchanter nos oreilles. Combat m\u00e9di\u00e9val, spectacles de rues \u00e9tonnent et tiennent en haleine les nombreux visiteurs.<\/p>\n<p><a href=\"https:\/\/martinemrichard.fr\/blog\/wp-content\/uploads\/2015\/02\/imag0164_v1.jpg\"><img loading=\"lazy\" decoding=\"async\" class=\"alignleft size-thumbnail wp-image-9524\" src=\"https:\/\/martinemrichard.fr\/blog\/wp-content\/uploads\/2015\/02\/imag0164_v1-150x150.jpg\" alt=\"imag0164_v1\" width=\"150\" height=\"150\" \/><\/a><a href=\"https:\/\/martinemrichard.fr\/blog\/wp-content\/uploads\/2015\/02\/imag0193_v1.jpg\"><img loading=\"lazy\" decoding=\"async\" class=\"alignright size-thumbnail wp-image-9527\" src=\"https:\/\/martinemrichard.fr\/blog\/wp-content\/uploads\/2015\/02\/imag0193_v1-150x150.jpg\" alt=\"imag0193_v1\" width=\"150\" height=\"150\" \/><\/a><a href=\"https:\/\/martinemrichard.fr\/blog\/wp-content\/uploads\/2015\/02\/imag0162_v1.jpg\"><img loading=\"lazy\" decoding=\"async\" class=\"aligncenter size-thumbnail wp-image-9529\" src=\"https:\/\/martinemrichard.fr\/blog\/wp-content\/uploads\/2015\/02\/imag0162_v1-150x150.jpg\" alt=\"imag0162_v1\" width=\"150\" height=\"150\" \/><\/a><\/p>\n<p>Une tr\u00e8s belle Esm\u00e9ralda, accompagn\u00e9e de son troubadour, se prom\u00e8ne ici et l\u00e0, admirant, questionnant les cr\u00e9ateurs. Puis, arriv\u00e9e \u00e0 deux pas du stand de ma s\u0153ur, O chance, elle se prend le bec avec une curieuse marchande.<\/p>\n<p><a href=\"https:\/\/martinemrichard.fr\/blog\/wp-content\/uploads\/2015\/02\/imag0224_v1.jpg\"><img loading=\"lazy\" decoding=\"async\" class=\"alignleft size-thumbnail wp-image-9526\" src=\"https:\/\/martinemrichard.fr\/blog\/wp-content\/uploads\/2015\/02\/imag0224_v1-150x150.jpg\" alt=\"imag0224_v1\" width=\"150\" height=\"150\" \/><\/a><a href=\"https:\/\/martinemrichard.fr\/blog\/wp-content\/uploads\/2015\/02\/imag0334_v1.jpg\"><img loading=\"lazy\" decoding=\"async\" class=\"alignright size-thumbnail wp-image-9528\" src=\"https:\/\/martinemrichard.fr\/blog\/wp-content\/uploads\/2015\/02\/imag0334_v1-150x150.jpg\" alt=\"imag0334_v1\" width=\"150\" height=\"150\" \/><\/a><a href=\"https:\/\/martinemrichard.fr\/blog\/wp-content\/uploads\/2015\/02\/imag0222_v1.jpg\"><img loading=\"lazy\" decoding=\"async\" class=\"aligncenter size-thumbnail wp-image-9525\" src=\"https:\/\/martinemrichard.fr\/blog\/wp-content\/uploads\/2015\/02\/imag0222_v1-150x150.jpg\" alt=\"imag0222_v1\" width=\"150\" height=\"150\" \/><\/a>Invectives, force gestes, jusqu&rsquo;au moment o\u00f9 elles en viennent aux mains. Cette farce met en joie le public. Les enfants , costum\u00e9s ou non, rient \u00e0 pleine gorge. Les acteurs font un tabac.<\/p>\n<p><a href=\"https:\/\/martinemrichard.fr\/blog\/wp-content\/uploads\/2015\/02\/imag0142_v1.jpg\"><img loading=\"lazy\" decoding=\"async\" class=\"alignleft size-thumbnail wp-image-9530\" src=\"https:\/\/martinemrichard.fr\/blog\/wp-content\/uploads\/2015\/02\/imag0142_v1-150x150.jpg\" alt=\"imag0142_v1\" width=\"150\" height=\"150\" \/><\/a><a href=\"https:\/\/martinemrichard.fr\/blog\/wp-content\/uploads\/2015\/02\/imag0159_v1.jpg\"><img loading=\"lazy\" decoding=\"async\" class=\"alignright size-thumbnail wp-image-9532\" src=\"https:\/\/martinemrichard.fr\/blog\/wp-content\/uploads\/2015\/02\/imag0159_v1-150x150.jpg\" alt=\"imag0159_v1\" width=\"150\" height=\"150\" \/><\/a><a href=\"https:\/\/martinemrichard.fr\/blog\/wp-content\/uploads\/2015\/02\/imag0148_v1.jpg\"><img loading=\"lazy\" decoding=\"async\" class=\"aligncenter size-thumbnail wp-image-9531\" src=\"https:\/\/martinemrichard.fr\/blog\/wp-content\/uploads\/2015\/02\/imag0148_v1-150x150.jpg\" alt=\"imag0148_v1\" width=\"150\" height=\"150\" \/><\/a>Avant, et apr\u00e8s leur prestation,\u00a0 H\u00e9l\u00e8ne r\u00e9pond gentiment au public, cr\u00e9e sous leurs yeux deux nouvelles pi\u00e8ces.<\/p>\n<p><a href=\"https:\/\/martinemrichard.fr\/blog\/wp-content\/uploads\/2015\/02\/imag0215_v1.jpg\"><img loading=\"lazy\" decoding=\"async\" class=\"alignleft size-thumbnail wp-image-9534\" src=\"https:\/\/martinemrichard.fr\/blog\/wp-content\/uploads\/2015\/02\/imag0215_v1-150x150.jpg\" alt=\"imag0215_v1\" width=\"150\" height=\"150\" \/><\/a><a href=\"https:\/\/martinemrichard.fr\/blog\/wp-content\/uploads\/2015\/02\/imag0210_v1.jpg\"><img loading=\"lazy\" decoding=\"async\" class=\"alignright size-thumbnail wp-image-9535\" src=\"https:\/\/martinemrichard.fr\/blog\/wp-content\/uploads\/2015\/02\/imag0210_v1-150x150.jpg\" alt=\"imag0210_v1\" width=\"150\" height=\"150\" \/><\/a><a href=\"https:\/\/martinemrichard.fr\/blog\/wp-content\/uploads\/2015\/02\/imag0213_v1.jpg\"><img loading=\"lazy\" decoding=\"async\" class=\"aligncenter size-thumbnail wp-image-9533\" src=\"https:\/\/martinemrichard.fr\/blog\/wp-content\/uploads\/2015\/02\/imag0213_v1-150x150.jpg\" alt=\"imag0213_v1\" width=\"150\" height=\"150\" \/><\/a>\u00c9puis\u00e9s, les yeux brillants d&rsquo;\u00e9toiles, nous disons au-revoir \u00e0 cette splendide journ\u00e9e hors du temps. Nous repartons par une autre porte que garde une beaut\u00e9 de pierre.<\/p>\n<p>MMR ( tous droits r\u00e9serv\u00e9s)<\/p>\n<p>J&rsquo;ai pris mes renseignements sur la plaque pr\u00e8s du th\u00e9\u00e2tre antique. Ainsi que chez Wikip\u00e9dia<\/p>\n<p>Pour en savoir plus voir chez wikip\u00e9dia\u00a0 <a href=\"https:\/\/fr.wikipedia.org\/wiki\/Saint-Bertrand-de-Comminges\"><span style=\"color: #0000ff;\"><strong>ICI<\/strong><\/span><\/a><\/p>\n<p>Nous avons \u00e9galement visit\u00e9 la cath\u00e9drale Sainte Marie. Ce sera le sujet d&rsquo;un autre billet.<\/p>\n","protected":false},"excerpt":{"rendered":"<p>Pour r\u00e9pondre\u00a0 \u00e0 la proposition de Sabine\u00a0 ,de la communaut\u00e9 \u00ab\u00a0Les Passeurs de mots\u00a0\u00bb, d&rsquo;\u00e9crire sur ce th\u00e8me: voyage. Je vous invite \u00e0 grimper dans mon carrosse: direction la Haute Garonne! \ud83d\ude42 Cliquez sur les photos pour agrandir svp, merci En r\u00e9gion Midi-Pyr\u00e9n\u00e9es, \u00e0 110km au sud de Toulouse, nich\u00e9e entre les premiers contreforts des [&hellip;]<\/p>\n","protected":false},"author":1,"featured_media":0,"comment_status":"open","ping_status":"open","sticky":false,"template":"","format":"standard","meta":{"footnotes":""},"categories":[782],"tags":[899,898,496],"class_list":["post-9494","post","type-post","status-publish","format-standard","hentry","category-les-passeurs-de-mots","tag-lugdunum-convenae","tag-saint-bertand-de-commings","tag-voyage"],"_links":{"self":[{"href":"https:\/\/martinemrichard.fr\/blog\/index.php?rest_route=\/wp\/v2\/posts\/9494","targetHints":{"allow":["GET"]}}],"collection":[{"href":"https:\/\/martinemrichard.fr\/blog\/index.php?rest_route=\/wp\/v2\/posts"}],"about":[{"href":"https:\/\/martinemrichard.fr\/blog\/index.php?rest_route=\/wp\/v2\/types\/post"}],"author":[{"embeddable":true,"href":"https:\/\/martinemrichard.fr\/blog\/index.php?rest_route=\/wp\/v2\/users\/1"}],"replies":[{"embeddable":true,"href":"https:\/\/martinemrichard.fr\/blog\/index.php?rest_route=%2Fwp%2Fv2%2Fcomments&post=9494"}],"version-history":[{"count":11,"href":"https:\/\/martinemrichard.fr\/blog\/index.php?rest_route=\/wp\/v2\/posts\/9494\/revisions"}],"predecessor-version":[{"id":9539,"href":"https:\/\/martinemrichard.fr\/blog\/index.php?rest_route=\/wp\/v2\/posts\/9494\/revisions\/9539"}],"wp:attachment":[{"href":"https:\/\/martinemrichard.fr\/blog\/index.php?rest_route=%2Fwp%2Fv2%2Fmedia&parent=9494"}],"wp:term":[{"taxonomy":"category","embeddable":true,"href":"https:\/\/martinemrichard.fr\/blog\/index.php?rest_route=%2Fwp%2Fv2%2Fcategories&post=9494"},{"taxonomy":"post_tag","embeddable":true,"href":"https:\/\/martinemrichard.fr\/blog\/index.php?rest_route=%2Fwp%2Fv2%2Ftags&post=9494"}],"curies":[{"name":"wp","href":"https:\/\/api.w.org\/{rel}","templated":true}]}}