{"id":9542,"date":"2015-02-26T06:06:37","date_gmt":"2015-02-26T05:06:37","guid":{"rendered":"http:\/\/martinemrichard.fr\/blog\/?p=9542"},"modified":"2015-02-26T06:06:37","modified_gmt":"2015-02-26T05:06:37","slug":"la-foret-des-songes","status":"publish","type":"post","link":"https:\/\/martinemrichard.fr\/blog\/?p=9542","title":{"rendered":"La for\u00eat des songes"},"content":{"rendered":"<p>Pour l\u2019Herbier de po\u00e9sie,\u00a0 communaut\u00e9 d&rsquo;Adamante, <span style=\"color: #0000ff;\"><strong><a href=\"http:\/\/adamante-images-et-reves.over-blog.com\/2015\/02\/foret-des-songes.html\">ICI<\/a>, <\/strong><span style=\"color: #000000;\">voici ma participation:<\/span><\/span><\/p>\n<p><a href=\"https:\/\/martinemrichard.fr\/blog\/wp-content\/uploads\/2015\/02\/IMG_1527_v1.jpg\"><img loading=\"lazy\" decoding=\"async\" class=\"alignright size-medium wp-image-9543\" src=\"https:\/\/martinemrichard.fr\/blog\/wp-content\/uploads\/2015\/02\/IMG_1527_v1-300x225.jpg\" alt=\"IMG_1527_v1\" width=\"300\" height=\"225\" srcset=\"https:\/\/martinemrichard.fr\/blog\/wp-content\/uploads\/2015\/02\/IMG_1527_v1-300x225.jpg 300w, https:\/\/martinemrichard.fr\/blog\/wp-content\/uploads\/2015\/02\/IMG_1527_v1-1024x768.jpg 1024w, https:\/\/martinemrichard.fr\/blog\/wp-content\/uploads\/2015\/02\/IMG_1527_v1.jpg 1402w\" sizes=\"auto, (max-width: 300px) 100vw, 300px\" \/><\/a><span style=\"color: #800080;\"><strong>cliquez sur la photo pour agrandir svp, merci.<\/strong><\/span><\/p>\n<p>.<\/p>\n<p>Entre les arbres<\/p>\n<p>La brume effiloche<\/p>\n<p>un reste de r\u00eave<\/p>\n<p>.<\/p>\n<p>MMR ( tous droits r\u00e9serv\u00e9s)<\/p>\n","protected":false},"excerpt":{"rendered":"<p>Pour l\u2019Herbier de po\u00e9sie,\u00a0 communaut\u00e9 d&rsquo;Adamante, ICI, voici ma participation: cliquez sur la photo pour agrandir svp, merci. . Entre les arbres La brume effiloche un reste de r\u00eave . MMR ( tous droits r\u00e9serv\u00e9s)<\/p>\n","protected":false},"author":1,"featured_media":0,"comment_status":"open","ping_status":"open","sticky":false,"template":"","format":"standard","meta":{"footnotes":""},"categories":[900],"tags":[132,174,37],"class_list":["post-9542","post","type-post","status-publish","format-standard","hentry","category-lherbier-de-poesie","tag-arbre","tag-brume","tag-haikus"],"_links":{"self":[{"href":"https:\/\/martinemrichard.fr\/blog\/index.php?rest_route=\/wp\/v2\/posts\/9542","targetHints":{"allow":["GET"]}}],"collection":[{"href":"https:\/\/martinemrichard.fr\/blog\/index.php?rest_route=\/wp\/v2\/posts"}],"about":[{"href":"https:\/\/martinemrichard.fr\/blog\/index.php?rest_route=\/wp\/v2\/types\/post"}],"author":[{"embeddable":true,"href":"https:\/\/martinemrichard.fr\/blog\/index.php?rest_route=\/wp\/v2\/users\/1"}],"replies":[{"embeddable":true,"href":"https:\/\/martinemrichard.fr\/blog\/index.php?rest_route=%2Fwp%2Fv2%2Fcomments&post=9542"}],"version-history":[{"count":4,"href":"https:\/\/martinemrichard.fr\/blog\/index.php?rest_route=\/wp\/v2\/posts\/9542\/revisions"}],"predecessor-version":[{"id":9547,"href":"https:\/\/martinemrichard.fr\/blog\/index.php?rest_route=\/wp\/v2\/posts\/9542\/revisions\/9547"}],"wp:attachment":[{"href":"https:\/\/martinemrichard.fr\/blog\/index.php?rest_route=%2Fwp%2Fv2%2Fmedia&parent=9542"}],"wp:term":[{"taxonomy":"category","embeddable":true,"href":"https:\/\/martinemrichard.fr\/blog\/index.php?rest_route=%2Fwp%2Fv2%2Fcategories&post=9542"},{"taxonomy":"post_tag","embeddable":true,"href":"https:\/\/martinemrichard.fr\/blog\/index.php?rest_route=%2Fwp%2Fv2%2Ftags&post=9542"}],"curies":[{"name":"wp","href":"https:\/\/api.w.org\/{rel}","templated":true}]}}