{"id":9651,"date":"2015-04-19T04:09:30","date_gmt":"2015-04-19T03:09:30","guid":{"rendered":"http:\/\/martinemrichard.fr\/blog\/?p=9651"},"modified":"2015-04-28T19:15:11","modified_gmt":"2015-04-28T18:15:11","slug":"rose-ici-ou-la","status":"publish","type":"post","link":"https:\/\/martinemrichard.fr\/blog\/?p=9651","title":{"rendered":"Rose&#8230; ici ou l\u00e0&#8230;"},"content":{"rendered":"<p><a href=\"https:\/\/martinemrichard.fr\/blog\/wp-content\/uploads\/2015\/04\/IMG_1792_v1.jpg\"><img loading=\"lazy\" decoding=\"async\" class=\"alignright size-medium wp-image-9659\" src=\"https:\/\/martinemrichard.fr\/blog\/wp-content\/uploads\/2015\/04\/IMG_1792_v1-300x225.jpg\" alt=\"IMG_1792_v1\" width=\"300\" height=\"225\" srcset=\"https:\/\/martinemrichard.fr\/blog\/wp-content\/uploads\/2015\/04\/IMG_1792_v1-300x225.jpg 300w, https:\/\/martinemrichard.fr\/blog\/wp-content\/uploads\/2015\/04\/IMG_1792_v1-1024x768.jpg 1024w, https:\/\/martinemrichard.fr\/blog\/wp-content\/uploads\/2015\/04\/IMG_1792_v1.jpg 1770w\" sizes=\"auto, (max-width: 300px) 100vw, 300px\" \/><\/a>Aurore<\/p>\n<p>Belle aurore<\/p>\n<p>Souriant \u00e0 ce nouveau jour<\/p>\n<p>Mine fra\u00eeche et l\u00e8vres roses<\/p>\n<p>Rose<\/p>\n<p>Ce mot est fragrances<\/p>\n<p>Il scintille, nacrant l&rsquo;air, l&rsquo;eau, les fleurs&#8230; <a href=\"https:\/\/martinemrichard.fr\/blog\/wp-content\/uploads\/2015\/04\/IMG_2094_v1.jpg\"><img loading=\"lazy\" decoding=\"async\" class=\"alignright size-medium wp-image-9666\" src=\"https:\/\/martinemrichard.fr\/blog\/wp-content\/uploads\/2015\/04\/IMG_2094_v1-300x225.jpg\" alt=\"IMG_2094_v1\" width=\"300\" height=\"225\" srcset=\"https:\/\/martinemrichard.fr\/blog\/wp-content\/uploads\/2015\/04\/IMG_2094_v1-300x225.jpg 300w, https:\/\/martinemrichard.fr\/blog\/wp-content\/uploads\/2015\/04\/IMG_2094_v1-1024x768.jpg 1024w, https:\/\/martinemrichard.fr\/blog\/wp-content\/uploads\/2015\/04\/IMG_2094_v1.jpg 1687w\" sizes=\"auto, (max-width: 300px) 100vw, 300px\" \/><\/a><\/p>\n<p>Rose<\/p>\n<p>La cl\u00e9matite\u00a0 blottie entre les bras protecteurs du laurier tin.<\/p>\n<p>Gracile, d\u00e9licate , l\u00e9g\u00e8re comme un matin de Mai&#8230;<\/p>\n<p>Rose<\/p>\n<p>Rosa rosa rosam<\/p>\n<p>Le mot fond sous la langue<a href=\"https:\/\/martinemrichard.fr\/blog\/wp-content\/uploads\/2015\/04\/IMG_1937_v1.jpg\"><img loading=\"lazy\" decoding=\"async\" class=\"alignright size-medium wp-image-9664\" src=\"https:\/\/martinemrichard.fr\/blog\/wp-content\/uploads\/2015\/04\/IMG_1937_v1-300x225.jpg\" alt=\"IMG_1937_v1\" width=\"300\" height=\"225\" srcset=\"https:\/\/martinemrichard.fr\/blog\/wp-content\/uploads\/2015\/04\/IMG_1937_v1-300x225.jpg 300w, https:\/\/martinemrichard.fr\/blog\/wp-content\/uploads\/2015\/04\/IMG_1937_v1-1024x768.jpg 1024w, https:\/\/martinemrichard.fr\/blog\/wp-content\/uploads\/2015\/04\/IMG_1937_v1.jpg 1770w\" sizes=\"auto, (max-width: 300px) 100vw, 300px\" \/><\/a><\/p>\n<p>Sucre<\/p>\n<p>Se g\u00e9lifie<\/p>\n<p>Couleur ondulant au soyeux d&rsquo;une tulipe mimant la reine des fleurs<\/p>\n<p>Rose<\/p>\n<p>Rosae rosae rosa<\/p>\n<p><a href=\"https:\/\/martinemrichard.fr\/blog\/wp-content\/uploads\/2015\/04\/IMG_1909_v1.jpg\"><img loading=\"lazy\" decoding=\"async\" class=\"alignright size-medium wp-image-9663\" src=\"https:\/\/martinemrichard.fr\/blog\/wp-content\/uploads\/2015\/04\/IMG_1909_v1-300x225.jpg\" alt=\"IMG_1909_v1\" width=\"300\" height=\"225\" srcset=\"https:\/\/martinemrichard.fr\/blog\/wp-content\/uploads\/2015\/04\/IMG_1909_v1-300x225.jpg 300w, https:\/\/martinemrichard.fr\/blog\/wp-content\/uploads\/2015\/04\/IMG_1909_v1-1024x768.jpg 1024w, https:\/\/martinemrichard.fr\/blog\/wp-content\/uploads\/2015\/04\/IMG_1909_v1.jpg 1770w\" sizes=\"auto, (max-width: 300px) 100vw, 300px\" \/><\/a> Musique<\/p>\n<p>Po\u00e8te du nord\u00a0 chantant\u00a0 ta gloire du soleil plein la voix.<\/p>\n<p>Rose vitrail<\/p>\n<p>Lumi\u00e8re d\u00e9nichant\u00a0 au secret lavande le charme \u00e9mouvant d&rsquo;une botanique<\/p>\n<p>Rose<\/p>\n<p>Rosae rosae rosas<\/p>\n<p>Qu&rsquo;importe l&rsquo;alphabet<a href=\"https:\/\/martinemrichard.fr\/blog\/wp-content\/uploads\/2015\/04\/IMG_2157_v1.jpg\"><img loading=\"lazy\" decoding=\"async\" class=\"alignright size-medium wp-image-9667\" src=\"https:\/\/martinemrichard.fr\/blog\/wp-content\/uploads\/2015\/04\/IMG_2157_v1-225x300.jpg\" alt=\"IMG_2157_v1\" width=\"225\" height=\"300\" srcset=\"https:\/\/martinemrichard.fr\/blog\/wp-content\/uploads\/2015\/04\/IMG_2157_v1-225x300.jpg 225w, https:\/\/martinemrichard.fr\/blog\/wp-content\/uploads\/2015\/04\/IMG_2157_v1.jpg 739w\" sizes=\"auto, (max-width: 225px) 100vw, 225px\" \/><\/a><\/p>\n<p>La conjugaison<\/p>\n<p>La versification<\/p>\n<p>Rose<\/p>\n<p>Mot sucre d&rsquo;orge<\/p>\n<p>Miel de prairie<\/p>\n<p>Tu es ambroisie pour le syrphe assoiff\u00e9<\/p>\n<p>L&rsquo;errance papillon<\/p>\n<p>Rose<a href=\"https:\/\/martinemrichard.fr\/blog\/wp-content\/uploads\/2015\/04\/IMG_1815_v1.jpg\"><img loading=\"lazy\" decoding=\"async\" class=\"alignright size-medium wp-image-9660\" src=\"https:\/\/martinemrichard.fr\/blog\/wp-content\/uploads\/2015\/04\/IMG_1815_v1-225x300.jpg\" alt=\"IMG_1815_v1\" width=\"225\" height=\"300\" srcset=\"https:\/\/martinemrichard.fr\/blog\/wp-content\/uploads\/2015\/04\/IMG_1815_v1-225x300.jpg 225w, https:\/\/martinemrichard.fr\/blog\/wp-content\/uploads\/2015\/04\/IMG_1815_v1-768x1024.jpg 768w, https:\/\/martinemrichard.fr\/blog\/wp-content\/uploads\/2015\/04\/IMG_1815_v1.jpg 1327w\" sizes=\"auto, (max-width: 225px) 100vw, 225px\" \/><\/a><\/p>\n<p>Ballet immobile<\/p>\n<p>Quelques pomponnettes<\/p>\n<p>Oscillent du tutu au rythme z\u00e9phyr<\/p>\n<p>Tanguent<\/p>\n<p>Se tendent vers l&rsquo;\u00e9cho infime<\/p>\n<p>Fusionnant au carillon\u00a0 des jacinthes des bois&#8230;<\/p>\n<p>Rose<\/p>\n<p>Rosarum rosis rosis<\/p>\n<p>Douceur ensorcelante<\/p>\n<p>Au go\u00fbt d&rsquo;enfance heureuse&#8230;<\/p>\n<p>.<\/p>\n<p>MMR ( tous droits r\u00e9serv\u00e9s)<\/p>\n<p><span style=\"color: #800080;\"><strong>Cliquez sur les photos pour agrandir svp, merci<\/strong><\/span><\/p>\n","protected":false},"excerpt":{"rendered":"<p>Aurore Belle aurore Souriant \u00e0 ce nouveau jour Mine fra\u00eeche et l\u00e8vres roses Rose Ce mot est fragrances Il scintille, nacrant l&rsquo;air, l&rsquo;eau, les fleurs&#8230; Rose La cl\u00e9matite\u00a0 blottie entre les bras protecteurs du laurier tin. Gracile, d\u00e9licate , l\u00e9g\u00e8re comme un matin de Mai&#8230; Rose Rosa rosa rosam Le mot fond sous la langue [&hellip;]<\/p>\n","protected":false},"author":1,"featured_media":0,"comment_status":"open","ping_status":"open","sticky":false,"template":"","format":"standard","meta":{"footnotes":""},"categories":[71],"tags":[364,912,21,11,52,94],"class_list":["post-9651","post","type-post","status-publish","format-standard","hentry","category-jardin-fleur","tag-aurore","tag-clematite","tag-fleurs","tag-jardin","tag-rose","tag-syrphe"],"_links":{"self":[{"href":"https:\/\/martinemrichard.fr\/blog\/index.php?rest_route=\/wp\/v2\/posts\/9651","targetHints":{"allow":["GET"]}}],"collection":[{"href":"https:\/\/martinemrichard.fr\/blog\/index.php?rest_route=\/wp\/v2\/posts"}],"about":[{"href":"https:\/\/martinemrichard.fr\/blog\/index.php?rest_route=\/wp\/v2\/types\/post"}],"author":[{"embeddable":true,"href":"https:\/\/martinemrichard.fr\/blog\/index.php?rest_route=\/wp\/v2\/users\/1"}],"replies":[{"embeddable":true,"href":"https:\/\/martinemrichard.fr\/blog\/index.php?rest_route=%2Fwp%2Fv2%2Fcomments&post=9651"}],"version-history":[{"count":12,"href":"https:\/\/martinemrichard.fr\/blog\/index.php?rest_route=\/wp\/v2\/posts\/9651\/revisions"}],"predecessor-version":[{"id":9686,"href":"https:\/\/martinemrichard.fr\/blog\/index.php?rest_route=\/wp\/v2\/posts\/9651\/revisions\/9686"}],"wp:attachment":[{"href":"https:\/\/martinemrichard.fr\/blog\/index.php?rest_route=%2Fwp%2Fv2%2Fmedia&parent=9651"}],"wp:term":[{"taxonomy":"category","embeddable":true,"href":"https:\/\/martinemrichard.fr\/blog\/index.php?rest_route=%2Fwp%2Fv2%2Fcategories&post=9651"},{"taxonomy":"post_tag","embeddable":true,"href":"https:\/\/martinemrichard.fr\/blog\/index.php?rest_route=%2Fwp%2Fv2%2Ftags&post=9651"}],"curies":[{"name":"wp","href":"https:\/\/api.w.org\/{rel}","templated":true}]}}