{"id":9768,"date":"2015-05-24T06:56:48","date_gmt":"2015-05-24T05:56:48","guid":{"rendered":"http:\/\/martinemrichard.fr\/blog\/?p=9768"},"modified":"2015-05-24T06:56:57","modified_gmt":"2015-05-24T05:56:57","slug":"au-pied-de-la-montagne","status":"publish","type":"post","link":"https:\/\/martinemrichard.fr\/blog\/?p=9768","title":{"rendered":"Au pied de la montagne"},"content":{"rendered":"<p><a href=\"https:\/\/martinemrichard.fr\/blog\/wp-content\/uploads\/2015\/05\/IMG_3528_v1.jpg\"><img loading=\"lazy\" decoding=\"async\" class=\"alignright size-medium wp-image-9769\" src=\"https:\/\/martinemrichard.fr\/blog\/wp-content\/uploads\/2015\/05\/IMG_3528_v1-225x300.jpg\" alt=\"IMG_3528_v1\" width=\"225\" height=\"300\" srcset=\"https:\/\/martinemrichard.fr\/blog\/wp-content\/uploads\/2015\/05\/IMG_3528_v1-225x300.jpg 225w, https:\/\/martinemrichard.fr\/blog\/wp-content\/uploads\/2015\/05\/IMG_3528_v1-769x1024.jpg 769w, https:\/\/martinemrichard.fr\/blog\/wp-content\/uploads\/2015\/05\/IMG_3528_v1.jpg 1084w\" sizes=\"auto, (max-width: 225px) 100vw, 225px\" \/><\/a>Pour la communaut\u00e9 d&rsquo;Evajoe, <a href=\"http:\/\/lacommunautedespasseursdemots.apln-blog.fr\/\"><span style=\"color: #0000ff;\"><strong>les Passeurs de mots<\/strong><\/span><\/a>, dont le th\u00e8me ce mois-ci est la montagne.<\/p>\n<p>.<\/p>\n<p>Au pied de la montagne<\/p>\n<p>Loin du vertige o\u00f9 aime \u00e0 planer l&rsquo;aigle<\/p>\n<p>L\u00e0<\/p>\n<p>En bas<\/p>\n<p>Tout en bas<\/p>\n<p>Quitter le goudron br\u00fblant de la route<\/p>\n<p>Abandonner les virages conduisant \u00e0 Gap*<\/p>\n<p>R\u00e9pondre \u00e0 l&rsquo;appel de la prairie<\/p>\n<p><a href=\"https:\/\/martinemrichard.fr\/blog\/wp-content\/uploads\/2015\/05\/IMG_3416_v1.jpg\"><img loading=\"lazy\" decoding=\"async\" class=\"alignright size-thumbnail wp-image-9770\" src=\"https:\/\/martinemrichard.fr\/blog\/wp-content\/uploads\/2015\/05\/IMG_3416_v1-150x150.jpg\" alt=\"IMG_3416_v1\" width=\"150\" height=\"150\" \/><\/a><\/p>\n<p>Prendre le chemin anis\u00e9 des sauterelles<\/p>\n<p>Ecouter le violon des grillons<\/p>\n<p>Se laisser guider par le papillon<\/p>\n<p>Ce petit , tout petit argus bleu qui sait le secret du bien vivre<\/p>\n<p>Monter<a href=\"https:\/\/martinemrichard.fr\/blog\/wp-content\/uploads\/2015\/05\/IMG_3422_v1.jpg\"><img loading=\"lazy\" decoding=\"async\" class=\"alignright size-thumbnail wp-image-9771\" src=\"https:\/\/martinemrichard.fr\/blog\/wp-content\/uploads\/2015\/05\/IMG_3422_v1-150x150.jpg\" alt=\"IMG_3422_v1\" width=\"150\" height=\"150\" \/><\/a><\/p>\n<p>Monter encore<\/p>\n<p>Plus haut<\/p>\n<p>Encore plus haut<\/p>\n<p>L\u00e0 o\u00f9 m\u00eame les racines des arbres ont envie de jouir de l&rsquo;air pur<\/p>\n<p><a href=\"https:\/\/martinemrichard.fr\/blog\/wp-content\/uploads\/2015\/05\/IMG_3410_v1.jpg\"><img loading=\"lazy\" decoding=\"async\" class=\"alignright size-thumbnail wp-image-9772\" src=\"https:\/\/martinemrichard.fr\/blog\/wp-content\/uploads\/2015\/05\/IMG_3410_v1-150x150.jpg\" alt=\"IMG_3410_v1\" width=\"150\" height=\"150\" \/><\/a>Cueillir une mirabelle\u00a0 \u00e0 l&rsquo;arceau du prunier si g\u00e9n\u00e9reux<\/p>\n<p>Ici<\/p>\n<p>Le Temps semble se dissoudre<\/p>\n<p>S&rsquo;abolir<\/p>\n<p>Pas un souffle de vent ne vient troubler le miroir du lac*<a href=\"https:\/\/martinemrichard.fr\/blog\/wp-content\/uploads\/2015\/05\/IMG_3448_v1.jpg\"><img loading=\"lazy\" decoding=\"async\" class=\"alignright size-thumbnail wp-image-9773\" src=\"https:\/\/martinemrichard.fr\/blog\/wp-content\/uploads\/2015\/05\/IMG_3448_v1-150x150.jpg\" alt=\"IMG_3448_v1\" width=\"150\" height=\"150\" \/><\/a><\/p>\n<p>La canicule d&rsquo;ao\u00fbt est rest\u00e9e au bord de la route.<\/p>\n<p>Loin du d\u00e9fil\u00e9 des touristes attir\u00e9s par la grande ville alpine<\/p>\n<p>Nonchalant<\/p>\n<p>Un canard\u00a0 agite ses palmes <a href=\"https:\/\/martinemrichard.fr\/blog\/wp-content\/uploads\/2015\/05\/IMG_3518_v1.jpg\"><img loading=\"lazy\" decoding=\"async\" class=\"alignright size-medium wp-image-9775\" src=\"https:\/\/martinemrichard.fr\/blog\/wp-content\/uploads\/2015\/05\/IMG_3518_v1-300x225.jpg\" alt=\"IMG_3518_v1\" width=\"300\" height=\"225\" srcset=\"https:\/\/martinemrichard.fr\/blog\/wp-content\/uploads\/2015\/05\/IMG_3518_v1-300x225.jpg 300w, https:\/\/martinemrichard.fr\/blog\/wp-content\/uploads\/2015\/05\/IMG_3518_v1-1024x769.jpg 1024w, https:\/\/martinemrichard.fr\/blog\/wp-content\/uploads\/2015\/05\/IMG_3518_v1.jpg 1444w\" sizes=\"auto, (max-width: 300px) 100vw, 300px\" \/><\/a><\/p>\n<p>Glisse sans une \u00e9claboussure, sans un bruit<\/p>\n<p>Instant parfait que brise \u00e0 peine sa nonchalante incursion<\/p>\n<p>L&rsquo;eau miroir<\/p>\n<p>Frisotte<\/p>\n<p>Brouille la contemplation\u00a0 de quelques branches narcissiques<\/p>\n<p>Compose un tableau abstrait<\/p>\n<p>Envie, l\u00e0, maintenant&#8230; de peindre&#8230;<\/p>\n<p>.<\/p>\n<p>MMR ( tous droits r\u00e9serv\u00e9s)<\/p>\n<p>*Gap<\/p>\n<p>* lac de Charance , Hautes Alpes: renseignements wikipedia <a href=\"https:\/\/fr.wikipedia.org\/wiki\/Domaine_de_Charance\"><span style=\"color: #0000ff;\"><strong>ICI<\/strong> <\/span><\/a><\/p>\n<p><span style=\"color: #800080;\"><strong>\u00a0Cliquez sur les photos pour agrandir svp, merci<\/strong><\/span><\/p>\n<p>&nbsp;<\/p>\n<p>D\u00e9sol\u00e9e mais ce matin , de nouveau, pas moyen d&rsquo;ouvrir ma messagerie. Ce que \u00e7a rame&#8230;<\/p>\n<p>En vous souhaitant un bon dimanche<\/p>\n<p>A bient\u00f4t&#8230; selon la bonne volont\u00e9 d&rsquo;internet<\/p>\n","protected":false},"excerpt":{"rendered":"<p>Pour la communaut\u00e9 d&rsquo;Evajoe, les Passeurs de mots, dont le th\u00e8me ce mois-ci est la montagne. . Au pied de la montagne Loin du vertige o\u00f9 aime \u00e0 planer l&rsquo;aigle L\u00e0 En bas Tout en bas Quitter le goudron br\u00fblant de la route Abandonner les virages conduisant \u00e0 Gap* R\u00e9pondre \u00e0 l&rsquo;appel de la prairie [&hellip;]<\/p>\n","protected":false},"author":1,"featured_media":0,"comment_status":"open","ping_status":"open","sticky":false,"template":"","format":"standard","meta":{"footnotes":""},"categories":[389],"tags":[915,223,155,916],"class_list":["post-9768","post","type-post","status-publish","format-standard","hentry","category-promenades-ici-et-ailleurs","tag-canard","tag-lac-de-charance","tag-montagne","tag-peindre"],"_links":{"self":[{"href":"https:\/\/martinemrichard.fr\/blog\/index.php?rest_route=\/wp\/v2\/posts\/9768","targetHints":{"allow":["GET"]}}],"collection":[{"href":"https:\/\/martinemrichard.fr\/blog\/index.php?rest_route=\/wp\/v2\/posts"}],"about":[{"href":"https:\/\/martinemrichard.fr\/blog\/index.php?rest_route=\/wp\/v2\/types\/post"}],"author":[{"embeddable":true,"href":"https:\/\/martinemrichard.fr\/blog\/index.php?rest_route=\/wp\/v2\/users\/1"}],"replies":[{"embeddable":true,"href":"https:\/\/martinemrichard.fr\/blog\/index.php?rest_route=%2Fwp%2Fv2%2Fcomments&post=9768"}],"version-history":[{"count":7,"href":"https:\/\/martinemrichard.fr\/blog\/index.php?rest_route=\/wp\/v2\/posts\/9768\/revisions"}],"predecessor-version":[{"id":9782,"href":"https:\/\/martinemrichard.fr\/blog\/index.php?rest_route=\/wp\/v2\/posts\/9768\/revisions\/9782"}],"wp:attachment":[{"href":"https:\/\/martinemrichard.fr\/blog\/index.php?rest_route=%2Fwp%2Fv2%2Fmedia&parent=9768"}],"wp:term":[{"taxonomy":"category","embeddable":true,"href":"https:\/\/martinemrichard.fr\/blog\/index.php?rest_route=%2Fwp%2Fv2%2Fcategories&post=9768"},{"taxonomy":"post_tag","embeddable":true,"href":"https:\/\/martinemrichard.fr\/blog\/index.php?rest_route=%2Fwp%2Fv2%2Ftags&post=9768"}],"curies":[{"name":"wp","href":"https:\/\/api.w.org\/{rel}","templated":true}]}}