{"id":9827,"date":"2015-06-07T05:07:16","date_gmt":"2015-06-07T04:07:16","guid":{"rendered":"http:\/\/martinemrichard.fr\/blog\/?p=9827"},"modified":"2015-06-13T19:33:49","modified_gmt":"2015-06-13T18:33:49","slug":"juin-2","status":"publish","type":"post","link":"https:\/\/martinemrichard.fr\/blog\/?p=9827","title":{"rendered":"Juin!"},"content":{"rendered":"<p>Juin!<\/p>\n<p>Ah juin,\u00a0 la peau nue en offrande \u00e0 Ph\u00e9bus<a href=\"https:\/\/martinemrichard.fr\/blog\/wp-content\/uploads\/2015\/06\/IMG_3870_v1.jpg\"><img loading=\"lazy\" decoding=\"async\" class=\"alignright size-medium wp-image-9828\" src=\"https:\/\/martinemrichard.fr\/blog\/wp-content\/uploads\/2015\/06\/IMG_3870_v1-300x225.jpg\" alt=\"IMG_3870_v1\" width=\"300\" height=\"225\" srcset=\"https:\/\/martinemrichard.fr\/blog\/wp-content\/uploads\/2015\/06\/IMG_3870_v1-300x225.jpg 300w, https:\/\/martinemrichard.fr\/blog\/wp-content\/uploads\/2015\/06\/IMG_3870_v1-1024x768.jpg 1024w, https:\/\/martinemrichard.fr\/blog\/wp-content\/uploads\/2015\/06\/IMG_3870_v1.jpg 1350w\" sizes=\"auto, (max-width: 300px) 100vw, 300px\" \/><\/a>!<\/p>\n<p>Au d\u00e9tour d&rsquo;une feuille<\/p>\n<p>D&rsquo;une fragrance anis serpentant sous l&rsquo;azur<\/p>\n<p>Une belle chenille* repose ses rondeurs<\/p>\n<p>Inconsciente? se moquant ? du premier l\u00e9zard curieux<\/p>\n<p>De l&rsquo;oiseau trop gourmand d&rsquo;exotisme.<\/p>\n<p>Juin!<a href=\"https:\/\/martinemrichard.fr\/blog\/wp-content\/uploads\/2015\/06\/IMG_4209_v1.jpg\"><img loading=\"lazy\" decoding=\"async\" class=\"alignright size-medium wp-image-9829\" src=\"https:\/\/martinemrichard.fr\/blog\/wp-content\/uploads\/2015\/06\/IMG_4209_v1-300x225.jpg\" alt=\"IMG_4209_v1\" width=\"300\" height=\"225\" srcset=\"https:\/\/martinemrichard.fr\/blog\/wp-content\/uploads\/2015\/06\/IMG_4209_v1-300x225.jpg 300w, https:\/\/martinemrichard.fr\/blog\/wp-content\/uploads\/2015\/06\/IMG_4209_v1.jpg 833w\" sizes=\"auto, (max-width: 300px) 100vw, 300px\" \/><\/a><\/p>\n<p>Juin si \u00e9tonnant!<\/p>\n<p>A l&rsquo;or\u00e9e de mon mur<\/p>\n<p>En \u00e9quilibre entre deux fuites<\/p>\n<p>Masque pr\u00e9historique<\/p>\n<p>Regard fendu de m\u00e9fiance<\/p>\n<p>Gecko joue les monte en l&rsquo;air<\/p>\n<p>Repu de mouches saoules de soleil<a href=\"https:\/\/martinemrichard.fr\/blog\/wp-content\/uploads\/2015\/06\/IMG_4207_v1.jpg\"><img loading=\"lazy\" decoding=\"async\" class=\"alignright size-medium wp-image-9819\" src=\"https:\/\/martinemrichard.fr\/blog\/wp-content\/uploads\/2015\/06\/IMG_4207_v1-300x225.jpg\" alt=\"IMG_4207_v1\" width=\"300\" height=\"225\" srcset=\"https:\/\/martinemrichard.fr\/blog\/wp-content\/uploads\/2015\/06\/IMG_4207_v1-300x225.jpg 300w, https:\/\/martinemrichard.fr\/blog\/wp-content\/uploads\/2015\/06\/IMG_4207_v1-1024x768.jpg 1024w\" sizes=\"auto, (max-width: 300px) 100vw, 300px\" \/><\/a>.<\/p>\n<p>Juin!<\/p>\n<p>Juin le surprenant<\/p>\n<p>Affriolants bijoux<\/p>\n<p>Un<\/p>\n<p>Puis deux zygenes s&rsquo;abreuvent \u00e0 l&rsquo; elixir\u00a0 verveine<\/p>\n<p>Au sucr\u00e9 d&rsquo;une val\u00e9riane.<\/p>\n<p>En toute qui\u00e9tude, ces deux papillons vaquent \u00e0 leurs affaires indiff\u00e9rents <a href=\"https:\/\/martinemrichard.fr\/blog\/wp-content\/uploads\/2015\/06\/IMG_4172_v1.jpg\"><img loading=\"lazy\" decoding=\"async\" class=\"alignright size-medium wp-image-9818\" src=\"https:\/\/martinemrichard.fr\/blog\/wp-content\/uploads\/2015\/06\/IMG_4172_v1-300x225.jpg\" alt=\"IMG_4172_v1\" width=\"300\" height=\"225\" srcset=\"https:\/\/martinemrichard.fr\/blog\/wp-content\/uploads\/2015\/06\/IMG_4172_v1-300x225.jpg 300w, https:\/\/martinemrichard.fr\/blog\/wp-content\/uploads\/2015\/06\/IMG_4172_v1-1024x769.jpg 1024w, https:\/\/martinemrichard.fr\/blog\/wp-content\/uploads\/2015\/06\/IMG_4172_v1.jpg 1364w\" sizes=\"auto, (max-width: 300px) 100vw, 300px\" \/><\/a>aux mille dangers qui rodent; ignorant les menaces, s\u00fbrs de leur livr\u00e9e claironnant: \u00ab\u00a0Attention! Attention! Avis aux pr\u00e9dateurs:\u00a0 je suis un toxique!\u00a0\u00bb*<\/p>\n<p>Juin!<\/p>\n<p>Juin le g\u00e9n\u00e9reux au jardin des couleurs<\/p>\n<p>MMR ( tous droits r\u00e9serv\u00e9s)<\/p>\n<p><span style=\"color: #800080;\"><strong>Cliquez sur les photos pour agrandir svp, merci<\/strong> <\/span><\/p>\n<p>&nbsp;<\/p>\n<p>*: chenille du papillon machaon. Depuis, celle-ci est en nymphose. Trois autres grandissent, chacune sur son pied de fenouil.<\/p>\n<p>*:le gecko: reptile, ordre des squamates, sous ordre sauria-l\u00e9zard, famille des gekkonid\u00e9s. Il en existe trois esp\u00e8ces en\u00a0 France.<\/p>\n<p>* zygene: un papillon, assez petit, dont les couleurs vives rouge et noir\u00a0 affichent la toxicit\u00e9: Ce joli lepidopt\u00e8re s\u00e9cr\u00e8te \u00e0 la base de sa trompe un liquide volatil \u00e0 base de cyanure. Ses tissus en sont impr\u00e9gn\u00e9s. 35 esp\u00e8ces\u00a0 en France.<\/p>\n<p>&#8230;&#8230;&#8230;&#8230;..<\/p>\n<p><em>\u00a0Chaque ann\u00e9e, j&rsquo;ai la chance d&rsquo;observer ces belles chenilles machaon se nourissant exclusivement de fenouil. Aussi, je pr\u00e9serve cette plante parfum\u00e9e venue s&rsquo;installer en douce des friches\u00a0 voisines.<\/em><\/p>\n<p><em>Ce n&rsquo;est que la seconde fois que je vois ce papillon. Et deux de diff\u00e9rents, le m\u00eame matin o\u00f9 j&rsquo;ai pu observer quelques secondes ce magnifique gecko. Le temps de deux clics et il avait disparu. Depuis, je guette en vain chaque jour sa r\u00e9apparition. Mais il doit \u00eatre l\u00e0, quelque part, d&rsquo;une discr\u00e9tion absolue. <\/em><\/p>\n<p>&nbsp;<\/p>\n<p><span style=\"color: #ff0000;\"><strong>Merci pour tous vos charmants commentaires. Il me font tant plaisir. Ce sont eux qui font vivre ce blog<\/strong><\/span><\/p>\n<p><span style=\"color: #ff0000;\"><strong>Encore merci de tout coeur!<\/strong><\/span><\/p>\n<p>\ud83d\ude09<\/p>\n","protected":false},"excerpt":{"rendered":"<p>Juin! Ah juin,\u00a0 la peau nue en offrande \u00e0 Ph\u00e9bus! Au d\u00e9tour d&rsquo;une feuille D&rsquo;une fragrance anis serpentant sous l&rsquo;azur Une belle chenille* repose ses rondeurs Inconsciente? se moquant ? du premier l\u00e9zard curieux De l&rsquo;oiseau trop gourmand d&rsquo;exotisme. Juin! Juin si \u00e9tonnant! A l&rsquo;or\u00e9e de mon mur En \u00e9quilibre entre deux fuites Masque pr\u00e9historique [&hellip;]<\/p>\n","protected":false},"author":1,"featured_media":0,"comment_status":"open","ping_status":"open","sticky":false,"template":"","format":"standard","meta":{"footnotes":""},"categories":[72],"tags":[919,921,922,920],"class_list":["post-9827","post","type-post","status-publish","format-standard","hentry","category-animaux","tag-chenille-machaon","tag-gecko","tag-juin","tag-zygene"],"_links":{"self":[{"href":"https:\/\/martinemrichard.fr\/blog\/index.php?rest_route=\/wp\/v2\/posts\/9827","targetHints":{"allow":["GET"]}}],"collection":[{"href":"https:\/\/martinemrichard.fr\/blog\/index.php?rest_route=\/wp\/v2\/posts"}],"about":[{"href":"https:\/\/martinemrichard.fr\/blog\/index.php?rest_route=\/wp\/v2\/types\/post"}],"author":[{"embeddable":true,"href":"https:\/\/martinemrichard.fr\/blog\/index.php?rest_route=\/wp\/v2\/users\/1"}],"replies":[{"embeddable":true,"href":"https:\/\/martinemrichard.fr\/blog\/index.php?rest_route=%2Fwp%2Fv2%2Fcomments&post=9827"}],"version-history":[{"count":15,"href":"https:\/\/martinemrichard.fr\/blog\/index.php?rest_route=\/wp\/v2\/posts\/9827\/revisions"}],"predecessor-version":[{"id":9845,"href":"https:\/\/martinemrichard.fr\/blog\/index.php?rest_route=\/wp\/v2\/posts\/9827\/revisions\/9845"}],"wp:attachment":[{"href":"https:\/\/martinemrichard.fr\/blog\/index.php?rest_route=%2Fwp%2Fv2%2Fmedia&parent=9827"}],"wp:term":[{"taxonomy":"category","embeddable":true,"href":"https:\/\/martinemrichard.fr\/blog\/index.php?rest_route=%2Fwp%2Fv2%2Fcategories&post=9827"},{"taxonomy":"post_tag","embeddable":true,"href":"https:\/\/martinemrichard.fr\/blog\/index.php?rest_route=%2Fwp%2Fv2%2Ftags&post=9827"}],"curies":[{"name":"wp","href":"https:\/\/api.w.org\/{rel}","templated":true}]}}