{"id":9847,"date":"2015-06-14T06:22:35","date_gmt":"2015-06-14T05:22:35","guid":{"rendered":"http:\/\/martinemrichard.fr\/blog\/?p=9847"},"modified":"2015-06-14T06:22:35","modified_gmt":"2015-06-14T05:22:35","slug":"pour-un-peu-dor","status":"publish","type":"post","link":"https:\/\/martinemrichard.fr\/blog\/?p=9847","title":{"rendered":"Pour un peu d&rsquo;or&#8230;"},"content":{"rendered":"<p><a href=\"https:\/\/martinemrichard.fr\/blog\/wp-content\/uploads\/2015\/06\/IMG_5254_v1.jpg\"><img loading=\"lazy\" decoding=\"async\" class=\"alignright size-medium wp-image-9865\" src=\"https:\/\/martinemrichard.fr\/blog\/wp-content\/uploads\/2015\/06\/IMG_5254_v1-300x225.jpg\" alt=\"IMG_5254_v1\" width=\"300\" height=\"225\" srcset=\"https:\/\/martinemrichard.fr\/blog\/wp-content\/uploads\/2015\/06\/IMG_5254_v1-300x225.jpg 300w, https:\/\/martinemrichard.fr\/blog\/wp-content\/uploads\/2015\/06\/IMG_5254_v1-1024x768.jpg 1024w, https:\/\/martinemrichard.fr\/blog\/wp-content\/uploads\/2015\/06\/IMG_5254_v1.jpg 1770w\" sizes=\"auto, (max-width: 300px) 100vw, 300px\" \/><\/a>L\u00e0-haut, l\u00e0-haut<\/p>\n<p>Les nuages fol\u00e2trent<\/p>\n<p>Cavalent le dos rond<\/p>\n<p>Jouent \u00e0 saute-moutons<\/p>\n<p>S\u00e8ment leur laine aux quatre vents.<\/p>\n<p>Imp\u00e9rial<\/p>\n<p>Ph\u00e9bus<a href=\"https:\/\/martinemrichard.fr\/blog\/wp-content\/uploads\/2015\/06\/IMG_4846_v1.jpg\"><img loading=\"lazy\" decoding=\"async\" class=\"alignright size-medium wp-image-9858\" src=\"https:\/\/martinemrichard.fr\/blog\/wp-content\/uploads\/2015\/06\/IMG_4846_v1-300x225.jpg\" alt=\"IMG_4846_v1\" width=\"300\" height=\"225\" srcset=\"https:\/\/martinemrichard.fr\/blog\/wp-content\/uploads\/2015\/06\/IMG_4846_v1-300x225.jpg 300w, https:\/\/martinemrichard.fr\/blog\/wp-content\/uploads\/2015\/06\/IMG_4846_v1-1024x768.jpg 1024w, https:\/\/martinemrichard.fr\/blog\/wp-content\/uploads\/2015\/06\/IMG_4846_v1.jpg 1770w\" sizes=\"auto, (max-width: 300px) 100vw, 300px\" \/><\/a> sourit de tout son or<\/p>\n<p>Offre sa provende au jardin affam\u00e9.<\/p>\n<p>Lumi\u00e8re!<\/p>\n<p>Lumi\u00e8re!<\/p>\n<p>Chaque fleur r\u00e9clame en se haussant du col<\/p>\n<p>Moi! Moi! Non, moi!<\/p>\n<p>Allons, allons<a href=\"https:\/\/martinemrichard.fr\/blog\/wp-content\/uploads\/2015\/06\/IMG_4960_v1.jpg\"><img loading=\"lazy\" decoding=\"async\" class=\"alignright size-medium wp-image-9864\" src=\"https:\/\/martinemrichard.fr\/blog\/wp-content\/uploads\/2015\/06\/IMG_4960_v1-300x225.jpg\" alt=\"IMG_4960_v1\" width=\"300\" height=\"225\" srcset=\"https:\/\/martinemrichard.fr\/blog\/wp-content\/uploads\/2015\/06\/IMG_4960_v1-300x225.jpg 300w, https:\/\/martinemrichard.fr\/blog\/wp-content\/uploads\/2015\/06\/IMG_4960_v1-1024x768.jpg 1024w, https:\/\/martinemrichard.fr\/blog\/wp-content\/uploads\/2015\/06\/IMG_4960_v1.jpg 1770w\" sizes=\"auto, (max-width: 300px) 100vw, 300px\" \/><\/a> mesdames!<\/p>\n<p>Tout le monde aura sa part!<\/p>\n<p>H\u00e9m\u00e9rocalle\u00a0 claironne<\/p>\n<p>Temp\u00eate son inaudible \u00e0 un massif\u00a0 sourd \u00e0 la discipline.<\/p>\n<p>C&rsquo;est la lutte en dentelles<\/p>\n<p>En p\u00e9tales flamboyants<\/p>\n<p>Chacun, chacune, d\u00e9froisse ses jupes<\/p>\n<p>Ouvre grand son corset<a href=\"https:\/\/martinemrichard.fr\/blog\/wp-content\/uploads\/2015\/06\/IMG_5158_v1.jpg\"><img loading=\"lazy\" decoding=\"async\" class=\"alignright size-medium wp-image-9851\" src=\"https:\/\/martinemrichard.fr\/blog\/wp-content\/uploads\/2015\/06\/IMG_5158_v1-300x225.jpg\" alt=\"IMG_5158_v1\" width=\"300\" height=\"225\" srcset=\"https:\/\/martinemrichard.fr\/blog\/wp-content\/uploads\/2015\/06\/IMG_5158_v1-300x225.jpg 300w, https:\/\/martinemrichard.fr\/blog\/wp-content\/uploads\/2015\/06\/IMG_5158_v1.jpg 968w\" sizes=\"auto, (max-width: 300px) 100vw, 300px\" \/><\/a><\/p>\n<p>D\u00e9voile en ses atours\u00a0 une manne gourmande.<\/p>\n<p>Soleil de tous les d\u00e9lices<\/p>\n<p>Helichryse\u00a0 qu\u00eate celui du ciel<\/p>\n<p>Ce halo de torpeur<\/p>\n<p>O\u00f9 ondoie ses fragrances<\/p>\n<p>Ce curry enivrant \u00e0 nul autre pareil.<a href=\"https:\/\/martinemrichard.fr\/blog\/wp-content\/uploads\/2015\/06\/IMG_5049_v1.jpg\"><img loading=\"lazy\" decoding=\"async\" class=\"alignright size-medium wp-image-9849\" src=\"https:\/\/martinemrichard.fr\/blog\/wp-content\/uploads\/2015\/06\/IMG_5049_v1-300x225.jpg\" alt=\"IMG_5049_v1\" width=\"300\" height=\"225\" srcset=\"https:\/\/martinemrichard.fr\/blog\/wp-content\/uploads\/2015\/06\/IMG_5049_v1-300x225.jpg 300w, https:\/\/martinemrichard.fr\/blog\/wp-content\/uploads\/2015\/06\/IMG_5049_v1-1024x768.jpg 1024w, https:\/\/martinemrichard.fr\/blog\/wp-content\/uploads\/2015\/06\/IMG_5049_v1.jpg 1195w\" sizes=\"auto, (max-width: 300px) 100vw, 300px\" \/><\/a><\/p>\n<p>Cor\u00e9opsis, muet<\/p>\n<p>Sait lui aussi parler, ne vous d\u00e9plaise<\/p>\n<p>Quelques mots silencieux<\/p>\n<p>Po\u00e9sie olfactive qu&rsquo;\u00e9coutent\u00a0 l&rsquo;abeille\u00a0 sauvage, la gu\u00eape en maraude.<\/p>\n<p>Thomise* conna\u00eet par coeur son dictionnaire de rimes<\/p>\n<p>Maints verbiages sucr\u00e9s\u00a0 o\u00f9 tendre ses filets<a href=\"https:\/\/martinemrichard.fr\/blog\/wp-content\/uploads\/2015\/06\/IMG_4669_v1.jpg\"><img loading=\"lazy\" decoding=\"async\" class=\"alignright size-medium wp-image-9861\" src=\"https:\/\/martinemrichard.fr\/blog\/wp-content\/uploads\/2015\/06\/IMG_4669_v1-225x300.jpg\" alt=\"IMG_4669_v1\" width=\"225\" height=\"300\" srcset=\"https:\/\/martinemrichard.fr\/blog\/wp-content\/uploads\/2015\/06\/IMG_4669_v1-225x300.jpg 225w, https:\/\/martinemrichard.fr\/blog\/wp-content\/uploads\/2015\/06\/IMG_4669_v1-768x1024.jpg 768w, https:\/\/martinemrichard.fr\/blog\/wp-content\/uploads\/2015\/06\/IMG_4669_v1.jpg 1327w\" sizes=\"auto, (max-width: 225px) 100vw, 225px\" \/><\/a>.<\/p>\n<p>Pour un peu d&rsquo;or<\/p>\n<p>Tout le jardin s&#8217;emballe<\/p>\n<p>Danse<\/p>\n<p>Immobile<\/p>\n<p>Son menuet enj\u00f4leur.<\/p>\n<p>.<\/p>\n<p>MMR ( tous droits r\u00e9serv\u00e9s)<\/p>\n<p>* Thomise: nomm\u00e9e \u00e9galement araign\u00e9e crabe en raison de sa pose , pattes avant relev\u00e9es , comme les crabes. Une redoutable\u00a0 reine du mim\u00e9tisme.<\/p>\n<p><span style=\"color: #800080;\"><strong>Cliquez sur les photos pour agrandir svp, merci<\/strong><\/span><\/p>\n","protected":false},"excerpt":{"rendered":"<p>L\u00e0-haut, l\u00e0-haut Les nuages fol\u00e2trent Cavalent le dos rond Jouent \u00e0 saute-moutons S\u00e8ment leur laine aux quatre vents. Imp\u00e9rial Ph\u00e9bus sourit de tout son or Offre sa provende au jardin affam\u00e9. Lumi\u00e8re! Lumi\u00e8re! Chaque fleur r\u00e9clame en se haussant du col Moi! Moi! Non, moi! Allons, allons mesdames! Tout le monde aura sa part! H\u00e9m\u00e9rocalle\u00a0 [&hellip;]<\/p>\n","protected":false},"author":1,"featured_media":0,"comment_status":"open","ping_status":"open","sticky":false,"template":"","format":"standard","meta":{"footnotes":""},"categories":[71],"tags":[21,923,11,59,122,217],"class_list":["post-9847","post","type-post","status-publish","format-standard","hentry","category-jardin-fleur","tag-fleurs","tag-helichryse","tag-jardin","tag-or","tag-soleil","tag-thomise"],"_links":{"self":[{"href":"https:\/\/martinemrichard.fr\/blog\/index.php?rest_route=\/wp\/v2\/posts\/9847","targetHints":{"allow":["GET"]}}],"collection":[{"href":"https:\/\/martinemrichard.fr\/blog\/index.php?rest_route=\/wp\/v2\/posts"}],"about":[{"href":"https:\/\/martinemrichard.fr\/blog\/index.php?rest_route=\/wp\/v2\/types\/post"}],"author":[{"embeddable":true,"href":"https:\/\/martinemrichard.fr\/blog\/index.php?rest_route=\/wp\/v2\/users\/1"}],"replies":[{"embeddable":true,"href":"https:\/\/martinemrichard.fr\/blog\/index.php?rest_route=%2Fwp%2Fv2%2Fcomments&post=9847"}],"version-history":[{"count":13,"href":"https:\/\/martinemrichard.fr\/blog\/index.php?rest_route=\/wp\/v2\/posts\/9847\/revisions"}],"predecessor-version":[{"id":9878,"href":"https:\/\/martinemrichard.fr\/blog\/index.php?rest_route=\/wp\/v2\/posts\/9847\/revisions\/9878"}],"wp:attachment":[{"href":"https:\/\/martinemrichard.fr\/blog\/index.php?rest_route=%2Fwp%2Fv2%2Fmedia&parent=9847"}],"wp:term":[{"taxonomy":"category","embeddable":true,"href":"https:\/\/martinemrichard.fr\/blog\/index.php?rest_route=%2Fwp%2Fv2%2Fcategories&post=9847"},{"taxonomy":"post_tag","embeddable":true,"href":"https:\/\/martinemrichard.fr\/blog\/index.php?rest_route=%2Fwp%2Fv2%2Ftags&post=9847"}],"curies":[{"name":"wp","href":"https:\/\/api.w.org\/{rel}","templated":true}]}}