{"id":9906,"date":"2015-07-04T05:40:10","date_gmt":"2015-07-04T04:40:10","guid":{"rendered":"http:\/\/martinemrichard.fr\/blog\/?p=9906"},"modified":"2015-07-04T05:40:10","modified_gmt":"2015-07-04T04:40:10","slug":"le-mariage-la-ceremonie-est-lancee","status":"publish","type":"post","link":"https:\/\/martinemrichard.fr\/blog\/?p=9906","title":{"rendered":"Le Mariage, la c\u00e9r\u00e9monie est lanc\u00e9e"},"content":{"rendered":"<p>Bonjour! Bonjour!<\/p>\n<p>Je sors de ma pause-blog pour vous annoncer la grande nouvelle. \u00e7a y est! Le nouveau livre des\u00a0 \u00e9ph\u00e9m\u00e8res est n\u00e9!<\/p>\n<p>Apr\u00e8s \u00ab\u00a0<span style=\"color: #800080;\"><strong>L&rsquo;atelier de Mijoty\u00a0\u00bb<\/strong><\/span><\/p>\n<p><span style=\"color: #800080;\"><strong>\u00ab\u00a0La boite \u00e0 r\u00eaves\u00a0\u00bb<\/strong><\/span><\/p>\n<p><span style=\"color: #800080;\"><strong>\u00ab\u00a0La marguerite des possibles\u00a0\u00bb<\/strong><\/span><\/p>\n<p><span style=\"color: #800080;\"><strong>Voici \u00ab\u00a0Le mariage\u00a0\u00bb<\/strong><\/span><\/p>\n<p>Cette fois, 93 auteurs\u00a0 \u00e9crivains, dessinateurs , photographes,\u00a0 ( dont votre servante ici pr\u00e9sente)\u00a0 se sont associ\u00e9s pour la r\u00e9alisation d&rsquo;un livre autour du th\u00e8me du mariage. Une histoire folle, folle , folle! \ud83d\ude42 \u00e0 s&rsquo;offrir et , ou, \u00e0 offrir!<\/p>\n<p>Le but de cette mobilisation? R\u00e9aliser le voeu d&rsquo;un enfant gravement malade. L&rsquo;int\u00e9gralit\u00e9 de l&rsquo;argent de cette vente sera vers\u00e9e \u00e0 la Fondation \u00ab\u00a0R\u00eaves\u00a0\u00bb.<\/p>\n<p>Pour en savoir plus, voir <span style=\"color: #0000ff;\"><strong><a href=\"http:\/\/quichottine.fr\/2015\/06\/le-mariage-un-livre-et-93-auteurs-pour-lassociation-reves.html\">ICI<\/a>, <\/strong><span style=\"color: #000000;\">chez Quichottine<\/span><\/span><\/p>\n<p>Pour suivre l&rsquo;\u00e9volution des ventes, des questions pos\u00e9es autour de tout \u00e7a, voir <a href=\"http:\/\/www.les-anthologies-ephemeres.fr\/\"><span style=\"color: #0000ff;\"><strong>ICI<\/strong><\/span><\/a>, sur le blog des Eph\u00e9m\u00e8res<\/p>\n<p>Pour se rendre diectement chez BookEdition\u00a0 <a href=\"http:\/\/www.thebookedition.com\/divers---les-anthologies-ephemeres-le-mariage-p-127818.html\"><span style=\"color: #0000ff;\"><strong>ICI<\/strong> <\/span><\/a><\/p>\n<p>Qui est <span style=\"color: #800080;\"><strong>R\u00eaves<\/strong>?<\/span> Voir <a href=\"http:\/\/www.reves.fr\/\"><span style=\"color: #0000ff;\"><strong>ICI<\/strong> <\/span><\/a><\/p>\n<p>Qu&rsquo;on se le dise! Qu&rsquo;on se le dise!<\/p>\n<p><img decoding=\"async\" src=\"http:\/\/ekladata.com\/1DlWUrJauBwQQreE4-ebwHw7rSQ.jpg\" alt=\"Oyez oyez les aminautes...\" \/><\/p>\n<p>&nbsp;<\/p>\n","protected":false},"excerpt":{"rendered":"<p>Bonjour! Bonjour! Je sors de ma pause-blog pour vous annoncer la grande nouvelle. \u00e7a y est! Le nouveau livre des\u00a0 \u00e9ph\u00e9m\u00e8res est n\u00e9! Apr\u00e8s \u00ab\u00a0L&rsquo;atelier de Mijoty\u00a0\u00bb \u00ab\u00a0La boite \u00e0 r\u00eaves\u00a0\u00bb \u00ab\u00a0La marguerite des possibles\u00a0\u00bb Voici \u00ab\u00a0Le mariage\u00a0\u00bb Cette fois, 93 auteurs\u00a0 \u00e9crivains, dessinateurs , photographes,\u00a0 ( dont votre servante ici pr\u00e9sente)\u00a0 se sont associ\u00e9s [&hellip;]<\/p>\n","protected":false},"author":1,"featured_media":0,"comment_status":"open","ping_status":"open","sticky":false,"template":"","format":"standard","meta":{"footnotes":""},"categories":[249],"tags":[847,924,925],"class_list":["post-9906","post","type-post","status-publish","format-standard","hentry","category-mijoty","tag-fondation-reves","tag-lanthologie-des-ephemeres","tag-le-mariage"],"_links":{"self":[{"href":"https:\/\/martinemrichard.fr\/blog\/index.php?rest_route=\/wp\/v2\/posts\/9906","targetHints":{"allow":["GET"]}}],"collection":[{"href":"https:\/\/martinemrichard.fr\/blog\/index.php?rest_route=\/wp\/v2\/posts"}],"about":[{"href":"https:\/\/martinemrichard.fr\/blog\/index.php?rest_route=\/wp\/v2\/types\/post"}],"author":[{"embeddable":true,"href":"https:\/\/martinemrichard.fr\/blog\/index.php?rest_route=\/wp\/v2\/users\/1"}],"replies":[{"embeddable":true,"href":"https:\/\/martinemrichard.fr\/blog\/index.php?rest_route=%2Fwp%2Fv2%2Fcomments&post=9906"}],"version-history":[{"count":4,"href":"https:\/\/martinemrichard.fr\/blog\/index.php?rest_route=\/wp\/v2\/posts\/9906\/revisions"}],"predecessor-version":[{"id":9910,"href":"https:\/\/martinemrichard.fr\/blog\/index.php?rest_route=\/wp\/v2\/posts\/9906\/revisions\/9910"}],"wp:attachment":[{"href":"https:\/\/martinemrichard.fr\/blog\/index.php?rest_route=%2Fwp%2Fv2%2Fmedia&parent=9906"}],"wp:term":[{"taxonomy":"category","embeddable":true,"href":"https:\/\/martinemrichard.fr\/blog\/index.php?rest_route=%2Fwp%2Fv2%2Fcategories&post=9906"},{"taxonomy":"post_tag","embeddable":true,"href":"https:\/\/martinemrichard.fr\/blog\/index.php?rest_route=%2Fwp%2Fv2%2Ftags&post=9906"}],"curies":[{"name":"wp","href":"https:\/\/api.w.org\/{rel}","templated":true}]}}